{"id":58022,"date":"2021-02-17T13:41:08","date_gmt":"2021-02-17T16:41:08","guid":{"rendered":"https:\/\/www.simepe.com.br\/novo\/?p=58022"},"modified":"2021-02-17T13:41:08","modified_gmt":"2021-02-17T16:41:08","slug":"idosa-e-vacinada-contra-covid-19-vestindo-fantasia-que-usa-todos-os-anos-no-carnaval-do-recife","status":"publish","type":"post","link":"https:\/\/www.simepe.com.br\/novo\/idosa-e-vacinada-contra-covid-19-vestindo-fantasia-que-usa-todos-os-anos-no-carnaval-do-recife\/","title":{"rendered":"Idosa \u00e9 vacinada contra Covid-19 vestindo fantasia que usa todos os anos no carnaval do Recife"},"content":{"rendered":"<p><em>Professora aposentada, Marieta Koike n\u00e3o deixou a fantasia de lado no ano em que n\u00e3o houve festa nas ruas. &#8216;H\u00e1 muitas maneiras de brincar o carnaval em seguran\u00e7a, mesmo neste ano&#8217;, diz.<\/em><br \/>\nA professora aposentada da Universidade Federal de Pernambuco (UFPE) Marieta Koike, de 82 anos, \u00e9 uma apaixonada pelo carnaval, mas n\u00e3o pode sair pelas ruas neste ano devido \u00e0 pandemia. Sem perder o \u00e2nimo, ela vestiu a fantasia de noiva que usa todos os anos e foi ser vacinada contra Covid-19 na Zona Sul do Recife, na plena ter\u00e7a-feira (16) (veja v\u00eddeo acima).<\/p>\n<p>&#8220;H\u00e1 muitas maneiras de brincar o carnaval em seguran\u00e7a, mesmo neste ano. Foi \u00f3timo colocar a roupa de noiva, preparei durante dias para encontrar o vestido guardado, pegar o sapato prateado, limpar o v\u00e9u, o colar e os brincos&#8221;, contou a professora ao G1, nesta quarta (17).<\/p>\n<p>Marieta Koike desfila no carnaval vestida de noiva h\u00e1 anos, uma tradi\u00e7\u00e3o que nasceu &#8220;meio sem querer&#8221;, segundo a ela. &#8220;Quando me casei, n\u00e3o foi com vestido de noiva tradicional, daqueles grandes com v\u00e9u e grinalda. Acho que talvez seja isso&#8221;, brincou.<\/p>\n<p>Em 1968, quando Marieta casou com o Johei Koike, japon\u00eas nascido em T\u00f3quio, o vestido usado por ela foi mais simples. &#8220;Foi um vestidinho no joelho, como era moda na \u00e9poca. Branco e bem alinhado, n\u00e3o teve buqu\u00ea, nem cauda, mas teve uma festan\u00e7a. Imagine, um casamento no Cear\u00e1 sem comemora\u00e7\u00e3o? Jamais!&#8221;, disse.<\/p>\n<p>Marieta nasceu no litoral do Cear\u00e1, na cidade de Trairi, e mudou para o Recife em 1966, quando terminou o curso de Servi\u00e7o Social na universidade. A oportunidade de trabalho foi o que trouxe a professora \u00e0 capital pernambucana, mas a beleza do carnaval recifense foi o que a conquistou.<\/p>\n<p>&#8220;Eu acho o carnaval do Recife uma das coisas mais belas do mundo. J\u00e1 vi carnaval na Col\u00f4mbia, em Veneza, no Equador, no Rio de Janeiro e em S\u00e3o Paulo\u2026 Mas como o nosso, n\u00e3o existe. \u00c9 um encantamento a mais, \u00e9 diferente. Os blocos, Olinda, o Recife Antigo nos proporcionam momentos m\u00e1gicos&#8221;.<br \/>\nApaixonada pela folia, Marieta n\u00e3o tem apenas um bloco do cora\u00e7\u00e3o, mas v\u00e1rios. J\u00e1 foi muitos anos ao Galo da Madrugada, j\u00e1 brincou no Cariri, em Olinda, n\u00e3o perde uma abertura do carnaval no Recife Antigo e j\u00e1 foi homenageada no tradicional bloco do Par\u00e1-quedista Real.<\/p>\n<p>Todos os anos, na quarta-feira que antecede o carnaval, o bloco ocupa o Largo do Po\u00e7o com uma festa que lembra os antigos bailes. &#8220;Os frequentadores ass\u00edduos do P\u00e1ra-quedista foram homenageados. E eu, com meu vestido de noiva, subi ao palco e cantei com o pessoal&#8221;, recordou.<\/p>\n<p>Marieta contou, com carinho, que a melodia escolhida na ocasi\u00e3o foi o Flabelo das Ilus\u00f5es, do tradicional Bloco da Saudade. Com a dist\u00e2ncia das ruas, o saudosismo permaneceu vivo no ano em que n\u00e3o houve carnaval. &#8220;A saudade \u00e9 grande. Estou cheia de expectativa para 2022&#8221;, declarou.<\/p>\n<p>Enquanto n\u00e3o h\u00e1 carnaval, Marieta aproveitou para ressaltar a import\u00e2ncia da vacina para que todos possam brincar em seguran\u00e7a no pr\u00f3ximo ano.<\/p>\n<p>&#8220;Ontem [ter\u00e7a], eu fui muito grata ao [Instituto] Butantan e aos cientistas. Queria deixar um grande agradecimento e dar o maior incentivo aos cientistas. Temos que reconhecer a dedica\u00e7\u00e3o que esses profissionais t\u00eam e, principalmente, tomar a vacina. Inclusive, no meu bra\u00e7o, a vacina da Covid-19 doeu menos que a vacina da gripe&#8221;, contou.<\/p>\n<p><strong>Vacina\u00e7\u00e3o no estado<\/strong><br \/>\nAt\u00e9 a ter\u00e7a-feira (16), Pernambuco aplicou 272.864 doses da vacina contra a Covid-19, das quais 229.060 foram primeiras doses. Segundo o governo estadual, receberam a primeira dose 129.396 trabalhadores de sa\u00fade; 23.656 ind\u00edgenas aldeados; 5.477 idosos em asilos; 69.806 idosos a partir dos 85 anos, al\u00e9m de 725 pessoas com defici\u00eancia institucionalizadas.<\/p>\n<p>Em rela\u00e7\u00e3o \u00e0 segunda dose, j\u00e1 foram imunizados 28.265 trabalhadores de sa\u00fade; 13.316 povos ind\u00edgenas aldeados; 2.123 idosos institucionalizados e 100 pessoas com defici\u00eancia institucionalizadas; totalizando 43.804 pessoas que j\u00e1 finalizaram o esquema.<\/p>\n<p>O boletim da ter\u00e7a-feira (16) tamb\u00e9m contabilizou 1.582 casos da Covid-19 e 34 \u00f3bitos provocados pela doen\u00e7a. Com isso, o estado passou a totalizar 282.913 infectados pelo novo coronav\u00edrus e 10.711 mortes causadas pela doen\u00e7a.<\/p>\n<p>Fonte: G1<\/p>\n","protected":false},"excerpt":{"rendered":"<p>Professora aposentada, Marieta Koike n\u00e3o deixou a fantasia de lado no ano em que n\u00e3o houve festa nas ruas. &#8216;H\u00e1 muitas maneiras de brincar o carnaval em seguran\u00e7a, mesmo neste ano&#8217;, diz. A professora aposentada da Universidade Federal de Pernambuco (UFPE) Marieta Koike, de 82 anos, \u00e9 uma apaixonada pelo carnaval, mas n\u00e3o pode sair [&hellip;]<\/p>\n","protected":false},"author":1,"featured_media":0,"comment_status":"open","ping_status":"open","sticky":false,"template":"","format":"standard","meta":{"ocean_post_layout":"","ocean_both_sidebars_style":"","ocean_both_sidebars_content_width":0,"ocean_both_sidebars_sidebars_width":0,"ocean_sidebar":"","ocean_second_sidebar":"","ocean_disable_margins":"enable","ocean_add_body_class":"","ocean_shortcode_before_top_bar":"","ocean_shortcode_after_top_bar":"","ocean_shortcode_before_header":"","ocean_shortcode_after_header":"","ocean_has_shortcode":"","ocean_shortcode_after_title":"","ocean_shortcode_before_footer_widgets":"","ocean_shortcode_after_footer_widgets":"","ocean_shortcode_before_footer_bottom":"","ocean_shortcode_after_footer_bottom":"","ocean_display_top_bar":"default","ocean_display_header":"default","ocean_header_style":"","ocean_center_header_left_menu":"","ocean_custom_header_template":"","ocean_custom_logo":0,"ocean_custom_retina_logo":0,"ocean_custom_logo_max_width":0,"ocean_custom_logo_tablet_max_width":0,"ocean_custom_logo_mobile_max_width":0,"ocean_custom_logo_max_height":0,"ocean_custom_logo_tablet_max_height":0,"ocean_custom_logo_mobile_max_height":0,"ocean_header_custom_menu":"","ocean_menu_typo_font_family":"","ocean_menu_typo_font_subset":"","ocean_menu_typo_font_size":0,"ocean_menu_typo_font_size_tablet":0,"ocean_menu_typo_font_size_mobile":0,"ocean_menu_typo_font_size_unit":"px","ocean_menu_typo_font_weight":"","ocean_menu_typo_font_weight_tablet":"","ocean_menu_typo_font_weight_mobile":"","ocean_menu_typo_transform":"","ocean_menu_typo_transform_tablet":"","ocean_menu_typo_transform_mobile":"","ocean_menu_typo_line_height":0,"ocean_menu_typo_line_height_tablet":0,"ocean_menu_typo_line_height_mobile":0,"ocean_menu_typo_line_height_unit":"","ocean_menu_typo_spacing":0,"ocean_menu_typo_spacing_tablet":0,"ocean_menu_typo_spacing_mobile":0,"ocean_menu_typo_spacing_unit":"","ocean_menu_link_color":"","ocean_menu_link_color_hover":"","ocean_menu_link_color_active":"","ocean_menu_link_background":"","ocean_menu_link_hover_background":"","ocean_menu_link_active_background":"","ocean_menu_social_links_bg":"","ocean_menu_social_hover_links_bg":"","ocean_menu_social_links_color":"","ocean_menu_social_hover_links_color":"","ocean_disable_title":"default","ocean_disable_heading":"default","ocean_post_title":"","ocean_post_subheading":"","ocean_post_title_style":"","ocean_post_title_background_color":"","ocean_post_title_background":0,"ocean_post_title_bg_image_position":"","ocean_post_title_bg_image_attachment":"","ocean_post_title_bg_image_repeat":"","ocean_post_title_bg_image_size":"","ocean_post_title_height":0,"ocean_post_title_bg_overlay":0.5,"ocean_post_title_bg_overlay_color":"","ocean_disable_breadcrumbs":"default","ocean_breadcrumbs_color":"","ocean_breadcrumbs_separator_color":"","ocean_breadcrumbs_links_color":"","ocean_breadcrumbs_links_hover_color":"","ocean_display_footer_widgets":"default","ocean_display_footer_bottom":"default","ocean_custom_footer_template":"","ocean_post_oembed":"","ocean_post_self_hosted_media":"","ocean_post_video_embed":"","ocean_link_format":"","ocean_link_format_target":"self","ocean_quote_format":"","ocean_quote_format_link":"post","ocean_gallery_link_images":"on","ocean_gallery_id":[]},"categories":[9],"tags":[1420,1490,82],"acf":[],"_links":{"self":[{"href":"https:\/\/www.simepe.com.br\/novo\/wp-json\/wp\/v2\/posts\/58022"}],"collection":[{"href":"https:\/\/www.simepe.com.br\/novo\/wp-json\/wp\/v2\/posts"}],"about":[{"href":"https:\/\/www.simepe.com.br\/novo\/wp-json\/wp\/v2\/types\/post"}],"author":[{"embeddable":true,"href":"https:\/\/www.simepe.com.br\/novo\/wp-json\/wp\/v2\/users\/1"}],"replies":[{"embeddable":true,"href":"https:\/\/www.simepe.com.br\/novo\/wp-json\/wp\/v2\/comments?post=58022"}],"version-history":[{"count":1,"href":"https:\/\/www.simepe.com.br\/novo\/wp-json\/wp\/v2\/posts\/58022\/revisions"}],"predecessor-version":[{"id":58023,"href":"https:\/\/www.simepe.com.br\/novo\/wp-json\/wp\/v2\/posts\/58022\/revisions\/58023"}],"wp:attachment":[{"href":"https:\/\/www.simepe.com.br\/novo\/wp-json\/wp\/v2\/media?parent=58022"}],"wp:term":[{"taxonomy":"category","embeddable":true,"href":"https:\/\/www.simepe.com.br\/novo\/wp-json\/wp\/v2\/categories?post=58022"},{"taxonomy":"post_tag","embeddable":true,"href":"https:\/\/www.simepe.com.br\/novo\/wp-json\/wp\/v2\/tags?post=58022"}],"curies":[{"name":"wp","href":"https:\/\/api.w.org\/{rel}","templated":true}]}}