{"id":58034,"date":"2021-02-18T14:33:11","date_gmt":"2021-02-18T17:33:11","guid":{"rendered":"https:\/\/www.simepe.com.br\/novo\/?p=58034"},"modified":"2021-02-18T14:33:11","modified_gmt":"2021-02-18T17:33:11","slug":"vacinas-pe-recebera-mais-400-mil-doses","status":"publish","type":"post","link":"https:\/\/www.simepe.com.br\/novo\/vacinas-pe-recebera-mais-400-mil-doses\/","title":{"rendered":"Vacinas: PE receber\u00e1 mais 400 mil doses"},"content":{"rendered":"<p>O governador Paulo C\u00e2mara e o secret\u00e1rio estadual de Sa\u00fade, Andr\u00e9 Longo, participaram, na tarde desta quarta-feira (17.02), de reuni\u00e3o virtual com os demais gestores estaduais do Pa\u00eds e o ministro da Sa\u00fade, Eduardo Pazuello, que sinalizou com a entrega de novas doses de vacina aos Estados na pr\u00f3xima semana. O Minist\u00e9rio da Sa\u00fade dever\u00e1 repassar dois milh\u00f5es de doses da AstraZeneca\/Fiocruz, importadas da \u00cdndia, e 8,2 milh\u00f5es do imunizante CoronaVac\/Butantan, produzidos no Brasil. A expectativa \u00e9 que Pernambuco receba pelo menos mais 400 mil doses \u2013 sendo 320 mil da CoronaVac e 80 mil da Astrazeneca. Segundo afirmou Pazuello, a expectativa \u00e9 de distribuir, entre o final de fevereiro e o m\u00eas de julho, mais de 230,7 milh\u00f5es de doses de vacinas contra a Covid-19 aos Estados.<\/p>\n<p>\u201c\u00c9 importante que as vacinas cheguem o mais breve poss\u00edvel, para que possamos concluir o processo de imuniza\u00e7\u00e3o dos grupos priorit\u00e1rios e avan\u00e7ar para outros grupos e faixas et\u00e1rias. O nosso sistema de sa\u00fade j\u00e1 tem uma log\u00edstica pronta e eficiente, montada para distribuir as vacinas para todas as regi\u00f5es de forma r\u00e1pida, a partir do momento da chegada dos lotes ao Estado\u201d, afirmou Paulo C\u00e2mara. At\u00e9 o momento, Pernambuco recebeu mais de 511 mil doses, sendo 427.560 unidades da vacina da Coronavac\/Butantan, para aplica\u00e7\u00e3o das duas doses, e 84 mil da AstraZeneca\/Oxford\/Fiocruz, apenas para a primeira dose.<\/p>\n<p>O secret\u00e1rio de Sa\u00fade Andr\u00e9 Longo afirmou, durante coletiva de imprensa online ap\u00f3s a reuni\u00e3o com Pazuello, que o comit\u00ea t\u00e9cnico e a Comiss\u00e3o de Intergestores Bipartite (CIB) dever\u00e3o se reunir o mais r\u00e1pido poss\u00edvel para pactuar as quest\u00f5es t\u00e9cnicas e deixar o todo o esquema pronto para iniciar o processo de distribui\u00e7\u00e3o das vacinas assim que a nova remessa chegar ao Estado. \u201cAqui em Pernambuco, temos o compromisso de imunizar com agilidade os grupos priorit\u00e1rios, especialmente os idosos e os trabalhadores de sa\u00fade. Aguardamos esse novo quantitativo para ampliar a vacina\u00e7\u00e3o e proteger os mais vulner\u00e1veis e expostos ao v\u00edrus\u201d, ressaltou.<\/p>\n<p>CEN\u00c1RIO EPIDEMIOL\u00d3GICO \u2013 Na an\u00e1lise de mais uma semana epidemiol\u00f3gica (SE), Andr\u00e9 Longo pontuou que Pernambuco continua em tend\u00eancia de estabilidade, mas com vi\u00e9s de alta e indicadores ainda em patamares elevados. Em rela\u00e7\u00e3o aos dados de s\u00edndrome respirat\u00f3ria aguda grave (SRAG), foram registrados 732 casos na SE 06, o que representa 21 notifica\u00e7\u00f5es a mais que a SE 05, e 37 casos a mais que a SE 04. Nas solicita\u00e7\u00f5es de leitos de UTI, a SES registrou um aumento de 20% nos pedidos entre as semanas 06 e 05. J\u00e1 em rela\u00e7\u00e3o aos leitos de enfermaria, o crescimento no n\u00famero de solicita\u00e7\u00f5es por vagas foi de 14,3% no mesmo per\u00edodo.<\/p>\n<p>BALAN\u00c7O DE CARNAVAL \u2013 Durante a coletiva online desta quarta-feira (17.02), o secret\u00e1rio estadual de Defesa Social, Ant\u00f4nio de P\u00e1dua, informou que a Opera\u00e7\u00e3o de Emerg\u00eancia Sanit\u00e1ria Carnaval 2021, integrada pelas for\u00e7as de seguran\u00e7a em Pernambuco, realizou 5.323 fiscaliza\u00e7\u00f5es desde que foi desencadeada, na \u00faltima sexta-feira (12.02). Por desobedecerem ou resistirem \u00e0s orienta\u00e7\u00f5es de agentes p\u00fablicos, 37 pessoas foram conduzidas para delegacias, tr\u00eas delas na Regi\u00e3o Metropolitana do Recife e as demais, no interior. Bares e restaurantes n\u00e3o abriram no Recife Antigo e S\u00edtio Hist\u00f3rico de Olinda. N\u00e3o houve Carnaval nesses locais nem nas praias. Ao todo, foram empregados 1.983 postos das pol\u00edcias Militar, Civil e Corpo de Bombeiros nas opera\u00e7\u00f5es, al\u00e9m de agentes das guardas municipais. O balan\u00e7o contabilizou a\u00e7\u00f5es at\u00e9 \u00e0s 2h da madrugada de ontem, mas o trabalho permanecer\u00e1 at\u00e9 \u00e0s 2h da madrugada desta quinta-feira (18.02).<\/p>\n<p>\u201cA popula\u00e7\u00e3o levou 421 den\u00fancias ao nosso 190, e verificamos a redu\u00e7\u00e3o das queixas com o passar dos dias do per\u00edodo carnavalesco. Agradecemos por esse apoio e aproveitamos para refor\u00e7ar que a pandemia continua, assim como a presen\u00e7a das autoridades p\u00fablicas, para fazer cumprir os decretos estaduais\u201d, afirmou P\u00e1dua.<\/p>\n<p>Tamb\u00e9m durante a coletiva online, o secret\u00e1rio estadual de Justi\u00e7a e Direitos Humanos, Pedro Eurico, agradeceu a colabora\u00e7\u00e3o da popula\u00e7\u00e3o e refor\u00e7ou a necessidade de as pessoas continuarem com esse comportamento. \u201cAl\u00e9m disso, quem utiliza os centros comerciais, pe\u00e7o que evitem ir at\u00e9 eles, que n\u00e3o v\u00e3o de forma desnecess\u00e1ria. \u00c9 preciso manter um absoluto respeito pelas orienta\u00e7\u00f5es que s\u00e3o dadas pelas autoridades sanit\u00e1rias\u201d, afirmou.<\/p>\n<p>Ainda entre os dias 12 e 17, a Opera\u00e7\u00e3o Emerg\u00eancia Sanit\u00e1ria fiscalizou 161 estabelecimentos em Pernambuco. Na noite do domingo (14.02), a seguran\u00e7a p\u00fablica auxiliou o Procon na interdi\u00e7\u00e3o de uma marina em Barra de Jangada, Jaboat\u00e3o dos Guararapes, que promovia uma festa clandestina, com banda ao vivo, aglomera\u00e7\u00e3o e pessoas circulando sem m\u00e1scara. Tamb\u00e9m no domingo, outra festa clandestina foi encerrada no bairro do Passarinho, Zona Norte do Recife. Ao longo dos seis dias, 2.022 pessoas foram abordadas pelas equipes da seguran\u00e7a p\u00fablica. Na maioria, para que fosse mantido o distanciamento social e o uso da m\u00e1scara.<\/p>\n<p>Fonte: Secretaria Estadual de Sa\u00fade de Pernambuco (SES-PE)<\/p>\n","protected":false},"excerpt":{"rendered":"<p>O governador Paulo C\u00e2mara e o secret\u00e1rio estadual de Sa\u00fade, Andr\u00e9 Longo, participaram, na tarde desta quarta-feira (17.02), de reuni\u00e3o virtual com os demais gestores estaduais do Pa\u00eds e o ministro da Sa\u00fade, Eduardo Pazuello, que sinalizou com a entrega de novas doses de vacina aos Estados na pr\u00f3xima semana. O Minist\u00e9rio da Sa\u00fade dever\u00e1 [&hellip;]<\/p>\n","protected":false},"author":1,"featured_media":0,"comment_status":"open","ping_status":"open","sticky":false,"template":"","format":"standard","meta":{"ocean_post_layout":"","ocean_both_sidebars_style":"","ocean_both_sidebars_content_width":0,"ocean_both_sidebars_sidebars_width":0,"ocean_sidebar":"","ocean_second_sidebar":"","ocean_disable_margins":"enable","ocean_add_body_class":"","ocean_shortcode_before_top_bar":"","ocean_shortcode_after_top_bar":"","ocean_shortcode_before_header":"","ocean_shortcode_after_header":"","ocean_has_shortcode":"","ocean_shortcode_after_title":"","ocean_shortcode_before_footer_widgets":"","ocean_shortcode_after_footer_widgets":"","ocean_shortcode_before_footer_bottom":"","ocean_shortcode_after_footer_bottom":"","ocean_display_top_bar":"default","ocean_display_header":"default","ocean_header_style":"","ocean_center_header_left_menu":"","ocean_custom_header_template":"","ocean_custom_logo":0,"ocean_custom_retina_logo":0,"ocean_custom_logo_max_width":0,"ocean_custom_logo_tablet_max_width":0,"ocean_custom_logo_mobile_max_width":0,"ocean_custom_logo_max_height":0,"ocean_custom_logo_tablet_max_height":0,"ocean_custom_logo_mobile_max_height":0,"ocean_header_custom_menu":"","ocean_menu_typo_font_family":"","ocean_menu_typo_font_subset":"","ocean_menu_typo_font_size":0,"ocean_menu_typo_font_size_tablet":0,"ocean_menu_typo_font_size_mobile":0,"ocean_menu_typo_font_size_unit":"px","ocean_menu_typo_font_weight":"","ocean_menu_typo_font_weight_tablet":"","ocean_menu_typo_font_weight_mobile":"","ocean_menu_typo_transform":"","ocean_menu_typo_transform_tablet":"","ocean_menu_typo_transform_mobile":"","ocean_menu_typo_line_height":0,"ocean_menu_typo_line_height_tablet":0,"ocean_menu_typo_line_height_mobile":0,"ocean_menu_typo_line_height_unit":"","ocean_menu_typo_spacing":0,"ocean_menu_typo_spacing_tablet":0,"ocean_menu_typo_spacing_mobile":0,"ocean_menu_typo_spacing_unit":"","ocean_menu_link_color":"","ocean_menu_link_color_hover":"","ocean_menu_link_color_active":"","ocean_menu_link_background":"","ocean_menu_link_hover_background":"","ocean_menu_link_active_background":"","ocean_menu_social_links_bg":"","ocean_menu_social_hover_links_bg":"","ocean_menu_social_links_color":"","ocean_menu_social_hover_links_color":"","ocean_disable_title":"default","ocean_disable_heading":"default","ocean_post_title":"","ocean_post_subheading":"","ocean_post_title_style":"","ocean_post_title_background_color":"","ocean_post_title_background":0,"ocean_post_title_bg_image_position":"","ocean_post_title_bg_image_attachment":"","ocean_post_title_bg_image_repeat":"","ocean_post_title_bg_image_size":"","ocean_post_title_height":0,"ocean_post_title_bg_overlay":0.5,"ocean_post_title_bg_overlay_color":"","ocean_disable_breadcrumbs":"default","ocean_breadcrumbs_color":"","ocean_breadcrumbs_separator_color":"","ocean_breadcrumbs_links_color":"","ocean_breadcrumbs_links_hover_color":"","ocean_display_footer_widgets":"default","ocean_display_footer_bottom":"default","ocean_custom_footer_template":"","ocean_post_oembed":"","ocean_post_self_hosted_media":"","ocean_post_video_embed":"","ocean_link_format":"","ocean_link_format_target":"self","ocean_quote_format":"","ocean_quote_format_link":"post","ocean_gallery_link_images":"on","ocean_gallery_id":[]},"categories":[9],"tags":[1420,1490,82],"acf":[],"_links":{"self":[{"href":"https:\/\/www.simepe.com.br\/novo\/wp-json\/wp\/v2\/posts\/58034"}],"collection":[{"href":"https:\/\/www.simepe.com.br\/novo\/wp-json\/wp\/v2\/posts"}],"about":[{"href":"https:\/\/www.simepe.com.br\/novo\/wp-json\/wp\/v2\/types\/post"}],"author":[{"embeddable":true,"href":"https:\/\/www.simepe.com.br\/novo\/wp-json\/wp\/v2\/users\/1"}],"replies":[{"embeddable":true,"href":"https:\/\/www.simepe.com.br\/novo\/wp-json\/wp\/v2\/comments?post=58034"}],"version-history":[{"count":1,"href":"https:\/\/www.simepe.com.br\/novo\/wp-json\/wp\/v2\/posts\/58034\/revisions"}],"predecessor-version":[{"id":58036,"href":"https:\/\/www.simepe.com.br\/novo\/wp-json\/wp\/v2\/posts\/58034\/revisions\/58036"}],"wp:attachment":[{"href":"https:\/\/www.simepe.com.br\/novo\/wp-json\/wp\/v2\/media?parent=58034"}],"wp:term":[{"taxonomy":"category","embeddable":true,"href":"https:\/\/www.simepe.com.br\/novo\/wp-json\/wp\/v2\/categories?post=58034"},{"taxonomy":"post_tag","embeddable":true,"href":"https:\/\/www.simepe.com.br\/novo\/wp-json\/wp\/v2\/tags?post=58034"}],"curies":[{"name":"wp","href":"https:\/\/api.w.org\/{rel}","templated":true}]}}