{"id":58048,"date":"2021-02-18T14:55:36","date_gmt":"2021-02-18T17:55:36","guid":{"rendered":"https:\/\/www.simepe.com.br\/novo\/?p=58048"},"modified":"2021-02-18T14:55:36","modified_gmt":"2021-02-18T17:55:36","slug":"pernambuco-completa-um-mes-de-vacinacao-contra-covid-19-com-mais-de-286-mil-doses-aplicadas","status":"publish","type":"post","link":"https:\/\/www.simepe.com.br\/novo\/pernambuco-completa-um-mes-de-vacinacao-contra-covid-19-com-mais-de-286-mil-doses-aplicadas\/","title":{"rendered":"Pernambuco completa um m\u00eas de vacina\u00e7\u00e3o contra Covid-19 com mais de 286 mil doses aplicadas"},"content":{"rendered":"<p>Pernambuco completa, nesta quinta-feira (18), um m\u00eas de campanha de vacina\u00e7\u00e3o contra a Covid-19. Desde a noite de 18 de janeiro, quando a t\u00e9cnica de enfermagem Perp\u00e9tua do Socorro Barbosa dos Santos se tornou a primeira pernambucana vacinada no Estado, j\u00e1 foram aplicadas 286.386 doses &#8211; sendo 52.376 pessoas com o esquema vacinal completo, aquelas que tomaram a segunda dose.<\/p>\n<p>O n\u00famero representa cerca de 56% das doses j\u00e1 recebidas pelo Estado a partir do repasse do Minist\u00e9rio da Sa\u00fade. Durante a campanha, chegaram 427.560 doses da CoronaVac, vacina da parceria Sinovac\/Butantan, e outras 84 mil doses do imunizante de Oxford\/AstraZeneca. Em todo o Brasil, j\u00e1 foram aplicadas mais de 5,9 milh\u00f5es de doses &#8211; das quais, mais de 620 mil s\u00e3o de segunda dose.<\/p>\n<p>Na pr\u00f3xima semana, segundo a Secretaria Estadual de Sa\u00fade (SES-PE), devem chegar a Pernambuco cerca de 400 mil doses das duas vacinas j\u00e1 aprovadas e em uso no Brasil. \u00c9 o que foi sinalizado pelo ministro da Sa\u00fade, Eduardo Pazuello.<\/p>\n<p>\u201c\u00c9 importante que as vacinas cheguem o mais breve poss\u00edvel, para que possamos concluir o processo de imuniza\u00e7\u00e3o dos grupos priorit\u00e1rios e avan\u00e7ar para outros grupos e faixas et\u00e1rias. O nosso sistema de sa\u00fade j\u00e1 tem uma log\u00edstica pronta e eficiente, montada para distribuir as vacinas para todas as regi\u00f5es de forma r\u00e1pida, a partir do momento da chegada dos lotes ao Estado\u201d, afirmou o governador Paulo C\u00e2mara.<\/p>\n<p>A expectativa de Pazuello \u00e9 de distribuir mais de 230,7 milh\u00f5es de doses de vacina contra a Covid-19 at\u00e9 julho.<\/p>\n<p>Para a sanitarista e pesquisadora da Funda\u00e7\u00e3o Oswaldo Cruz em Pernambuco (Fiocruz\/PE) Tereza Lyra, o Pa\u00eds, como um todo, n\u00e3o investiu nas vacinas e a campanha de imuniza\u00e7\u00e3o n\u00e3o foi conduzida da melhor forma poss\u00edvel.<\/p>\n<p>&#8220;Quando chegaram as vacinas e estava eclodindo o caso de Manaus, o que devia ter sido feito \u00e9 um bloqueio l\u00e1 para evitar a circula\u00e7\u00e3o da nova cepa. Estamos numa escassez. Foi correto definir grupos priorit\u00e1rios&#8221;, pontuou.<\/p>\n<p>Tereza ressalta as quest\u00f5es burocr\u00e1ticas para o recebimento das doses. Segundo ela, idosos que vivem na periferia, por exemplo, deixaram de ser vacinados por causa do acesso aos sistemas de cadastro.<\/p>\n<p>&#8220;N\u00e3o podemos burocratizar um direito numa situa\u00e7\u00e3o de crise t\u00e3o grande. A vacina deveria estar sendo aplicada como sempre foi: nos postos, com equipes de sa\u00fade da fam\u00edlia&#8221;, acrescentou.<\/p>\n<p>Por fim, a pesquisadora defende que outras estrat\u00e9gias poderiam ter sido definidas, como a prioridade a partir do cen\u00e1rio epidemiol\u00f3gico das regi\u00f5es e n\u00e3o apenas idade ou profiss\u00e3o.<\/p>\n<p>&#8220;Se onde tenho mais casos, vacino mais pessoas, diminuo a circula\u00e7\u00e3o do v\u00edrus, casos graves e de mortes. Se a vacina evita casos graves e mortes, eu deixo de sufocar o sistema de sa\u00fade e as pessoas deixam de morrer. \u00c9 isso que a gente espera de uma campanha de vacina\u00e7\u00e3o bem feita&#8221;, concluiu Tereza.<\/p>\n<p>O m\u00e9dico infectologista Gabriel Serrano afirma que a campanha no Estado est\u00e1 num ritmo bom para aquilo que recebe do Governo Federal.<\/p>\n<p>&#8220;Temos vacina, mas n\u00e3o temos vacina\u00e7\u00e3o. N\u00e3o temos um protocolo bem estabelecido. Vem faltando planejamento. O SUS \u00e9 tripartite, tem a fun\u00e7\u00e3o do Estado, do munic\u00edpio e da Uni\u00e3o. A quest\u00e3o das vacinas \u00e9 do Governo Federal&#8221;, disse.<\/p>\n<p>Gabriel acrescenta que a principal cr\u00edtica de como a campanha de vacina\u00e7\u00e3o vem sendo conduzida \u00e9 em rela\u00e7\u00e3o \u00e0 distribui\u00e7\u00e3o das doses.<\/p>\n<p>&#8220;Recebemos vacina e a gente sabia que ia receber h\u00e1 meses. Para mim, devia ter havido um cadastro e uma melhor especifica\u00e7\u00e3o de quem tomaria em qual momento. Tivemos que fazer subestratifica\u00e7\u00f5es&#8221;, completou o infectologista.<\/p>\n<p>Para a vacina\u00e7\u00e3o come\u00e7ar a ter impacto na transmiss\u00e3o do v\u00edrus dentro do Estado, \u00e9 preciso aumentar o n\u00famero de pessoas imunizadas. &#8220;Temos pouca gente com anticorpos sem ter sido infectada. Quanto mais se demora, mais v\u00edrus circula&#8221;, finalizou Gabriel Serrano.<\/p>\n<p><strong>Vacin\u00f4metro<\/strong><br \/>\nNeste primeiro m\u00eas, Pernambuco vacinou trabalhadores de Sa\u00fade, povos ind\u00edgenas aldeados, idosos institucionalizados, idosos a partir de 85 anos e pessoas com defici\u00eancia institucionalizadas. Veja as doses j\u00e1 distribu\u00eddas:<\/p>\n<p><strong>Trabalhadores de Sa\u00fade<\/strong><br \/>\n<strong>1\u00aa dose:<\/strong>\u00a0132.610<br \/>\n<strong>2\u00aa dose:\u00a0<\/strong>32.754<br \/>\n<strong>Total:\u00a0<\/strong>165.364<\/p>\n<p><strong>Povos ind\u00edgenas aldeados<\/strong><br \/>\n<strong>1\u00aa dose:<\/strong>\u00a023.739<br \/>\n<strong>2\u00aa dose:<\/strong>\u00a017.082<br \/>\n<strong>Total:<\/strong>\u00a040.821<\/p>\n<p><strong>Idosos institucionalizados<br \/>\n1\u00aa dose:\u00a0<\/strong>5.477<br \/>\n<strong>2\u00aa dose:\u00a0<\/strong>2.436<br \/>\n<strong>Total:<\/strong>\u00a07.913<\/p>\n<p><strong>Idosos a partir de 85 anos<br \/>\n1\u00aa dose:<\/strong>\u00a071.458<br \/>\n<strong>2\u00aa dose:<\/strong>\u00a0<strong>&#8211;<\/strong><br \/>\n<strong>Total:\u00a0<\/strong>71.458<\/p>\n<p><strong>Pessoas com defici\u00eancia institucionalizadas<br \/>\n1\u00aa dose:\u00a0<\/strong>726<br \/>\n<strong>2\u00aa dose:\u00a0<\/strong>104<br \/>\n<strong>Total:\u00a0<\/strong>830<\/p>\n<p><strong>Doses aplicadas no Estado<\/strong><br \/>\n<strong>1\u00aa dose:\u00a0<\/strong>234.010<br \/>\n<strong>2\u00aa dose:\u00a0<\/strong>52.376<br \/>\n<strong>Total:\u00a0<\/strong>286.386<\/p>\n<p><strong>N\u00fameros da pandemia no Estado<\/strong><br \/>\nDe acordo com o \u00faltimo balan\u00e7o de Covid-19 da Secretaria Estadual de Sa\u00fade (SES-PE), divulgado na quarta-feira (17), Pernambuco acumula 284.840 casos confirmados, sendo 1.927 registrados na atualiza\u00e7\u00e3o. O Estado contabiliza ainda 10.744 mortes, das quais 33 notificadas no boletim.<\/p>\n<p>O Estado tem tend\u00eancia de estabilidade da doen\u00e7a, mas com vi\u00e9s de alta e patamares elevados. Na semana epidemiol\u00f3gica 06, foram registrados 732 casos de S\u00edndrome Respirat\u00f3ria Aguda Grave (Srag), total que representa 21 notifica\u00e7\u00f5es a mais do que na semana 05, quando foram contabilizados 711 casos.<\/p>\n<p>Nas solicita\u00e7\u00f5es de leitos de UTI, a SES-PE registrou um aumento de 20% nos pedidos entre as semanas 06 e 05. J\u00e1 em rela\u00e7\u00e3o aos leitos de enfermaria, o crescimento no n\u00famero de solicita\u00e7\u00f5es por vagas foi de 14,3% no mesmo per\u00edodo.<\/p>\n<p>Fonte: Folha de Pernambuco<\/p>\n<p>&nbsp;<\/p>\n","protected":false},"excerpt":{"rendered":"<p>Pernambuco completa, nesta quinta-feira (18), um m\u00eas de campanha de vacina\u00e7\u00e3o contra a Covid-19. Desde a noite de 18 de janeiro, quando a t\u00e9cnica de enfermagem Perp\u00e9tua do Socorro Barbosa dos Santos se tornou a primeira pernambucana vacinada no Estado, j\u00e1 foram aplicadas 286.386 doses &#8211; sendo 52.376 pessoas com o esquema vacinal completo, aquelas [&hellip;]<\/p>\n","protected":false},"author":1,"featured_media":0,"comment_status":"open","ping_status":"open","sticky":false,"template":"","format":"standard","meta":{"ocean_post_layout":"","ocean_both_sidebars_style":"","ocean_both_sidebars_content_width":0,"ocean_both_sidebars_sidebars_width":0,"ocean_sidebar":"","ocean_second_sidebar":"","ocean_disable_margins":"enable","ocean_add_body_class":"","ocean_shortcode_before_top_bar":"","ocean_shortcode_after_top_bar":"","ocean_shortcode_before_header":"","ocean_shortcode_after_header":"","ocean_has_shortcode":"","ocean_shortcode_after_title":"","ocean_shortcode_before_footer_widgets":"","ocean_shortcode_after_footer_widgets":"","ocean_shortcode_before_footer_bottom":"","ocean_shortcode_after_footer_bottom":"","ocean_display_top_bar":"default","ocean_display_header":"default","ocean_header_style":"","ocean_center_header_left_menu":"","ocean_custom_header_template":"","ocean_custom_logo":0,"ocean_custom_retina_logo":0,"ocean_custom_logo_max_width":0,"ocean_custom_logo_tablet_max_width":0,"ocean_custom_logo_mobile_max_width":0,"ocean_custom_logo_max_height":0,"ocean_custom_logo_tablet_max_height":0,"ocean_custom_logo_mobile_max_height":0,"ocean_header_custom_menu":"","ocean_menu_typo_font_family":"","ocean_menu_typo_font_subset":"","ocean_menu_typo_font_size":0,"ocean_menu_typo_font_size_tablet":0,"ocean_menu_typo_font_size_mobile":0,"ocean_menu_typo_font_size_unit":"px","ocean_menu_typo_font_weight":"","ocean_menu_typo_font_weight_tablet":"","ocean_menu_typo_font_weight_mobile":"","ocean_menu_typo_transform":"","ocean_menu_typo_transform_tablet":"","ocean_menu_typo_transform_mobile":"","ocean_menu_typo_line_height":0,"ocean_menu_typo_line_height_tablet":0,"ocean_menu_typo_line_height_mobile":0,"ocean_menu_typo_line_height_unit":"","ocean_menu_typo_spacing":0,"ocean_menu_typo_spacing_tablet":0,"ocean_menu_typo_spacing_mobile":0,"ocean_menu_typo_spacing_unit":"","ocean_menu_link_color":"","ocean_menu_link_color_hover":"","ocean_menu_link_color_active":"","ocean_menu_link_background":"","ocean_menu_link_hover_background":"","ocean_menu_link_active_background":"","ocean_menu_social_links_bg":"","ocean_menu_social_hover_links_bg":"","ocean_menu_social_links_color":"","ocean_menu_social_hover_links_color":"","ocean_disable_title":"default","ocean_disable_heading":"default","ocean_post_title":"","ocean_post_subheading":"","ocean_post_title_style":"","ocean_post_title_background_color":"","ocean_post_title_background":0,"ocean_post_title_bg_image_position":"","ocean_post_title_bg_image_attachment":"","ocean_post_title_bg_image_repeat":"","ocean_post_title_bg_image_size":"","ocean_post_title_height":0,"ocean_post_title_bg_overlay":0.5,"ocean_post_title_bg_overlay_color":"","ocean_disable_breadcrumbs":"default","ocean_breadcrumbs_color":"","ocean_breadcrumbs_separator_color":"","ocean_breadcrumbs_links_color":"","ocean_breadcrumbs_links_hover_color":"","ocean_display_footer_widgets":"default","ocean_display_footer_bottom":"default","ocean_custom_footer_template":"","ocean_post_oembed":"","ocean_post_self_hosted_media":"","ocean_post_video_embed":"","ocean_link_format":"","ocean_link_format_target":"self","ocean_quote_format":"","ocean_quote_format_link":"post","ocean_gallery_link_images":"on","ocean_gallery_id":[]},"categories":[9],"tags":[1420,1490,82],"acf":[],"_links":{"self":[{"href":"https:\/\/www.simepe.com.br\/novo\/wp-json\/wp\/v2\/posts\/58048"}],"collection":[{"href":"https:\/\/www.simepe.com.br\/novo\/wp-json\/wp\/v2\/posts"}],"about":[{"href":"https:\/\/www.simepe.com.br\/novo\/wp-json\/wp\/v2\/types\/post"}],"author":[{"embeddable":true,"href":"https:\/\/www.simepe.com.br\/novo\/wp-json\/wp\/v2\/users\/1"}],"replies":[{"embeddable":true,"href":"https:\/\/www.simepe.com.br\/novo\/wp-json\/wp\/v2\/comments?post=58048"}],"version-history":[{"count":1,"href":"https:\/\/www.simepe.com.br\/novo\/wp-json\/wp\/v2\/posts\/58048\/revisions"}],"predecessor-version":[{"id":58049,"href":"https:\/\/www.simepe.com.br\/novo\/wp-json\/wp\/v2\/posts\/58048\/revisions\/58049"}],"wp:attachment":[{"href":"https:\/\/www.simepe.com.br\/novo\/wp-json\/wp\/v2\/media?parent=58048"}],"wp:term":[{"taxonomy":"category","embeddable":true,"href":"https:\/\/www.simepe.com.br\/novo\/wp-json\/wp\/v2\/categories?post=58048"},{"taxonomy":"post_tag","embeddable":true,"href":"https:\/\/www.simepe.com.br\/novo\/wp-json\/wp\/v2\/tags?post=58048"}],"curies":[{"name":"wp","href":"https:\/\/api.w.org\/{rel}","templated":true}]}}