{"id":58053,"date":"2021-02-18T14:58:21","date_gmt":"2021-02-18T17:58:21","guid":{"rendered":"https:\/\/www.simepe.com.br\/novo\/?p=58053"},"modified":"2021-02-18T14:58:21","modified_gmt":"2021-02-18T17:58:21","slug":"presenca-do-virus-e-preocupante-em-todas-as-regioes-de-pernambuco-diz-secretario-da-saude","status":"publish","type":"post","link":"https:\/\/www.simepe.com.br\/novo\/presenca-do-virus-e-preocupante-em-todas-as-regioes-de-pernambuco-diz-secretario-da-saude\/","title":{"rendered":"Presen\u00e7a do v\u00edrus \u00e9 preocupante em todas as regi\u00f5es de Pernambuco, diz secret\u00e1rio da Sa\u00fade"},"content":{"rendered":"<p><em>Indicadores se mant\u00eam em patamares elevados desde o final de 2020.<\/em><\/p>\n<p>Em entrevista coletiva de imprensa concedida de forma remota\u00a0na tarde desta quarta-feira (17), o secret\u00e1rio de Sa\u00fade de Pernambuco, Andr\u00e9 Longo, deixou claro que o cen\u00e1rio epidemiol\u00f3gico do Estado continua inspirando cuidados.<\/p>\n<p>A semana epidemiol\u00f3gica 6 de 2021, encerrada no \u00faltimo s\u00e1bado (13), apresentou eleva\u00e7\u00e3o nos indicadores de avalia\u00e7\u00e3o em quase todas as macrorregi\u00f5es do Estado, com exce\u00e7\u00e3o da quarta macro, que engloba o Vale do S\u00e3o Francisco e o Araripe.<\/p>\n<p>Em Pernambuco, os n\u00fameros indicam que h\u00e1 uma tend\u00eancia de estabilidade, por\u00e9m em patamares elevados, com pequenas oscila\u00e7\u00f5es entre as semanas.<\/p>\n<p>Em rela\u00e7\u00e3o aos dados de S\u00edndrome Respirat\u00f3ria Aguda Grave (SRAG), foram registrados 732 casos na semana epidemiol\u00f3gica (SE) 6, o que representa 21 notifica\u00e7\u00f5es a mais que a SE 5 e 37 casos a mais que a SE 4.<\/p>\n<p>Nas solicita\u00e7\u00f5es de leitos de UTI, a Secretaria Estadual de Sa\u00fade de Pernambuco (SES-PE)\u00a0registrou aumento de 20% nos pedidos entre as semanas 6 e 5. Com rela\u00e7\u00e3o aos leitos de enfermaria, o crescimento nas solicita\u00e7\u00f5es por vagas foi de 14,3% no mesmo per\u00edodo.<\/p>\n<p><strong>Por regi\u00f5es<\/strong><br \/>\nA primeira macrorregi\u00e3o de Sa\u00fade, que engloba a Regi\u00e3o Metropolitana do Recife e alguns munic\u00edpios das zonas da Mata Norte e Sul, teve crescimento de 5% nos casos de SRAG em uma semana e de 6,8% em 15 dias. Foram registradas 41 solicita\u00e7\u00f5es a mais de leitos de UTI na regi\u00e3o.<\/p>\n<p>J\u00e1 na segunda macrorregi\u00e3o\u00a0que compreende o Agreste, os casos de SRAG tiveram aumento de 7,2% em uma semana e queda de 8% em 15 dias. As solicita\u00e7\u00f5es de leitos de UTI na regi\u00e3o, por\u00e9m, saltaram de 51 pedidos na SE 5\u00a0para 86 na SE 6.<\/p>\n<p>A terceira macrorregi\u00e3o de Sa\u00fade, que abriga os munic\u00edpios de Arcoverde, Serra Talhada e Afogados da Ingazeira, chama aten\u00e7\u00e3o com um aumento na ordem de 7% nos casos de SRAG em sete dias e de 53,8% em duas semanas. Nas solicita\u00e7\u00f5es de leitos de terapia intensiva, foram 13 pedidos a mais na regi\u00e3o.<\/p>\n<p>A quarta macrorregi\u00e3o, por sua vez, apresentou redu\u00e7\u00e3o nas ocorr\u00eancias de SRAG, sendo de 16% em uma semana e de 12% em 15 dias. Tamb\u00e9m houve diminui\u00e7\u00e3o nas solicita\u00e7\u00f5es de leitos de UTI (sete solicita\u00e7\u00f5es a menos).<\/p>\n<p>&#8220;Estes indicadores comprovam que temos a presen\u00e7a do v\u00edrus de forma preocupante em todas as regi\u00f5es de Pernambuco. Por isso, precisamos dos esfor\u00e7os de toda a sociedade e dos gestores municipais, sejam da Regi\u00e3o Metropolitana do Recife ou do Interior do Estado, no enfrentamento da pandemia&#8221;, enfatizou o secret\u00e1rio estadual de Sa\u00fade.<\/p>\n<p>Fonte: Folha de Pernambuco<\/p>\n","protected":false},"excerpt":{"rendered":"<p>Indicadores se mant\u00eam em patamares elevados desde o final de 2020. Em entrevista coletiva de imprensa concedida de forma remota\u00a0na tarde desta quarta-feira (17), o secret\u00e1rio de Sa\u00fade de Pernambuco, Andr\u00e9 Longo, deixou claro que o cen\u00e1rio epidemiol\u00f3gico do Estado continua inspirando cuidados. A semana epidemiol\u00f3gica 6 de 2021, encerrada no \u00faltimo s\u00e1bado (13), apresentou [&hellip;]<\/p>\n","protected":false},"author":1,"featured_media":0,"comment_status":"open","ping_status":"open","sticky":false,"template":"","format":"standard","meta":{"ocean_post_layout":"","ocean_both_sidebars_style":"","ocean_both_sidebars_content_width":0,"ocean_both_sidebars_sidebars_width":0,"ocean_sidebar":"","ocean_second_sidebar":"","ocean_disable_margins":"enable","ocean_add_body_class":"","ocean_shortcode_before_top_bar":"","ocean_shortcode_after_top_bar":"","ocean_shortcode_before_header":"","ocean_shortcode_after_header":"","ocean_has_shortcode":"","ocean_shortcode_after_title":"","ocean_shortcode_before_footer_widgets":"","ocean_shortcode_after_footer_widgets":"","ocean_shortcode_before_footer_bottom":"","ocean_shortcode_after_footer_bottom":"","ocean_display_top_bar":"default","ocean_display_header":"default","ocean_header_style":"","ocean_center_header_left_menu":"","ocean_custom_header_template":"","ocean_custom_logo":0,"ocean_custom_retina_logo":0,"ocean_custom_logo_max_width":0,"ocean_custom_logo_tablet_max_width":0,"ocean_custom_logo_mobile_max_width":0,"ocean_custom_logo_max_height":0,"ocean_custom_logo_tablet_max_height":0,"ocean_custom_logo_mobile_max_height":0,"ocean_header_custom_menu":"","ocean_menu_typo_font_family":"","ocean_menu_typo_font_subset":"","ocean_menu_typo_font_size":0,"ocean_menu_typo_font_size_tablet":0,"ocean_menu_typo_font_size_mobile":0,"ocean_menu_typo_font_size_unit":"px","ocean_menu_typo_font_weight":"","ocean_menu_typo_font_weight_tablet":"","ocean_menu_typo_font_weight_mobile":"","ocean_menu_typo_transform":"","ocean_menu_typo_transform_tablet":"","ocean_menu_typo_transform_mobile":"","ocean_menu_typo_line_height":0,"ocean_menu_typo_line_height_tablet":0,"ocean_menu_typo_line_height_mobile":0,"ocean_menu_typo_line_height_unit":"","ocean_menu_typo_spacing":0,"ocean_menu_typo_spacing_tablet":0,"ocean_menu_typo_spacing_mobile":0,"ocean_menu_typo_spacing_unit":"","ocean_menu_link_color":"","ocean_menu_link_color_hover":"","ocean_menu_link_color_active":"","ocean_menu_link_background":"","ocean_menu_link_hover_background":"","ocean_menu_link_active_background":"","ocean_menu_social_links_bg":"","ocean_menu_social_hover_links_bg":"","ocean_menu_social_links_color":"","ocean_menu_social_hover_links_color":"","ocean_disable_title":"default","ocean_disable_heading":"default","ocean_post_title":"","ocean_post_subheading":"","ocean_post_title_style":"","ocean_post_title_background_color":"","ocean_post_title_background":0,"ocean_post_title_bg_image_position":"","ocean_post_title_bg_image_attachment":"","ocean_post_title_bg_image_repeat":"","ocean_post_title_bg_image_size":"","ocean_post_title_height":0,"ocean_post_title_bg_overlay":0.5,"ocean_post_title_bg_overlay_color":"","ocean_disable_breadcrumbs":"default","ocean_breadcrumbs_color":"","ocean_breadcrumbs_separator_color":"","ocean_breadcrumbs_links_color":"","ocean_breadcrumbs_links_hover_color":"","ocean_display_footer_widgets":"default","ocean_display_footer_bottom":"default","ocean_custom_footer_template":"","ocean_post_oembed":"","ocean_post_self_hosted_media":"","ocean_post_video_embed":"","ocean_link_format":"","ocean_link_format_target":"self","ocean_quote_format":"","ocean_quote_format_link":"post","ocean_gallery_link_images":"on","ocean_gallery_id":[]},"categories":[9],"tags":[1420,1490,82],"acf":[],"_links":{"self":[{"href":"https:\/\/www.simepe.com.br\/novo\/wp-json\/wp\/v2\/posts\/58053"}],"collection":[{"href":"https:\/\/www.simepe.com.br\/novo\/wp-json\/wp\/v2\/posts"}],"about":[{"href":"https:\/\/www.simepe.com.br\/novo\/wp-json\/wp\/v2\/types\/post"}],"author":[{"embeddable":true,"href":"https:\/\/www.simepe.com.br\/novo\/wp-json\/wp\/v2\/users\/1"}],"replies":[{"embeddable":true,"href":"https:\/\/www.simepe.com.br\/novo\/wp-json\/wp\/v2\/comments?post=58053"}],"version-history":[{"count":1,"href":"https:\/\/www.simepe.com.br\/novo\/wp-json\/wp\/v2\/posts\/58053\/revisions"}],"predecessor-version":[{"id":58054,"href":"https:\/\/www.simepe.com.br\/novo\/wp-json\/wp\/v2\/posts\/58053\/revisions\/58054"}],"wp:attachment":[{"href":"https:\/\/www.simepe.com.br\/novo\/wp-json\/wp\/v2\/media?parent=58053"}],"wp:term":[{"taxonomy":"category","embeddable":true,"href":"https:\/\/www.simepe.com.br\/novo\/wp-json\/wp\/v2\/categories?post=58053"},{"taxonomy":"post_tag","embeddable":true,"href":"https:\/\/www.simepe.com.br\/novo\/wp-json\/wp\/v2\/tags?post=58053"}],"curies":[{"name":"wp","href":"https:\/\/api.w.org\/{rel}","templated":true}]}}