{"id":58067,"date":"2021-02-18T15:41:43","date_gmt":"2021-02-18T18:41:43","guid":{"rendered":"https:\/\/www.simepe.com.br\/novo\/?p=58067"},"modified":"2021-02-18T15:41:43","modified_gmt":"2021-02-18T18:41:43","slug":"vacinas-contra-a-covid-19-ja-acabaram-em-cinco-capitais-2","status":"publish","type":"post","link":"https:\/\/www.simepe.com.br\/novo\/vacinas-contra-a-covid-19-ja-acabaram-em-cinco-capitais-2\/","title":{"rendered":"Vacinas contra a Covid-19 j\u00e1 acabaram em cinco capitais"},"content":{"rendered":"<p><em>Os estoques devem terminar at\u00e9 domingo em ao menos outras seis capitais.<\/em><\/p>\n<p>Como previsto por Salvador e pela Prefeitura do Rio de Janeiro, as primeiras doses das vacinas de diferentes fabricantes contra o coronav\u00edrus j\u00e1 acabaram tamb\u00e9m em Teresina, Campo Grande e Cuiab\u00e1. E os estoques devem terminar at\u00e9 domingo em ao menos outras seis capitais.<\/p>\n<p>Em Campo Grande, a vacina\u00e7\u00e3o com as primeiras doses precisou ser encerrada j\u00e1 no \u00faltimo s\u00e1bado (13) e chegou at\u00e9 a faixa et\u00e1ria dos 80 anos ou mais. Pouco mais de 33 mil pessoas foram contempladas. A continua\u00e7\u00e3o agora depende da remessa de novas doses pelo Minist\u00e9rio da Sa\u00fade.<\/p>\n<p>Em Cuiab\u00e1, a campanha de vacina\u00e7\u00e3o tamb\u00e9m est\u00e1 parada por falta de doses. At\u00e9 o final de semana, a prefeitura est\u00e1 priorizando a aplica\u00e7\u00e3o apenas em idosos acamados at\u00e9 que acabem os imunizantes. At\u00e9 ent\u00e3o, foram 23.518 imunizados, entre profissionais de sa\u00fade e idosos de 85 anos ou mais.<\/p>\n<p>&#8220;A gente n\u00e3o vai mudar o planejamento [da vacina\u00e7\u00e3o] por enquanto, por\u00e9m demos uma pausa agora porque estamos sem vacina para ampliar para outros grupos. Espera-se que cheguem mais vacinas na pr\u00f3xima semana&#8221;, afirmou a gerente da Vigil\u00e2ncia Epidemiol\u00f3gica da cidade, Flavia Guimar\u00e3es.<\/p>\n<p>Em Teresina, as 29.682 doses da primeira atapa acabaram nesta segunda-feira (15). Novos grupos priorit\u00e1rios s\u00f3 v\u00e3o ser vacinados quando chegarem novas remessas.<\/p>\n<p>Foram imunizados 70% dos profissionais da \u00e1rea da sa\u00fade e 100% dos idosos em asilo, pessoas com defici\u00eancia institucionalizadas e aqueles com mais de 90 anos. Idosos acamados ainda est\u00e3o sendo vacinados.<\/p>\n<p>Salvador \u00e9 uma das capitais que tiveram que interromper a vacina\u00e7\u00e3o da primeira dose nesta ter\u00e7a (16). A expectativa \u00e9 que novas doses s\u00f3 cheguem na pr\u00f3xima ter\u00e7a (23), criando um hiato de uma semana no plano inicial.<\/p>\n<p>Ao todo, a capital baiana recebeu 116, 6 mil doses da vacina e j\u00e1 aplicou todas. Cerca de 89 mil foram destinadas a profissionais de sa\u00fade e as outras 17 mil foram destinadas a idosos acima de 83 anos. Nesta quarta, foram aplicadas cerca de 400 doses residuais destinadas idosos que vivem em abrigos.<\/p>\n<p>A estrutura planejada prev\u00ea nove pontos de vacina\u00e7\u00e3o drive-thru, 23 centros de vacina\u00e7\u00e3o, al\u00e9m dos postos de sa\u00fade, mas com o baixo estoque, apenas parte da estrutura funciona.<\/p>\n<p>Na cidade do Rio, a vacina\u00e7\u00e3o foi suspensa j\u00e1 nesta quarta (17). A capital planejava imunizar todos os idosos de 75 anos ou mais at\u00e9 o fim de fevereiro, abrangendo uma idade a cada dia. Com a falta de doses, por\u00e9m, s\u00f3 chegou chegou \u00e0 faixa dos 83 anos e ter\u00e1 que alterar o calend\u00e1rio.<\/p>\n<p>A previs\u00e3o do secret\u00e1rio municipal de Sa\u00fade, Daniel Soranz, \u00e9 que novas remessas da Coronavac sejam enviadas a partir da pr\u00f3xima ter\u00e7a (23), possibilitando a retomada da campanha.<\/p>\n<p>Fortaleza est\u00e1 entre as capitais brasileiras com o estoque a terminar nesta semana. A falta de vacinas tamb\u00e9m refor\u00e7ou a prefeitura a rever sua estrat\u00e9gia, com a suspens\u00e3o da imuniza\u00e7\u00e3o em dois dos quatro drive-thrus que estavam ativos.<br \/>\nDe acordo com a secret\u00e1ria da Sa\u00fade de Fortaleza, Ana Estela Leite, restam apenas 11 mil vacinas destinadas \u00e0 primeira dose. Ser\u00e3o priorizados os idosos que vivem em regi\u00f5es mais vulner\u00e1veis da cidade, onde h\u00e1 atualmente uma maior circula\u00e7\u00e3o do v\u00edrus.<\/p>\n<p>Em Curitiba, a imuniza\u00e7\u00e3o de idosos de 85 anos ou mais segue at\u00e9 sexta-feira (19). Quase 90% das cerca de 65 mil doses recebidas pela capital paranaense j\u00e1 haviam aplicadas at\u00e9 esta quarta (17). O restante foi reservado para a segunda aplica\u00e7\u00e3o.<\/p>\n<p>J\u00e1 em Florian\u00f3polis, a expectativa \u00e9 que a vacina\u00e7\u00e3o dos idosos seja interrompida nos pr\u00f3ximos dias se n\u00e3o houver novo repasse de doses pelo Minist\u00e9rio da Sa\u00fade.<\/p>\n<p>At\u00e9 agora, 13.850 pessoas receberam a primeira dose do imunizante contra a Covid-19 na capital catarinense -na maioria, profissionais de sa\u00fade e idosos com mais de 90 anos. O in\u00edcio da pr\u00f3xima fase da imuniza\u00e7\u00e3o, que abrange pessoas com idade entre 75 e 89 anos, depende da remessa de novos estoques para a cidade.<\/p>\n<p>A Prefeitura de Porto Alegre afirma que vai vacinar todos os idosos com 83 anos ou mais, cuja imuniza\u00e7\u00e3o deve ocorrer at\u00e9 esta quinta ou at\u00e9 que as doses acabem. A campanha envolvendo outras faixas et\u00e1rias tamb\u00e9m depende da chegada de novos estoques.<\/p>\n<p>A expectativa \u00e9 que a cidade receba 40 e 50 mil doses na pr\u00f3xima semana. At\u00e9 l\u00e1, o cronograma de aplica\u00e7\u00e3o fica parado.<br \/>\nA capital ga\u00facha j\u00e1 imunizou cerca de 122 mil pessoas, entre profissionais de sa\u00fade, funcion\u00e1rios e internados em institui\u00e7\u00f5es de longa perman\u00eancia, quilombolas e ind\u00edgenas, e idosos com 83 anos ou mais.<\/p>\n<p>Em Jo\u00e3o Pessoa, a previs\u00e3o \u00e9 de que as 34.151 doses recebidas para a primeira rodada de vacina\u00e7\u00e3o se esgotem na pr\u00f3xima sexta (19).<\/p>\n<p>A prefeitura da capital paraibana informou que foi orientada a suspender a vacina\u00e7\u00e3o dos trabalhadores da sa\u00fade e antecipar a aplica\u00e7\u00e3o das vacinas no grupo de pessoas com mais de 85 anos.<\/p>\n<p>Em Goi\u00e2nia, a prefeitura estendeu a vacina\u00e7\u00e3o para idosos a partir de 84 anos, que devem receber as doses at\u00e9 quinta (18). Por\u00e9m, depois disso, o calend\u00e1rio ficar\u00e1 parado at\u00e9 chegarem novas doses.<\/p>\n<p>Em Porto Velho, seguindo o ritmo de vacina\u00e7\u00e3o atual, as 13.400 vacinas relativas \u00e0 primeira dose devem acabar em duas semanas.<\/p>\n<p>Fonte: Folha de Pernambuco<\/p>\n","protected":false},"excerpt":{"rendered":"<p>Os estoques devem terminar at\u00e9 domingo em ao menos outras seis capitais. Como previsto por Salvador e pela Prefeitura do Rio de Janeiro, as primeiras doses das vacinas de diferentes fabricantes contra o coronav\u00edrus j\u00e1 acabaram tamb\u00e9m em Teresina, Campo Grande e Cuiab\u00e1. E os estoques devem terminar at\u00e9 domingo em ao menos outras seis [&hellip;]<\/p>\n","protected":false},"author":1,"featured_media":0,"comment_status":"open","ping_status":"open","sticky":false,"template":"","format":"standard","meta":{"ocean_post_layout":"","ocean_both_sidebars_style":"","ocean_both_sidebars_content_width":0,"ocean_both_sidebars_sidebars_width":0,"ocean_sidebar":"","ocean_second_sidebar":"","ocean_disable_margins":"enable","ocean_add_body_class":"","ocean_shortcode_before_top_bar":"","ocean_shortcode_after_top_bar":"","ocean_shortcode_before_header":"","ocean_shortcode_after_header":"","ocean_has_shortcode":"","ocean_shortcode_after_title":"","ocean_shortcode_before_footer_widgets":"","ocean_shortcode_after_footer_widgets":"","ocean_shortcode_before_footer_bottom":"","ocean_shortcode_after_footer_bottom":"","ocean_display_top_bar":"default","ocean_display_header":"default","ocean_header_style":"","ocean_center_header_left_menu":"","ocean_custom_header_template":"","ocean_custom_logo":0,"ocean_custom_retina_logo":0,"ocean_custom_logo_max_width":0,"ocean_custom_logo_tablet_max_width":0,"ocean_custom_logo_mobile_max_width":0,"ocean_custom_logo_max_height":0,"ocean_custom_logo_tablet_max_height":0,"ocean_custom_logo_mobile_max_height":0,"ocean_header_custom_menu":"","ocean_menu_typo_font_family":"","ocean_menu_typo_font_subset":"","ocean_menu_typo_font_size":0,"ocean_menu_typo_font_size_tablet":0,"ocean_menu_typo_font_size_mobile":0,"ocean_menu_typo_font_size_unit":"px","ocean_menu_typo_font_weight":"","ocean_menu_typo_font_weight_tablet":"","ocean_menu_typo_font_weight_mobile":"","ocean_menu_typo_transform":"","ocean_menu_typo_transform_tablet":"","ocean_menu_typo_transform_mobile":"","ocean_menu_typo_line_height":0,"ocean_menu_typo_line_height_tablet":0,"ocean_menu_typo_line_height_mobile":0,"ocean_menu_typo_line_height_unit":"","ocean_menu_typo_spacing":0,"ocean_menu_typo_spacing_tablet":0,"ocean_menu_typo_spacing_mobile":0,"ocean_menu_typo_spacing_unit":"","ocean_menu_link_color":"","ocean_menu_link_color_hover":"","ocean_menu_link_color_active":"","ocean_menu_link_background":"","ocean_menu_link_hover_background":"","ocean_menu_link_active_background":"","ocean_menu_social_links_bg":"","ocean_menu_social_hover_links_bg":"","ocean_menu_social_links_color":"","ocean_menu_social_hover_links_color":"","ocean_disable_title":"default","ocean_disable_heading":"default","ocean_post_title":"","ocean_post_subheading":"","ocean_post_title_style":"","ocean_post_title_background_color":"","ocean_post_title_background":0,"ocean_post_title_bg_image_position":"","ocean_post_title_bg_image_attachment":"","ocean_post_title_bg_image_repeat":"","ocean_post_title_bg_image_size":"","ocean_post_title_height":0,"ocean_post_title_bg_overlay":0.5,"ocean_post_title_bg_overlay_color":"","ocean_disable_breadcrumbs":"default","ocean_breadcrumbs_color":"","ocean_breadcrumbs_separator_color":"","ocean_breadcrumbs_links_color":"","ocean_breadcrumbs_links_hover_color":"","ocean_display_footer_widgets":"default","ocean_display_footer_bottom":"default","ocean_custom_footer_template":"","ocean_post_oembed":"","ocean_post_self_hosted_media":"","ocean_post_video_embed":"","ocean_link_format":"","ocean_link_format_target":"self","ocean_quote_format":"","ocean_quote_format_link":"post","ocean_gallery_link_images":"on","ocean_gallery_id":[]},"categories":[9],"tags":[1420,1490,82],"acf":[],"_links":{"self":[{"href":"https:\/\/www.simepe.com.br\/novo\/wp-json\/wp\/v2\/posts\/58067"}],"collection":[{"href":"https:\/\/www.simepe.com.br\/novo\/wp-json\/wp\/v2\/posts"}],"about":[{"href":"https:\/\/www.simepe.com.br\/novo\/wp-json\/wp\/v2\/types\/post"}],"author":[{"embeddable":true,"href":"https:\/\/www.simepe.com.br\/novo\/wp-json\/wp\/v2\/users\/1"}],"replies":[{"embeddable":true,"href":"https:\/\/www.simepe.com.br\/novo\/wp-json\/wp\/v2\/comments?post=58067"}],"version-history":[{"count":1,"href":"https:\/\/www.simepe.com.br\/novo\/wp-json\/wp\/v2\/posts\/58067\/revisions"}],"predecessor-version":[{"id":58068,"href":"https:\/\/www.simepe.com.br\/novo\/wp-json\/wp\/v2\/posts\/58067\/revisions\/58068"}],"wp:attachment":[{"href":"https:\/\/www.simepe.com.br\/novo\/wp-json\/wp\/v2\/media?parent=58067"}],"wp:term":[{"taxonomy":"category","embeddable":true,"href":"https:\/\/www.simepe.com.br\/novo\/wp-json\/wp\/v2\/categories?post=58067"},{"taxonomy":"post_tag","embeddable":true,"href":"https:\/\/www.simepe.com.br\/novo\/wp-json\/wp\/v2\/tags?post=58067"}],"curies":[{"name":"wp","href":"https:\/\/api.w.org\/{rel}","templated":true}]}}