{"id":58131,"date":"2021-02-22T16:18:27","date_gmt":"2021-02-22T19:18:27","guid":{"rendered":"https:\/\/www.simepe.com.br\/novo\/?p=58131"},"modified":"2021-02-22T16:18:27","modified_gmt":"2021-02-22T19:18:27","slug":"canoinhas-medicos-esclarecem-duvidas-em-telereuniao-com-o-simesc","status":"publish","type":"post","link":"https:\/\/www.simepe.com.br\/novo\/canoinhas-medicos-esclarecem-duvidas-em-telereuniao-com-o-simesc\/","title":{"rendered":"Canoinhas: M\u00e9dicos esclarecem d\u00favidas em telereuni\u00e3o com o SIMESC"},"content":{"rendered":"<p style=\"text-align: justify;\">Na noite desta quinta-feira (18\/02) m\u00e9dicos do hospital Santa Cruz de Canoinhas participaram de telereuni\u00e3o com representantes do Sindicato dos M\u00e9dicos de Santa Catarina (SIMESC) em que puderam esclarecer d\u00favidas sobre a atua\u00e7\u00e3o na unidade de sa\u00fade.<\/p>\n<p style=\"text-align: justify;\">Desde janeiro a administra\u00e7\u00e3o do hospital promoveu mudan\u00e7as no modus operandi dos atendimentos e nas interna\u00e7\u00f5es de pacientes naquela Unidade e questionamentos foram feitos ao Sindicato. Alguns m\u00e9dicos queixaram &#8211; se de pouco esclarecimento das novas regras em vigor, raz\u00e3o pela qual esta reuni\u00e3o foi marcada.<\/p>\n<p style=\"text-align: justify;\">Os m\u00e9dicos presentes informaram que alguns ajustes foram feitos, permanecendo ainda outras quest\u00f5es a serem solucionadas. O consultor m\u00e9dico do hospital, Michael Ricardo Lang tamb\u00e9m participou do encontro e comentou sobre a reestrutura\u00e7\u00e3o que a administra\u00e7\u00e3o do hospital vem realizando. \u201cA ideia \u00e9 organizar o servi\u00e7o para o hospital prestar uma melhor assist\u00eancia t\u00e9cnica\u201d.<\/p>\n<p style=\"text-align: justify;\">O presidente do SIMESC, Cyro Soncini, enfatizou que o di\u00e1logo com o Corpo Cl\u00ednico e m\u00e9dicos contratados \u00e9 sempre o melhor caminho. \u201cNossa experi\u00eancia mostra que \u00e9 importante se montar um cronograma de conversas com os m\u00e9dicos e valorizar o Corpo Cl\u00ednico neste processo de ajustes\u201d, sugeriu Cyro.<\/p>\n<p style=\"text-align: justify;\">O diretor de Apoio ao Graduando em Medicina do SIMESC, Odi Jos\u00e9 Oleiniscki, chamou a aten\u00e7\u00e3o para a necessidade do hospital cumprir a resolu\u00e7\u00e3o n\u00ba 195\/2019 do Conselho Federal de Medicina e elaborar um regimento interno no hospital. \u201cEste regimento trata inclusive sobre a representa\u00e7\u00e3o do Corpo Cl\u00ednico e \u00e9 importante ficar atento a isto para que n\u00e3o haja san\u00e7\u00f5es do Conselho futuramente\u201d, alertou.<\/p>\n<p style=\"text-align: justify;\"><strong>Jur\u00eddico<\/strong><\/p>\n<p style=\"text-align: justify;\">O Assessor Jur\u00eddico do SIMESC, Rodrigo Machado Leal, esclareceu d\u00favidas dos m\u00e9dicos sobre formas de contrata\u00e7\u00e3o do hospital Santa Cruz, quest\u00f5es trabalhistas, remunerat\u00f3rias e tamb\u00e9m sobre atendimentos na sa\u00fade suplementar. Colocou-se \u00e0 disposi\u00e7\u00e3o para interagir com todos os que tiverem interesse, pelos canais que o sindicato disponibiliza.<\/p>\n<p style=\"text-align: justify;\">O diretor de Assuntos Jur\u00eddicos, Marcelo Rogelin, e a diretora Adjunta de Assuntos Jur\u00eddicos, Juliane Ferrari, reafirmaram esta disponibilidade \u201cNossa equipe de advogados est\u00e1 a postos para orienta\u00e7\u00f5es no privado, caso haja demandas individuais. Se tiverem qualquer d\u00favida, nos acionem\u201d, disse Marcelo Rogelin.<\/p>\n<p style=\"text-align: justify;\">Para o presidente do SIMESC Regional Canoinhas, Andr\u00e9 Luiz de Carvalho, a telereuni\u00e3o foi uma \u00f3tima alternativa neste momento em que as viagens n\u00e3o est\u00e3o sendo realizadas pelo Sindicato, tendo em vista a pandemia. \u201c\u00c9 um bom espa\u00e7o para nos reunirmos para outras demandas. Agrade\u00e7o os esclarecimentos da diretoria Executiva que tem uma vis\u00e3o global da realidade do m\u00e9dico e compartilhou um pouco desta experi\u00eancia conosco\u201d, declarou Andr\u00e9.<\/p>\n<p style=\"text-align: justify;\">O presidente do SIMESC reafirmou a import\u00e2ncia dos m\u00e9dicos sentarem &#8211; se \u00e0 mesa com os dirigentes hospitalares para encontrarem as melhores maneiras de habilitar o hospital a prestar a assist\u00eancia que a comunidade espera. &#8220;O Sindicato poder\u00e1 auxili\u00e1-los nesta empreitada&#8221;, finalizou.<\/p>\n<p style=\"text-align: justify;\">Fonte: Sindicato dos M\u00e9dicos do Estado de Santa Catarina (Simesc)<\/p>\n","protected":false},"excerpt":{"rendered":"<p>Na noite desta quinta-feira (18\/02) m\u00e9dicos do hospital Santa Cruz de Canoinhas participaram de telereuni\u00e3o com representantes do Sindicato dos M\u00e9dicos de Santa Catarina (SIMESC) em que puderam esclarecer d\u00favidas sobre a atua\u00e7\u00e3o na unidade de sa\u00fade. Desde janeiro a administra\u00e7\u00e3o do hospital promoveu mudan\u00e7as no modus operandi dos atendimentos e nas interna\u00e7\u00f5es de pacientes [&hellip;]<\/p>\n","protected":false},"author":1,"featured_media":58132,"comment_status":"open","ping_status":"open","sticky":false,"template":"","format":"standard","meta":{"ocean_post_layout":"","ocean_both_sidebars_style":"","ocean_both_sidebars_content_width":0,"ocean_both_sidebars_sidebars_width":0,"ocean_sidebar":"","ocean_second_sidebar":"","ocean_disable_margins":"enable","ocean_add_body_class":"","ocean_shortcode_before_top_bar":"","ocean_shortcode_after_top_bar":"","ocean_shortcode_before_header":"","ocean_shortcode_after_header":"","ocean_has_shortcode":"","ocean_shortcode_after_title":"","ocean_shortcode_before_footer_widgets":"","ocean_shortcode_after_footer_widgets":"","ocean_shortcode_before_footer_bottom":"","ocean_shortcode_after_footer_bottom":"","ocean_display_top_bar":"default","ocean_display_header":"default","ocean_header_style":"","ocean_center_header_left_menu":"","ocean_custom_header_template":"","ocean_custom_logo":0,"ocean_custom_retina_logo":0,"ocean_custom_logo_max_width":0,"ocean_custom_logo_tablet_max_width":0,"ocean_custom_logo_mobile_max_width":0,"ocean_custom_logo_max_height":0,"ocean_custom_logo_tablet_max_height":0,"ocean_custom_logo_mobile_max_height":0,"ocean_header_custom_menu":"","ocean_menu_typo_font_family":"","ocean_menu_typo_font_subset":"","ocean_menu_typo_font_size":0,"ocean_menu_typo_font_size_tablet":0,"ocean_menu_typo_font_size_mobile":0,"ocean_menu_typo_font_size_unit":"px","ocean_menu_typo_font_weight":"","ocean_menu_typo_font_weight_tablet":"","ocean_menu_typo_font_weight_mobile":"","ocean_menu_typo_transform":"","ocean_menu_typo_transform_tablet":"","ocean_menu_typo_transform_mobile":"","ocean_menu_typo_line_height":0,"ocean_menu_typo_line_height_tablet":0,"ocean_menu_typo_line_height_mobile":0,"ocean_menu_typo_line_height_unit":"","ocean_menu_typo_spacing":0,"ocean_menu_typo_spacing_tablet":0,"ocean_menu_typo_spacing_mobile":0,"ocean_menu_typo_spacing_unit":"","ocean_menu_link_color":"","ocean_menu_link_color_hover":"","ocean_menu_link_color_active":"","ocean_menu_link_background":"","ocean_menu_link_hover_background":"","ocean_menu_link_active_background":"","ocean_menu_social_links_bg":"","ocean_menu_social_hover_links_bg":"","ocean_menu_social_links_color":"","ocean_menu_social_hover_links_color":"","ocean_disable_title":"default","ocean_disable_heading":"default","ocean_post_title":"","ocean_post_subheading":"","ocean_post_title_style":"","ocean_post_title_background_color":"","ocean_post_title_background":0,"ocean_post_title_bg_image_position":"","ocean_post_title_bg_image_attachment":"","ocean_post_title_bg_image_repeat":"","ocean_post_title_bg_image_size":"","ocean_post_title_height":0,"ocean_post_title_bg_overlay":0.5,"ocean_post_title_bg_overlay_color":"","ocean_disable_breadcrumbs":"default","ocean_breadcrumbs_color":"","ocean_breadcrumbs_separator_color":"","ocean_breadcrumbs_links_color":"","ocean_breadcrumbs_links_hover_color":"","ocean_display_footer_widgets":"default","ocean_display_footer_bottom":"default","ocean_custom_footer_template":"","ocean_post_oembed":"","ocean_post_self_hosted_media":"","ocean_post_video_embed":"","ocean_link_format":"","ocean_link_format_target":"self","ocean_quote_format":"","ocean_quote_format_link":"post","ocean_gallery_link_images":"on","ocean_gallery_id":[]},"categories":[1],"tags":[],"acf":[],"_links":{"self":[{"href":"https:\/\/www.simepe.com.br\/novo\/wp-json\/wp\/v2\/posts\/58131"}],"collection":[{"href":"https:\/\/www.simepe.com.br\/novo\/wp-json\/wp\/v2\/posts"}],"about":[{"href":"https:\/\/www.simepe.com.br\/novo\/wp-json\/wp\/v2\/types\/post"}],"author":[{"embeddable":true,"href":"https:\/\/www.simepe.com.br\/novo\/wp-json\/wp\/v2\/users\/1"}],"replies":[{"embeddable":true,"href":"https:\/\/www.simepe.com.br\/novo\/wp-json\/wp\/v2\/comments?post=58131"}],"version-history":[{"count":1,"href":"https:\/\/www.simepe.com.br\/novo\/wp-json\/wp\/v2\/posts\/58131\/revisions"}],"predecessor-version":[{"id":58133,"href":"https:\/\/www.simepe.com.br\/novo\/wp-json\/wp\/v2\/posts\/58131\/revisions\/58133"}],"wp:featuredmedia":[{"embeddable":true,"href":"https:\/\/www.simepe.com.br\/novo\/wp-json\/wp\/v2\/media\/58132"}],"wp:attachment":[{"href":"https:\/\/www.simepe.com.br\/novo\/wp-json\/wp\/v2\/media?parent=58131"}],"wp:term":[{"taxonomy":"category","embeddable":true,"href":"https:\/\/www.simepe.com.br\/novo\/wp-json\/wp\/v2\/categories?post=58131"},{"taxonomy":"post_tag","embeddable":true,"href":"https:\/\/www.simepe.com.br\/novo\/wp-json\/wp\/v2\/tags?post=58131"}],"curies":[{"name":"wp","href":"https:\/\/api.w.org\/{rel}","templated":true}]}}