{"id":58162,"date":"2021-02-24T11:16:30","date_gmt":"2021-02-24T14:16:30","guid":{"rendered":"https:\/\/www.simepe.com.br\/novo\/?p=58162"},"modified":"2021-02-24T11:16:30","modified_gmt":"2021-02-24T14:16:30","slug":"fim-do-estoque-de-imunizantes-em-paulista-acende-alerta-para-outros-municipios-do-estado","status":"publish","type":"post","link":"https:\/\/www.simepe.com.br\/novo\/fim-do-estoque-de-imunizantes-em-paulista-acende-alerta-para-outros-municipios-do-estado\/","title":{"rendered":"Fim do estoque de imunizantes em Paulista acende alerta para outros munic\u00edpios do Estado"},"content":{"rendered":"<p><em>Fim do estoque de imunizantes em Paulista acende alerta para outros munic\u00edpios do Estado.<\/em><\/p>\n<p>O fim do estoque de imunizantes no munic\u00edpio do Paulista acende o alerta para demais munic\u00edpios do Estado, sobretudo aqueles que est\u00e3o adotando medidas mais r\u00edgidas para conter a pandemia na regi\u00e3o, como \u00e9 o caso de Tracunhanh\u00e9m, por exemplo, que imp\u00f4s novas restri\u00e7\u00f5es para com\u00e9rcio e igrejas.<\/p>\n<p>Na cidade, o estoque tamb\u00e9m est\u00e1 perto do fim. Seguindo o cronograma estabelecido pelo Estado, o munic\u00edpio n\u00e3o especificou a quantidade de doses, mas afirmou que s\u00f3 tem imunizante suficiente para a segunda dose nos trabalhadores de sa\u00fade. O munic\u00edpio tem 80 idosos vacinados, com 20 doses restantes para os demais, cujo estoque deve ser encerrado j\u00e1 na pr\u00f3xima sexta-feira.<\/p>\n<p>Por conta da alta dos casos, Nazar\u00e9 da Mata foi outro munic\u00edpio que adotou medidas mais r\u00edgidas, suspendendo as aulas presenciais por 45 dias. A cidade recebeu 1.364 doses, das quais 1032 foram aplicadas. Receberam a primeira dose 664 pessoas, entre profissionais de sa\u00fade e idosos residentes em asilos e idosos acima de 80 anos. Na segunda dose, foram feitas 368 aplica\u00e7\u00f5es, em profissionais da sa\u00fade e idosos residentes em asilo. Em rela\u00e7\u00e3o a novas doses, o munic\u00edpio aguarda uma nova remessa do governo estadual, e as doses restantes v\u00e3o continuar beneficiando o mesmo grupo priorit\u00e1rio.<\/p>\n<article class=\"grid_8 prefix_2 textoArea\">\n<div class=\"clear\">\n<p>Em todo o estado de Pernambuco, j\u00e1 foram aplicadas 354.132 doses da vacina contra a Covid-19, das quais 268.846 s\u00e3o referentes \u00e0 primeira dose. No total, foram feitas a primeira dose em 145.116 trabalhadores de sa\u00fade; 23.841 povos ind\u00edgenas aldeados; 5.587 idosos em Institui\u00e7\u00f5es de Longa Perman\u00eancia; 19.884 idosos entre 80 e 84 anos; 73.682 idosos a partir dos 85 anos, al\u00e9m de 736 pessoas com defici\u00eancia institucionalizadas.<\/p>\n<p>Em rela\u00e7\u00e3o \u00e0 segunda dose, j\u00e1 foram beneficiados 60.703 trabalhadores de sa\u00fade; 21.007 povos ind\u00edgenas aldeados; 3.452 idosos institucionalizados e 124 pessoas com defici\u00eancia institucionalizadas; totalizando 85.286 pessoas que j\u00e1 finalizaram o esquema.<\/p>\n<p>De acordo com a Secretaria Estadual de Sa\u00fade (SES-PE), at\u00e9 ontem, somente Paulista comunicou oficialmente o t\u00e9rmino do estoque. A recomenda\u00e7\u00e3o da pasta \u00e9 que os gestores municipais fa\u00e7am esse relato assim que for detectado o t\u00e9rmino das doses dos imunizantes. &#8220;\u00c9 importante que os gestores municipais relatem formalmente essa situa\u00e7\u00e3o \u00e0s suas respectivas Ger\u00eancias Regionais de Sa\u00fade (Geres) ou ao Programa Estadual de Imuniza\u00e7\u00e3o&#8221;, disse a pasta.<\/p>\n<p>Todas as doses encaminhadas ao Estado pelo Minist\u00e9rio da Sa\u00fade j\u00e1 foram repassadas aos munic\u00edpios, segundo a SES-PE, e agora aguarda nova remessa para o seguimento do plano de vacina\u00e7\u00e3o.<\/p>\n<p><strong>RMR<\/strong><\/p>\n<p>De acordo com a Secretaria de Sa\u00fade (Sesau) do Recife, o estoque existente \u00e9 suficiente para garantir o esquema vacinal completo das pessoas agendadas dos grupos priorit\u00e1rios da etapa atual do Plano Recife Vacina, que contempla profissionais de sa\u00fade e idosos acima de 80 anos. Em Olinda, j\u00e1 foram vacinadas 8.909 pessoas, somando todos os grupos com primeira e segunda dose.<\/p>\n<p>Em Jaboat\u00e3o j\u00e1 foram vacinadas 15 mil pessoas, entre profissionais de sa\u00fade da linha de frente, agentes de sa\u00fade de outras \u00e1reas e idosos acima de 80 anos, al\u00e9m de coveiros e agentes funer\u00e1rios. De acordo com o munic\u00edpio, h\u00e1 uma expectativa para que mais um lote de mais 5 mil doses chegue ao munic\u00edpio at\u00e9 a sexta-feira.<\/p>\n<p><strong>Agreste<\/strong><\/p>\n<p>Em Caruaru, no Agreste pernambucano, foram recebidas 12.740 doses, das quais 9.164 foram aplicadas. Dos 3.471 profissionais de sa\u00fade que receberam a primeira dose, 2.806 j\u00e1 receberam a segunda dose.<\/p>\n<p>As doses j\u00e1 foram aplicadas tamb\u00e9m em 2.887 idosos acima dos 85 anos. A cidade ainda tem 3.576 doses, que continuam sendo aplicadas em profissionais da linha de frente da sa\u00fade e idosos com idade a partir de 85 anos, e aguarda novo recebimento dos governos federal e estadual.<\/p>\n<p><strong>Sert\u00e3o<\/strong><\/p>\n<p>Assim como os demais munic\u00edpios, Petrolina n\u00e3o tem previs\u00e3o para novas doses. A cidade recebeu 11.826 doses e j\u00e1 aplicou 11.204. O p\u00fablico beneficiado neste momento s\u00e3o trabalhadores de sa\u00fade de cl\u00ednicas privadas que t\u00eam m\u00e9dio risco de exposi\u00e7\u00e3o ao coronav\u00edrus.<\/p>\n<section class=\"bannerBillboardDetalhe\">\n<div id=\"middle\"><\/div>\n<\/section>\n<\/div>\n<div id=\"taboola-below-article-thumbnails\" class=\" trc_related_container trc_spotlight_widget tbl-feed-container tbl-feed-frame-DIVIDER  render-late-effect\">\n<div id=\"taboola-below-article-thumbnails-pl1\" class=\" trc_related_container trc_spotlight_widget trc_elastic trc_elastic_thumbs-feed-01-b  tbl-feed-card \">\n<div class=\"trc_rbox_container\">\n<div>\n<div id=\"trc_wrapper_16295\" class=\"trc_rbox thumbs-feed-01-b trc-content-sponsored \">\n<div id=\"outer_16295\" class=\"trc_rbox_outer\">\n<div id=\"rbox-t2v\" class=\"trc_rbox_div trc_rbox_border_elm\">\n<div id=\"internal_trc_16295\">\n<div class=\"videoCube trc_spotlight_item origin-default thumbnail_top syndicatedItem textItem videoCube_1_child trc-first-recommendation trc-spotlight-first-recommendation  trc_excludable \">\n<div class=\" trc_exclude_overlay trc_fade \">\u00a0Fonte: Folha de Pernambuco<\/div>\n<\/div>\n<\/div>\n<\/div>\n<\/div>\n<\/div>\n<\/div>\n<\/div>\n<\/div>\n<div id=\"taboola-below-article-thumbnails-pl3\" class=\" trc_related_container trc_spotlight_widget trc_elastic trc_elastic_thumbs-feed-01-b  tbl-feed-card \">\n<div class=\"trc_rbox_container\">\n<div id=\"trc_wrapper_53174\" class=\"trc_rbox thumbs-feed-01-b trc-content-sponsored \">\n<div id=\"outer_53174\" class=\"trc_rbox_outer\">\n<div id=\"rbox-t2v\" class=\"trc_rbox_div trc_rbox_border_elm\">\n<div id=\"internal_trc_53174\">\n<div class=\"videoCube trc_spotlight_item origin-default thumbnail_top syndicatedItem photoItem videoCube_3_child trc_excludable \">\n<div class=\" trc_exclude_overlay trc_fade \">\n<div class=\" trc_user_exclude_btn \" title=\"Remover este item\"><\/div>\n<div class=\" trc_exclude_overlay trc_fade \"><\/div>\n<div class=\" trc_undo_btn \"><\/div>\n<\/div>\n<\/div>\n<\/div>\n<\/div>\n<\/div>\n<\/div>\n<\/div>\n<\/div>\n<div id=\"taboola-below-article-thumbnails-pl9\" class=\" trc_related_container trc_spotlight_widget trc_elastic trc_elastic_organic-thumbs-feed-01-c  tbl-feed-card \"><\/div>\n<\/div>\n<\/article>\n<aside class=\"grid_4\">\n<aside class=\"meioColunaDetalhe\">\n<section class=\"boxBorda colunistasCapa detalhe\"><\/section>\n<div class=\"spacer40\"><\/div>\n<\/aside>\n<div id=\"sticky-wrapper\" class=\"sticky-wrapper is-sticky\"><\/div>\n<\/aside>\n","protected":false},"excerpt":{"rendered":"<p>Fim do estoque de imunizantes em Paulista acende alerta para outros munic\u00edpios do Estado. O fim do estoque de imunizantes no munic\u00edpio do Paulista acende o alerta para demais munic\u00edpios do Estado, sobretudo aqueles que est\u00e3o adotando medidas mais r\u00edgidas para conter a pandemia na regi\u00e3o, como \u00e9 o caso de Tracunhanh\u00e9m, por exemplo, que [&hellip;]<\/p>\n","protected":false},"author":1,"featured_media":0,"comment_status":"open","ping_status":"open","sticky":false,"template":"","format":"standard","meta":{"ocean_post_layout":"","ocean_both_sidebars_style":"","ocean_both_sidebars_content_width":0,"ocean_both_sidebars_sidebars_width":0,"ocean_sidebar":"","ocean_second_sidebar":"","ocean_disable_margins":"enable","ocean_add_body_class":"","ocean_shortcode_before_top_bar":"","ocean_shortcode_after_top_bar":"","ocean_shortcode_before_header":"","ocean_shortcode_after_header":"","ocean_has_shortcode":"","ocean_shortcode_after_title":"","ocean_shortcode_before_footer_widgets":"","ocean_shortcode_after_footer_widgets":"","ocean_shortcode_before_footer_bottom":"","ocean_shortcode_after_footer_bottom":"","ocean_display_top_bar":"default","ocean_display_header":"default","ocean_header_style":"","ocean_center_header_left_menu":"","ocean_custom_header_template":"","ocean_custom_logo":0,"ocean_custom_retina_logo":0,"ocean_custom_logo_max_width":0,"ocean_custom_logo_tablet_max_width":0,"ocean_custom_logo_mobile_max_width":0,"ocean_custom_logo_max_height":0,"ocean_custom_logo_tablet_max_height":0,"ocean_custom_logo_mobile_max_height":0,"ocean_header_custom_menu":"","ocean_menu_typo_font_family":"","ocean_menu_typo_font_subset":"","ocean_menu_typo_font_size":0,"ocean_menu_typo_font_size_tablet":0,"ocean_menu_typo_font_size_mobile":0,"ocean_menu_typo_font_size_unit":"px","ocean_menu_typo_font_weight":"","ocean_menu_typo_font_weight_tablet":"","ocean_menu_typo_font_weight_mobile":"","ocean_menu_typo_transform":"","ocean_menu_typo_transform_tablet":"","ocean_menu_typo_transform_mobile":"","ocean_menu_typo_line_height":0,"ocean_menu_typo_line_height_tablet":0,"ocean_menu_typo_line_height_mobile":0,"ocean_menu_typo_line_height_unit":"","ocean_menu_typo_spacing":0,"ocean_menu_typo_spacing_tablet":0,"ocean_menu_typo_spacing_mobile":0,"ocean_menu_typo_spacing_unit":"","ocean_menu_link_color":"","ocean_menu_link_color_hover":"","ocean_menu_link_color_active":"","ocean_menu_link_background":"","ocean_menu_link_hover_background":"","ocean_menu_link_active_background":"","ocean_menu_social_links_bg":"","ocean_menu_social_hover_links_bg":"","ocean_menu_social_links_color":"","ocean_menu_social_hover_links_color":"","ocean_disable_title":"default","ocean_disable_heading":"default","ocean_post_title":"","ocean_post_subheading":"","ocean_post_title_style":"","ocean_post_title_background_color":"","ocean_post_title_background":0,"ocean_post_title_bg_image_position":"","ocean_post_title_bg_image_attachment":"","ocean_post_title_bg_image_repeat":"","ocean_post_title_bg_image_size":"","ocean_post_title_height":0,"ocean_post_title_bg_overlay":0.5,"ocean_post_title_bg_overlay_color":"","ocean_disable_breadcrumbs":"default","ocean_breadcrumbs_color":"","ocean_breadcrumbs_separator_color":"","ocean_breadcrumbs_links_color":"","ocean_breadcrumbs_links_hover_color":"","ocean_display_footer_widgets":"default","ocean_display_footer_bottom":"default","ocean_custom_footer_template":"","ocean_post_oembed":"","ocean_post_self_hosted_media":"","ocean_post_video_embed":"","ocean_link_format":"","ocean_link_format_target":"self","ocean_quote_format":"","ocean_quote_format_link":"post","ocean_gallery_link_images":"on","ocean_gallery_id":[]},"categories":[9],"tags":[1420,1490,82],"acf":[],"_links":{"self":[{"href":"https:\/\/www.simepe.com.br\/novo\/wp-json\/wp\/v2\/posts\/58162"}],"collection":[{"href":"https:\/\/www.simepe.com.br\/novo\/wp-json\/wp\/v2\/posts"}],"about":[{"href":"https:\/\/www.simepe.com.br\/novo\/wp-json\/wp\/v2\/types\/post"}],"author":[{"embeddable":true,"href":"https:\/\/www.simepe.com.br\/novo\/wp-json\/wp\/v2\/users\/1"}],"replies":[{"embeddable":true,"href":"https:\/\/www.simepe.com.br\/novo\/wp-json\/wp\/v2\/comments?post=58162"}],"version-history":[{"count":2,"href":"https:\/\/www.simepe.com.br\/novo\/wp-json\/wp\/v2\/posts\/58162\/revisions"}],"predecessor-version":[{"id":58164,"href":"https:\/\/www.simepe.com.br\/novo\/wp-json\/wp\/v2\/posts\/58162\/revisions\/58164"}],"wp:attachment":[{"href":"https:\/\/www.simepe.com.br\/novo\/wp-json\/wp\/v2\/media?parent=58162"}],"wp:term":[{"taxonomy":"category","embeddable":true,"href":"https:\/\/www.simepe.com.br\/novo\/wp-json\/wp\/v2\/categories?post=58162"},{"taxonomy":"post_tag","embeddable":true,"href":"https:\/\/www.simepe.com.br\/novo\/wp-json\/wp\/v2\/tags?post=58162"}],"curies":[{"name":"wp","href":"https:\/\/api.w.org\/{rel}","templated":true}]}}