{"id":58166,"date":"2021-02-24T13:25:47","date_gmt":"2021-02-24T16:25:47","guid":{"rendered":"https:\/\/www.simepe.com.br\/novo\/?p=58166"},"modified":"2021-02-24T13:25:47","modified_gmt":"2021-02-24T16:25:47","slug":"astrazeneca-admite-novos-problemas-para-fornecer-vacinas-anticovid-a-ue","status":"publish","type":"post","link":"https:\/\/www.simepe.com.br\/novo\/astrazeneca-admite-novos-problemas-para-fornecer-vacinas-anticovid-a-ue\/","title":{"rendered":"AstraZeneca admite novos problemas para fornecer vacinas anticovid \u00e0 UE"},"content":{"rendered":"<p>Post O gigante farmac\u00eautico AstraZeneca reconheceu novas dificuldades na produ\u00e7\u00e3o de vacinas na Europa e informou que ter\u00e1 de recorrer a f\u00e1bricas no exterior para cumprir as entregas de doses para a Uni\u00e3o Europeia (UE) no segundo semestre.<\/p>\n<p>A AstraZeneca &#8220;est\u00e1 trabalhando para aumentar a produtividade de sua cadeia de suprimentos na UE&#8221; e vai usar &#8220;sua capacidade global para garantir a entrega de 180 milh\u00f5es de doses \u00e0 UE no segundo semestre do ano&#8221;, disse um porta-voz do grupo anglo-sueco \u00e0 AFP na ter\u00e7a-feira (23) \u00e0 noite.<\/p>\n<p>&#8220;Espera-se que aproximadamente metade do volume previsto seja procedente da cadeia de fornecimento na UE&#8221;, e o restante, da rede internacional da empresa, acrescentou o porta-voz.<\/p>\n<p>O an\u00fancio foi feito depois que a pol\u00eamica sobre as entregas da vacina da para a Uni\u00e3o Europeia no primeiro trimestre de 2021 provocou tens\u00f5es entre o bloco e o grupo farmac\u00eautico.<\/p>\n<p>Nesta quinta-feira (25), haver\u00e1 uma c\u00fapula europeia extraordin\u00e1ria por videoconfer\u00eancia, dedicada, sobretudo, \u00e0 crise sanit\u00e1ria.<\/p>\n<p>O governo brit\u00e2nico imunizou milh\u00f5es de pessoas com a vacina da AstraZeneca desde o final de 2020. Na UE, por\u00e9m, a empresa come\u00e7ou a fazer as entregas do f\u00e1rmaco apenas no in\u00edcio de fevereiro de 2021, depois que a ag\u00eancia reguladora europeia do setor de medicamentos recomendou seu uso.<\/p>\n<p>Fonte: Diario de Pernambuco<\/p>\n<p>&nbsp;<\/p>\n","protected":false},"excerpt":{"rendered":"<p>Post O gigante farmac\u00eautico AstraZeneca reconheceu novas dificuldades na produ\u00e7\u00e3o de vacinas na Europa e informou que ter\u00e1 de recorrer a f\u00e1bricas no exterior para cumprir as entregas de doses para a Uni\u00e3o Europeia (UE) no segundo semestre. A AstraZeneca &#8220;est\u00e1 trabalhando para aumentar a produtividade de sua cadeia de suprimentos na UE&#8221; e vai [&hellip;]<\/p>\n","protected":false},"author":1,"featured_media":0,"comment_status":"open","ping_status":"open","sticky":false,"template":"","format":"standard","meta":{"ocean_post_layout":"","ocean_both_sidebars_style":"","ocean_both_sidebars_content_width":0,"ocean_both_sidebars_sidebars_width":0,"ocean_sidebar":"","ocean_second_sidebar":"","ocean_disable_margins":"enable","ocean_add_body_class":"","ocean_shortcode_before_top_bar":"","ocean_shortcode_after_top_bar":"","ocean_shortcode_before_header":"","ocean_shortcode_after_header":"","ocean_has_shortcode":"","ocean_shortcode_after_title":"","ocean_shortcode_before_footer_widgets":"","ocean_shortcode_after_footer_widgets":"","ocean_shortcode_before_footer_bottom":"","ocean_shortcode_after_footer_bottom":"","ocean_display_top_bar":"default","ocean_display_header":"default","ocean_header_style":"","ocean_center_header_left_menu":"","ocean_custom_header_template":"","ocean_custom_logo":0,"ocean_custom_retina_logo":0,"ocean_custom_logo_max_width":0,"ocean_custom_logo_tablet_max_width":0,"ocean_custom_logo_mobile_max_width":0,"ocean_custom_logo_max_height":0,"ocean_custom_logo_tablet_max_height":0,"ocean_custom_logo_mobile_max_height":0,"ocean_header_custom_menu":"","ocean_menu_typo_font_family":"","ocean_menu_typo_font_subset":"","ocean_menu_typo_font_size":0,"ocean_menu_typo_font_size_tablet":0,"ocean_menu_typo_font_size_mobile":0,"ocean_menu_typo_font_size_unit":"px","ocean_menu_typo_font_weight":"","ocean_menu_typo_font_weight_tablet":"","ocean_menu_typo_font_weight_mobile":"","ocean_menu_typo_transform":"","ocean_menu_typo_transform_tablet":"","ocean_menu_typo_transform_mobile":"","ocean_menu_typo_line_height":0,"ocean_menu_typo_line_height_tablet":0,"ocean_menu_typo_line_height_mobile":0,"ocean_menu_typo_line_height_unit":"","ocean_menu_typo_spacing":0,"ocean_menu_typo_spacing_tablet":0,"ocean_menu_typo_spacing_mobile":0,"ocean_menu_typo_spacing_unit":"","ocean_menu_link_color":"","ocean_menu_link_color_hover":"","ocean_menu_link_color_active":"","ocean_menu_link_background":"","ocean_menu_link_hover_background":"","ocean_menu_link_active_background":"","ocean_menu_social_links_bg":"","ocean_menu_social_hover_links_bg":"","ocean_menu_social_links_color":"","ocean_menu_social_hover_links_color":"","ocean_disable_title":"default","ocean_disable_heading":"default","ocean_post_title":"","ocean_post_subheading":"","ocean_post_title_style":"","ocean_post_title_background_color":"","ocean_post_title_background":0,"ocean_post_title_bg_image_position":"","ocean_post_title_bg_image_attachment":"","ocean_post_title_bg_image_repeat":"","ocean_post_title_bg_image_size":"","ocean_post_title_height":0,"ocean_post_title_bg_overlay":0.5,"ocean_post_title_bg_overlay_color":"","ocean_disable_breadcrumbs":"default","ocean_breadcrumbs_color":"","ocean_breadcrumbs_separator_color":"","ocean_breadcrumbs_links_color":"","ocean_breadcrumbs_links_hover_color":"","ocean_display_footer_widgets":"default","ocean_display_footer_bottom":"default","ocean_custom_footer_template":"","ocean_post_oembed":"","ocean_post_self_hosted_media":"","ocean_post_video_embed":"","ocean_link_format":"","ocean_link_format_target":"self","ocean_quote_format":"","ocean_quote_format_link":"post","ocean_gallery_link_images":"on","ocean_gallery_id":[]},"categories":[9],"tags":[1420,1490,82],"acf":[],"_links":{"self":[{"href":"https:\/\/www.simepe.com.br\/novo\/wp-json\/wp\/v2\/posts\/58166"}],"collection":[{"href":"https:\/\/www.simepe.com.br\/novo\/wp-json\/wp\/v2\/posts"}],"about":[{"href":"https:\/\/www.simepe.com.br\/novo\/wp-json\/wp\/v2\/types\/post"}],"author":[{"embeddable":true,"href":"https:\/\/www.simepe.com.br\/novo\/wp-json\/wp\/v2\/users\/1"}],"replies":[{"embeddable":true,"href":"https:\/\/www.simepe.com.br\/novo\/wp-json\/wp\/v2\/comments?post=58166"}],"version-history":[{"count":1,"href":"https:\/\/www.simepe.com.br\/novo\/wp-json\/wp\/v2\/posts\/58166\/revisions"}],"predecessor-version":[{"id":58180,"href":"https:\/\/www.simepe.com.br\/novo\/wp-json\/wp\/v2\/posts\/58166\/revisions\/58180"}],"wp:attachment":[{"href":"https:\/\/www.simepe.com.br\/novo\/wp-json\/wp\/v2\/media?parent=58166"}],"wp:term":[{"taxonomy":"category","embeddable":true,"href":"https:\/\/www.simepe.com.br\/novo\/wp-json\/wp\/v2\/categories?post=58166"},{"taxonomy":"post_tag","embeddable":true,"href":"https:\/\/www.simepe.com.br\/novo\/wp-json\/wp\/v2\/tags?post=58166"}],"curies":[{"name":"wp","href":"https:\/\/api.w.org\/{rel}","templated":true}]}}