{"id":58171,"date":"2021-02-24T13:18:06","date_gmt":"2021-02-24T16:18:06","guid":{"rendered":"https:\/\/www.simepe.com.br\/novo\/?p=58171"},"modified":"2021-02-24T13:18:06","modified_gmt":"2021-02-24T16:18:06","slug":"curitiba-lanca-campanha-de-conscientizacao-sobre-a-covid-19","status":"publish","type":"post","link":"https:\/\/www.simepe.com.br\/novo\/curitiba-lanca-campanha-de-conscientizacao-sobre-a-covid-19\/","title":{"rendered":"Curitiba lan\u00e7a campanha de conscientiza\u00e7\u00e3o sobre a Covid-19"},"content":{"rendered":"<p style=\"text-align: justify;\">A Prefeitura de Curitiba est\u00e1 veiculando uma campanha com depoimentos reais e espont\u00e2neos dos profissionais da linha de frente da covid-19.<\/p>\n<p style=\"text-align: justify;\">O in\u00edcio da vacina\u00e7\u00e3o contra a covid-19 despertou esperan\u00e7a, mas tamb\u00e9m acendeu um sinal de alerta para as autoridades em sa\u00fade: o risco de relaxamento do distanciamento social e do uso de m\u00e1scaras por parte da popula\u00e7\u00e3o, cuidados que ajudam a salvar vidas e n\u00e3o poder\u00e3o ser dispensados t\u00e3o cedo.<\/p>\n<p style=\"text-align: justify;\">Para despertar a consci\u00eancia e a responsabilidade dos curitibanos, a Prefeitura lan\u00e7ou nesta ter\u00e7a-feira (23\/2), em suas redes sociais, uma campanha com depoimentos reais e espont\u00e2neos dos profissionais que trabalham na linha de frente da covid-19.<\/p>\n<p style=\"text-align: justify;\">Com o mote \u201cNossa luta depende da sua\u201d, m\u00e9dicos, enfermeiras, fisioterapeutas, t\u00e9cnicos em enfermagem, socorristas do Samu relatam seus sentimentos em rela\u00e7\u00e3o ao comportamento negacionista de parte da popula\u00e7\u00e3o com a gravidade do v\u00edrus e da pandemia.<\/p>\n<p style=\"text-align: justify;\">\u201cHer\u00f3is s\u00e3o os que ficam em casa, her\u00f3is s\u00e3o aqueles que realmente preservam sua fam\u00edlia\u201d, diz Edson Tavares, t\u00e9cnico em enfermagem da Unidade de Sa\u00fade Tapaj\u00f3s.<\/p>\n<p style=\"text-align: justify;\">A campanha foi elaborada pela Secretaria Municipal de Comunica\u00e7\u00e3o Social com orienta\u00e7\u00e3o da Secretaria Municipal da Sa\u00fade.<\/p>\n<p style=\"text-align: justify;\">Choque de realidade<br \/>\nPara Daniele Sukoski, enfermeira socorrista do Samu, o choque de realidade na sociedade \u00e9 necess\u00e1rio, especialmente agora com o aumento do n\u00famero de infectados e de atendimentos nos servi\u00e7os de sa\u00fade.<\/p>\n<p style=\"text-align: justify;\">\u201cA gente passa de ambul\u00e2ncia e ainda v\u00ea gente na rua sem usar m\u00e1scara. O sentimento \u00e9 de indigna\u00e7\u00e3o. D\u00e1 vontade de falar assim: vem aqui fazer um plant\u00e3o comigo, ver o que eu vejo por um dia ou por um atendimento. N\u00e3o precisa mais que isso\u201d, fala Daniele.<\/p>\n<p style=\"text-align: justify;\">Fisioterapeuta de UTI h\u00e1 14 anos, Regiane Borsato \u00e9 intensivista do Hospital Vit\u00f3ria, uma das unidades que atendem exclusivamente covid-19 na cidade. Para a profissional, se as pessoas pensassem mais nelas e no pr\u00f3ximo, o n\u00famero de contaminados seria muito menor.<\/p>\n<p style=\"text-align: justify;\">\u201cTrabalho h\u00e1 14 anos em UTI, claro que sempre vi pacientes graves, mas nunca nessa quantidade, nunca fam\u00edlias internadas juntas, nunca tivemos pai e filho entubados juntos. Esses dias morreu um senhor e sabe como ele se infectou? Numa roda de truco. As pessoas n\u00e3o valorizam esse v\u00edrus\u201d, disse Regiane.<\/p>\n<p style=\"text-align: justify;\">A campanha tem quatro v\u00eddeos com dois depoimentos de dois profissionais em cada. Para acessar, acompanhe o Facebook da Prefeitura (facebook.com\/PrefsCuritiba) ou no Instagram (@curitiba_pmc).<\/p>\n<p style=\"text-align: justify;\">Fonte: Sindicato dos M\u00e9dicos no Estado do Paran\u00e1 (Simepar)<\/p>\n","protected":false},"excerpt":{"rendered":"<p>A Prefeitura de Curitiba est\u00e1 veiculando uma campanha com depoimentos reais e espont\u00e2neos dos profissionais da linha de frente da covid-19. O in\u00edcio da vacina\u00e7\u00e3o contra a covid-19 despertou esperan\u00e7a, mas tamb\u00e9m acendeu um sinal de alerta para as autoridades em sa\u00fade: o risco de relaxamento do distanciamento social e do uso de m\u00e1scaras por [&hellip;]<\/p>\n","protected":false},"author":1,"featured_media":58172,"comment_status":"open","ping_status":"open","sticky":false,"template":"","format":"standard","meta":{"ocean_post_layout":"","ocean_both_sidebars_style":"","ocean_both_sidebars_content_width":0,"ocean_both_sidebars_sidebars_width":0,"ocean_sidebar":"","ocean_second_sidebar":"","ocean_disable_margins":"enable","ocean_add_body_class":"","ocean_shortcode_before_top_bar":"","ocean_shortcode_after_top_bar":"","ocean_shortcode_before_header":"","ocean_shortcode_after_header":"","ocean_has_shortcode":"","ocean_shortcode_after_title":"","ocean_shortcode_before_footer_widgets":"","ocean_shortcode_after_footer_widgets":"","ocean_shortcode_before_footer_bottom":"","ocean_shortcode_after_footer_bottom":"","ocean_display_top_bar":"default","ocean_display_header":"default","ocean_header_style":"","ocean_center_header_left_menu":"","ocean_custom_header_template":"","ocean_custom_logo":0,"ocean_custom_retina_logo":0,"ocean_custom_logo_max_width":0,"ocean_custom_logo_tablet_max_width":0,"ocean_custom_logo_mobile_max_width":0,"ocean_custom_logo_max_height":0,"ocean_custom_logo_tablet_max_height":0,"ocean_custom_logo_mobile_max_height":0,"ocean_header_custom_menu":"","ocean_menu_typo_font_family":"","ocean_menu_typo_font_subset":"","ocean_menu_typo_font_size":0,"ocean_menu_typo_font_size_tablet":0,"ocean_menu_typo_font_size_mobile":0,"ocean_menu_typo_font_size_unit":"px","ocean_menu_typo_font_weight":"","ocean_menu_typo_font_weight_tablet":"","ocean_menu_typo_font_weight_mobile":"","ocean_menu_typo_transform":"","ocean_menu_typo_transform_tablet":"","ocean_menu_typo_transform_mobile":"","ocean_menu_typo_line_height":0,"ocean_menu_typo_line_height_tablet":0,"ocean_menu_typo_line_height_mobile":0,"ocean_menu_typo_line_height_unit":"","ocean_menu_typo_spacing":0,"ocean_menu_typo_spacing_tablet":0,"ocean_menu_typo_spacing_mobile":0,"ocean_menu_typo_spacing_unit":"","ocean_menu_link_color":"","ocean_menu_link_color_hover":"","ocean_menu_link_color_active":"","ocean_menu_link_background":"","ocean_menu_link_hover_background":"","ocean_menu_link_active_background":"","ocean_menu_social_links_bg":"","ocean_menu_social_hover_links_bg":"","ocean_menu_social_links_color":"","ocean_menu_social_hover_links_color":"","ocean_disable_title":"default","ocean_disable_heading":"default","ocean_post_title":"","ocean_post_subheading":"","ocean_post_title_style":"","ocean_post_title_background_color":"","ocean_post_title_background":0,"ocean_post_title_bg_image_position":"","ocean_post_title_bg_image_attachment":"","ocean_post_title_bg_image_repeat":"","ocean_post_title_bg_image_size":"","ocean_post_title_height":0,"ocean_post_title_bg_overlay":0.5,"ocean_post_title_bg_overlay_color":"","ocean_disable_breadcrumbs":"default","ocean_breadcrumbs_color":"","ocean_breadcrumbs_separator_color":"","ocean_breadcrumbs_links_color":"","ocean_breadcrumbs_links_hover_color":"","ocean_display_footer_widgets":"default","ocean_display_footer_bottom":"default","ocean_custom_footer_template":"","ocean_post_oembed":"","ocean_post_self_hosted_media":"","ocean_post_video_embed":"","ocean_link_format":"","ocean_link_format_target":"self","ocean_quote_format":"","ocean_quote_format_link":"post","ocean_gallery_link_images":"on","ocean_gallery_id":[]},"categories":[1],"tags":[],"acf":[],"_links":{"self":[{"href":"https:\/\/www.simepe.com.br\/novo\/wp-json\/wp\/v2\/posts\/58171"}],"collection":[{"href":"https:\/\/www.simepe.com.br\/novo\/wp-json\/wp\/v2\/posts"}],"about":[{"href":"https:\/\/www.simepe.com.br\/novo\/wp-json\/wp\/v2\/types\/post"}],"author":[{"embeddable":true,"href":"https:\/\/www.simepe.com.br\/novo\/wp-json\/wp\/v2\/users\/1"}],"replies":[{"embeddable":true,"href":"https:\/\/www.simepe.com.br\/novo\/wp-json\/wp\/v2\/comments?post=58171"}],"version-history":[{"count":1,"href":"https:\/\/www.simepe.com.br\/novo\/wp-json\/wp\/v2\/posts\/58171\/revisions"}],"predecessor-version":[{"id":58173,"href":"https:\/\/www.simepe.com.br\/novo\/wp-json\/wp\/v2\/posts\/58171\/revisions\/58173"}],"wp:featuredmedia":[{"embeddable":true,"href":"https:\/\/www.simepe.com.br\/novo\/wp-json\/wp\/v2\/media\/58172"}],"wp:attachment":[{"href":"https:\/\/www.simepe.com.br\/novo\/wp-json\/wp\/v2\/media?parent=58171"}],"wp:term":[{"taxonomy":"category","embeddable":true,"href":"https:\/\/www.simepe.com.br\/novo\/wp-json\/wp\/v2\/categories?post=58171"},{"taxonomy":"post_tag","embeddable":true,"href":"https:\/\/www.simepe.com.br\/novo\/wp-json\/wp\/v2\/tags?post=58171"}],"curies":[{"name":"wp","href":"https:\/\/api.w.org\/{rel}","templated":true}]}}