{"id":58190,"date":"2021-02-24T13:39:48","date_gmt":"2021-02-24T16:39:48","guid":{"rendered":"https:\/\/www.simepe.com.br\/novo\/?p=58190"},"modified":"2021-02-24T13:39:48","modified_gmt":"2021-02-24T16:39:48","slug":"limoeiro-estabelece-novas-medidas-para-conter-o-avanco-da-pandemia","status":"publish","type":"post","link":"https:\/\/www.simepe.com.br\/novo\/limoeiro-estabelece-novas-medidas-para-conter-o-avanco-da-pandemia\/","title":{"rendered":"Limoeiro estabelece novas medidas para conter o avan\u00e7o da pandemia"},"content":{"rendered":"<p><em>A decis\u00e3o tem como base o Decreto Estadual 50.308 do governo de PE.<\/em><\/p>\n<p>A Prefeitura de Limoeiro estabeleceu, por meio do Decreto 09, novas medidas restritivas de car\u00e1ter excepcional e tempor\u00e1rio para conter o avan\u00e7o dos casos de Covid-19 no munic\u00edpio. A decis\u00e3o tem como base o Decreto Estadual 50.308, divulgado pelo Governo de Pernambuco, na tarde dessa ter\u00e7a-feira (23), o qual lista uma s\u00e9rie de restri\u00e7\u00f5es para as atividades econ\u00f4micas e sociais. As proibi\u00e7\u00f5es valem para os munic\u00edpios que integram as \u00e1reas de cobertura das Ger\u00eancias Regionais de Sa\u00fade de Limoeiro, Caruaru e Ouricuri.<\/p>\n<p>De acordo com o documento, fica proibida em todo o territ\u00f3rio municipal aglomera\u00e7\u00e3o de pessoas em servi\u00e7os p\u00fablicos e privados, bem como atividades desportivas ou correlacionadas, pra\u00e7as, bares, igrejas, restaurantes, lanchonetes, academias, escolas, pontos de com\u00e9rcio, casas de festas, piscinas e clubes de lazer em geral. J\u00e1 o funcionamento dessas atividades est\u00e1 proibido entre 20h e 5h de segunda a sexta-feira; s\u00e1bados e domingos, entre 17h e 5h. O decreto tem validade por 15 dias ou enquanto durar o Estado de Emerg\u00eancia em Sa\u00fade.<\/p>\n<p>Os estabelecimentos gastron\u00f4micos dever\u00e3o fixar, em local vis\u00edvel, a quantidade de mesas dispon\u00edveis e a capacidade m\u00e1xima de pessoas dentro do espa\u00e7o. Caso a medida n\u00e3o seja respeitada, a Vigil\u00e2ncia Sanit\u00e1ria poder\u00e1 notificar para aplica\u00e7\u00e3o de penalidade. Outra medida restritiva ser\u00e1 no servi\u00e7o p\u00fablico. No per\u00edodo de 24 de fevereiro a 10 de mar\u00e7o de 2021, os atendimentos nas reparti\u00e7\u00f5es p\u00fablicas municipais est\u00e3o suspensos, com exce\u00e7\u00e3o dos considerados essenciais.<\/p>\n<p>O documento assinado pelo prefeito Orlando Jorge ainda determina que as pessoas infectadas com o coronav\u00edrus ou com determina\u00e7\u00e3o de isolamento por autoridade de sa\u00fade devem manter-se em isolamento pelo tempo recomendado, sujeito \u00e0s san\u00e7\u00f5es previstas no C\u00f3digo Penal caso n\u00e3o respeitem. Inclusive, esse p\u00fablico dever\u00e1 assinar Termo de Isolamento Domiciliar a ser entregue pela Equipe de Sa\u00fade da Fam\u00edlia (ESF) de refer\u00eancia do paciente.<\/p>\n<p>De acordo com a prefeitura, o uso de m\u00e1scara segue obrigat\u00f3rio em todos os espa\u00e7os p\u00fablicos ou de uso coletivo (mesmo que a \u00e1rea seja particular) e a comprova\u00e7\u00e3o de imuniza\u00e7\u00e3o contra a Covid-19 n\u00e3o desobriga o uso dela. Os estabelecimentos p\u00fablicos e privados devem proibir a entrada de pessoas sem a utiliza\u00e7\u00e3o correta do item de prote\u00e7\u00e3o. Caso algu\u00e9m se recuse a usar, sua retirada do local dever\u00e1 ser determinada, podendo a for\u00e7a policial ser acionada. O decreto ainda refor\u00e7a a obrigatoriedade de os setores disponibilizarem \u00e1lcool 70%.<\/p>\n<p>Quanto ao setor educacional, a administra\u00e7\u00e3o estabeleceu a suspens\u00e3o das aulas nas escolas da Rede Municipal de Ensino at\u00e9 o dia 12 mar\u00e7o de 2021. Para as escolas da Rede Privada, a Prefeitura de Limoeiro recomendou que as dire\u00e7\u00f5es procedam com a suspens\u00e3o das aulas presenciais, optando, neste caso, pelas aulas remotas.<\/p>\n<p>Fonte:\u00a0NE10 Interior<\/p>\n<div><\/div>\n","protected":false},"excerpt":{"rendered":"<p>A decis\u00e3o tem como base o Decreto Estadual 50.308 do governo de PE. A Prefeitura de Limoeiro estabeleceu, por meio do Decreto 09, novas medidas restritivas de car\u00e1ter excepcional e tempor\u00e1rio para conter o avan\u00e7o dos casos de Covid-19 no munic\u00edpio. A decis\u00e3o tem como base o Decreto Estadual 50.308, divulgado pelo Governo de Pernambuco, [&hellip;]<\/p>\n","protected":false},"author":1,"featured_media":0,"comment_status":"open","ping_status":"open","sticky":false,"template":"","format":"standard","meta":{"ocean_post_layout":"","ocean_both_sidebars_style":"","ocean_both_sidebars_content_width":0,"ocean_both_sidebars_sidebars_width":0,"ocean_sidebar":"","ocean_second_sidebar":"","ocean_disable_margins":"enable","ocean_add_body_class":"","ocean_shortcode_before_top_bar":"","ocean_shortcode_after_top_bar":"","ocean_shortcode_before_header":"","ocean_shortcode_after_header":"","ocean_has_shortcode":"","ocean_shortcode_after_title":"","ocean_shortcode_before_footer_widgets":"","ocean_shortcode_after_footer_widgets":"","ocean_shortcode_before_footer_bottom":"","ocean_shortcode_after_footer_bottom":"","ocean_display_top_bar":"default","ocean_display_header":"default","ocean_header_style":"","ocean_center_header_left_menu":"","ocean_custom_header_template":"","ocean_custom_logo":0,"ocean_custom_retina_logo":0,"ocean_custom_logo_max_width":0,"ocean_custom_logo_tablet_max_width":0,"ocean_custom_logo_mobile_max_width":0,"ocean_custom_logo_max_height":0,"ocean_custom_logo_tablet_max_height":0,"ocean_custom_logo_mobile_max_height":0,"ocean_header_custom_menu":"","ocean_menu_typo_font_family":"","ocean_menu_typo_font_subset":"","ocean_menu_typo_font_size":0,"ocean_menu_typo_font_size_tablet":0,"ocean_menu_typo_font_size_mobile":0,"ocean_menu_typo_font_size_unit":"px","ocean_menu_typo_font_weight":"","ocean_menu_typo_font_weight_tablet":"","ocean_menu_typo_font_weight_mobile":"","ocean_menu_typo_transform":"","ocean_menu_typo_transform_tablet":"","ocean_menu_typo_transform_mobile":"","ocean_menu_typo_line_height":0,"ocean_menu_typo_line_height_tablet":0,"ocean_menu_typo_line_height_mobile":0,"ocean_menu_typo_line_height_unit":"","ocean_menu_typo_spacing":0,"ocean_menu_typo_spacing_tablet":0,"ocean_menu_typo_spacing_mobile":0,"ocean_menu_typo_spacing_unit":"","ocean_menu_link_color":"","ocean_menu_link_color_hover":"","ocean_menu_link_color_active":"","ocean_menu_link_background":"","ocean_menu_link_hover_background":"","ocean_menu_link_active_background":"","ocean_menu_social_links_bg":"","ocean_menu_social_hover_links_bg":"","ocean_menu_social_links_color":"","ocean_menu_social_hover_links_color":"","ocean_disable_title":"default","ocean_disable_heading":"default","ocean_post_title":"","ocean_post_subheading":"","ocean_post_title_style":"","ocean_post_title_background_color":"","ocean_post_title_background":0,"ocean_post_title_bg_image_position":"","ocean_post_title_bg_image_attachment":"","ocean_post_title_bg_image_repeat":"","ocean_post_title_bg_image_size":"","ocean_post_title_height":0,"ocean_post_title_bg_overlay":0.5,"ocean_post_title_bg_overlay_color":"","ocean_disable_breadcrumbs":"default","ocean_breadcrumbs_color":"","ocean_breadcrumbs_separator_color":"","ocean_breadcrumbs_links_color":"","ocean_breadcrumbs_links_hover_color":"","ocean_display_footer_widgets":"default","ocean_display_footer_bottom":"default","ocean_custom_footer_template":"","ocean_post_oembed":"","ocean_post_self_hosted_media":"","ocean_post_video_embed":"","ocean_link_format":"","ocean_link_format_target":"self","ocean_quote_format":"","ocean_quote_format_link":"post","ocean_gallery_link_images":"on","ocean_gallery_id":[]},"categories":[9],"tags":[1420,1490,82],"acf":[],"_links":{"self":[{"href":"https:\/\/www.simepe.com.br\/novo\/wp-json\/wp\/v2\/posts\/58190"}],"collection":[{"href":"https:\/\/www.simepe.com.br\/novo\/wp-json\/wp\/v2\/posts"}],"about":[{"href":"https:\/\/www.simepe.com.br\/novo\/wp-json\/wp\/v2\/types\/post"}],"author":[{"embeddable":true,"href":"https:\/\/www.simepe.com.br\/novo\/wp-json\/wp\/v2\/users\/1"}],"replies":[{"embeddable":true,"href":"https:\/\/www.simepe.com.br\/novo\/wp-json\/wp\/v2\/comments?post=58190"}],"version-history":[{"count":1,"href":"https:\/\/www.simepe.com.br\/novo\/wp-json\/wp\/v2\/posts\/58190\/revisions"}],"predecessor-version":[{"id":58192,"href":"https:\/\/www.simepe.com.br\/novo\/wp-json\/wp\/v2\/posts\/58190\/revisions\/58192"}],"wp:attachment":[{"href":"https:\/\/www.simepe.com.br\/novo\/wp-json\/wp\/v2\/media?parent=58190"}],"wp:term":[{"taxonomy":"category","embeddable":true,"href":"https:\/\/www.simepe.com.br\/novo\/wp-json\/wp\/v2\/categories?post=58190"},{"taxonomy":"post_tag","embeddable":true,"href":"https:\/\/www.simepe.com.br\/novo\/wp-json\/wp\/v2\/tags?post=58190"}],"curies":[{"name":"wp","href":"https:\/\/api.w.org\/{rel}","templated":true}]}}