{"id":58194,"date":"2021-02-24T13:44:58","date_gmt":"2021-02-24T16:44:58","guid":{"rendered":"https:\/\/www.simepe.com.br\/novo\/?p=58194"},"modified":"2021-02-24T13:44:58","modified_gmt":"2021-02-24T16:44:58","slug":"pesquisador-aponta-toritama-santa-cruz-do-capibaribe-e-garanhuns-com-alta-no-contagio-do-coronavirus","status":"publish","type":"post","link":"https:\/\/www.simepe.com.br\/novo\/pesquisador-aponta-toritama-santa-cruz-do-capibaribe-e-garanhuns-com-alta-no-contagio-do-coronavirus\/","title":{"rendered":"Pesquisador aponta Toritama, Santa Cruz do Capibaribe e Garanhuns com alta no cont\u00e1gio do coronav\u00edrus"},"content":{"rendered":"<p><em>Jonas Albuquerque falou sobre o aumento dos casos da Covid-19 em Pernambuco, durante entrevista ao Povo na TV.<\/em><\/p>\n<p>Os casos de coronav\u00edrus est\u00e3o registrando alta em Pernambuco desde o fim de dezembro. Os munic\u00edpios do Agreste est\u00e3o entre aqueles com altas taxas de cont\u00e1gio. Em entrevista ao Povo na TV, o pesquisador do Instituto para Redu\u00e7\u00e3o de Riscos e Desastres de Pernambuco da UFRPE (IRRD), Jonas Albuquerque fala sobre o aumento da infec\u00e7\u00e3o da Covid-19 no interior.<\/p>\n<p>De acordo com o pesquisador, a tend\u00eancia de crescimento da doen\u00e7a \u00e9 registrada a partir de 31 de dezembro, depois das festas de fim de ano, e mais recentemente do Carnaval. &#8220;O que a gente observa \u00e9 que a gente aumentou demais a infec\u00e7\u00e3o no estado como um todo&#8221;, afirma.<\/p>\n<p>Utilizando gr\u00e1ficos e mapas com a curva de contamina\u00e7\u00e3o do v\u00edrus, Jonas explica como est\u00e1 a situa\u00e7\u00e3o, atualmente, das cidades e qual foi o fator determinante para o aumento dos casos. &#8220;Algumas das cidades do estado est\u00e3o indo para uma regi\u00e3o muito cr\u00edtica de risco vermelho da situa\u00e7\u00e3o. Quando isso soma-se ao comportamento relaxado de toda as esferas. Todo mundo cansou, a gente perdeu a consci\u00eancia pand\u00eamica&#8221;.<\/p>\n<p><strong>Covid-19 no Agreste<\/strong><br \/>\nSobre as novas variantes, que o secret\u00e1rio de Sa\u00fade de Caruaru, Breno Feitoza, j\u00e1 havia confirmado que elas est\u00e3o em circula\u00e7\u00e3o no Agreste, o pesquisador diz que pode ser, inclusive, que outras muta\u00e7\u00f5es, ainda n\u00e3o identificadas, estejam em circula\u00e7\u00e3o. A grande circula\u00e7\u00e3o de pessoas, que est\u00e1 alta em Pernambuco, \u00e9 o fator respons\u00e1vel pelo surgimento e prolifera\u00e7\u00e3o das variantes.<\/p>\n<p>Entre os munic\u00edpios do interior do estado com alto risco de cont\u00e1gio ele destacou Toritama, Santa Cruz do Capibaribe e Garanhuns. A n\u00edvel nacional ele lembra que a pandemia nunca deu sinais de desacelera\u00e7\u00e3o. &#8220;A gente n\u00e3o d\u00e1 sinal algum de queda. O mundo tem um sinal de queda porque v\u00e1rios pa\u00edses &#8216;trancaram-se&#8217; e vacinaram massivamente&#8221;.<\/p>\n<p>A preocupa\u00e7\u00e3o maior, segundo Jonas, \u00e9 que o v\u00edrus est\u00e1 atingindo de forma agressiva e simult\u00e2nea o interior e a regi\u00e3o metropolitana. E para conter essa nova onda, ele afirma que seria necess\u00e1ria medidas integradas de isolamento social, n\u00e3o adianta uma cidade se isolar e as demais, que est\u00e3o ao redor, continuarem com ampla circula\u00e7\u00e3o.<\/p>\n<p>Fonte: Ne10 Interior<\/p>\n","protected":false},"excerpt":{"rendered":"<p>Jonas Albuquerque falou sobre o aumento dos casos da Covid-19 em Pernambuco, durante entrevista ao Povo na TV. Os casos de coronav\u00edrus est\u00e3o registrando alta em Pernambuco desde o fim de dezembro. Os munic\u00edpios do Agreste est\u00e3o entre aqueles com altas taxas de cont\u00e1gio. Em entrevista ao Povo na TV, o pesquisador do Instituto para [&hellip;]<\/p>\n","protected":false},"author":1,"featured_media":0,"comment_status":"open","ping_status":"open","sticky":false,"template":"","format":"standard","meta":{"ocean_post_layout":"","ocean_both_sidebars_style":"","ocean_both_sidebars_content_width":0,"ocean_both_sidebars_sidebars_width":0,"ocean_sidebar":"","ocean_second_sidebar":"","ocean_disable_margins":"enable","ocean_add_body_class":"","ocean_shortcode_before_top_bar":"","ocean_shortcode_after_top_bar":"","ocean_shortcode_before_header":"","ocean_shortcode_after_header":"","ocean_has_shortcode":"","ocean_shortcode_after_title":"","ocean_shortcode_before_footer_widgets":"","ocean_shortcode_after_footer_widgets":"","ocean_shortcode_before_footer_bottom":"","ocean_shortcode_after_footer_bottom":"","ocean_display_top_bar":"default","ocean_display_header":"default","ocean_header_style":"","ocean_center_header_left_menu":"","ocean_custom_header_template":"","ocean_custom_logo":0,"ocean_custom_retina_logo":0,"ocean_custom_logo_max_width":0,"ocean_custom_logo_tablet_max_width":0,"ocean_custom_logo_mobile_max_width":0,"ocean_custom_logo_max_height":0,"ocean_custom_logo_tablet_max_height":0,"ocean_custom_logo_mobile_max_height":0,"ocean_header_custom_menu":"","ocean_menu_typo_font_family":"","ocean_menu_typo_font_subset":"","ocean_menu_typo_font_size":0,"ocean_menu_typo_font_size_tablet":0,"ocean_menu_typo_font_size_mobile":0,"ocean_menu_typo_font_size_unit":"px","ocean_menu_typo_font_weight":"","ocean_menu_typo_font_weight_tablet":"","ocean_menu_typo_font_weight_mobile":"","ocean_menu_typo_transform":"","ocean_menu_typo_transform_tablet":"","ocean_menu_typo_transform_mobile":"","ocean_menu_typo_line_height":0,"ocean_menu_typo_line_height_tablet":0,"ocean_menu_typo_line_height_mobile":0,"ocean_menu_typo_line_height_unit":"","ocean_menu_typo_spacing":0,"ocean_menu_typo_spacing_tablet":0,"ocean_menu_typo_spacing_mobile":0,"ocean_menu_typo_spacing_unit":"","ocean_menu_link_color":"","ocean_menu_link_color_hover":"","ocean_menu_link_color_active":"","ocean_menu_link_background":"","ocean_menu_link_hover_background":"","ocean_menu_link_active_background":"","ocean_menu_social_links_bg":"","ocean_menu_social_hover_links_bg":"","ocean_menu_social_links_color":"","ocean_menu_social_hover_links_color":"","ocean_disable_title":"default","ocean_disable_heading":"default","ocean_post_title":"","ocean_post_subheading":"","ocean_post_title_style":"","ocean_post_title_background_color":"","ocean_post_title_background":0,"ocean_post_title_bg_image_position":"","ocean_post_title_bg_image_attachment":"","ocean_post_title_bg_image_repeat":"","ocean_post_title_bg_image_size":"","ocean_post_title_height":0,"ocean_post_title_bg_overlay":0.5,"ocean_post_title_bg_overlay_color":"","ocean_disable_breadcrumbs":"default","ocean_breadcrumbs_color":"","ocean_breadcrumbs_separator_color":"","ocean_breadcrumbs_links_color":"","ocean_breadcrumbs_links_hover_color":"","ocean_display_footer_widgets":"default","ocean_display_footer_bottom":"default","ocean_custom_footer_template":"","ocean_post_oembed":"","ocean_post_self_hosted_media":"","ocean_post_video_embed":"","ocean_link_format":"","ocean_link_format_target":"self","ocean_quote_format":"","ocean_quote_format_link":"post","ocean_gallery_link_images":"on","ocean_gallery_id":[]},"categories":[9],"tags":[1420,1490],"acf":[],"_links":{"self":[{"href":"https:\/\/www.simepe.com.br\/novo\/wp-json\/wp\/v2\/posts\/58194"}],"collection":[{"href":"https:\/\/www.simepe.com.br\/novo\/wp-json\/wp\/v2\/posts"}],"about":[{"href":"https:\/\/www.simepe.com.br\/novo\/wp-json\/wp\/v2\/types\/post"}],"author":[{"embeddable":true,"href":"https:\/\/www.simepe.com.br\/novo\/wp-json\/wp\/v2\/users\/1"}],"replies":[{"embeddable":true,"href":"https:\/\/www.simepe.com.br\/novo\/wp-json\/wp\/v2\/comments?post=58194"}],"version-history":[{"count":1,"href":"https:\/\/www.simepe.com.br\/novo\/wp-json\/wp\/v2\/posts\/58194\/revisions"}],"predecessor-version":[{"id":58195,"href":"https:\/\/www.simepe.com.br\/novo\/wp-json\/wp\/v2\/posts\/58194\/revisions\/58195"}],"wp:attachment":[{"href":"https:\/\/www.simepe.com.br\/novo\/wp-json\/wp\/v2\/media?parent=58194"}],"wp:term":[{"taxonomy":"category","embeddable":true,"href":"https:\/\/www.simepe.com.br\/novo\/wp-json\/wp\/v2\/categories?post=58194"},{"taxonomy":"post_tag","embeddable":true,"href":"https:\/\/www.simepe.com.br\/novo\/wp-json\/wp\/v2\/tags?post=58194"}],"curies":[{"name":"wp","href":"https:\/\/api.w.org\/{rel}","templated":true}]}}