{"id":58197,"date":"2021-02-24T13:47:52","date_gmt":"2021-02-24T16:47:52","guid":{"rendered":"https:\/\/www.simepe.com.br\/novo\/?p=58197"},"modified":"2021-02-24T13:47:52","modified_gmt":"2021-02-24T16:47:52","slug":"secretario-de-saude-diz-que-medidas-restritivas-sao-freio-de-arrumacao-para-conter-a-covid-19","status":"publish","type":"post","link":"https:\/\/www.simepe.com.br\/novo\/secretario-de-saude-diz-que-medidas-restritivas-sao-freio-de-arrumacao-para-conter-a-covid-19\/","title":{"rendered":"Secret\u00e1rio de Sa\u00fade diz que medidas restritivas s\u00e3o &#8220;freio de arruma\u00e7\u00e3o&#8221; para conter a Covid-19"},"content":{"rendered":"<p><em>Andr\u00e9 Longo destacou que o Governo do Estado pretende regredir a press\u00e3o provocada no sistema de sa\u00fade pelo aumento de casos.<\/em><\/p>\n<p>O Governo de Pernambuco anunciou na \u00faltima ter\u00e7a-feira (23) que adotar\u00e1 novas medidas restritivas no combate \u00e0 pandemia da Covid-19 no Estado. Em entrevista \u00e0 R\u00e1dio Jornal, o secret\u00e1rio estadual de Sa\u00fade, Andr\u00e9 Longo, destacou que as estrat\u00e9gias apresentadas no novo decreto buscam a regredir a press\u00e3o provocada no sistema de sa\u00fade pelo aumento de casos.<\/p>\n<p>De acordo com o decreto publicado no Di\u00e1rio Oficial, de 26 de fevereiro a 10 de mar\u00e7o, apenas os servi\u00e7os essenciais v\u00e3o funcionar nos 63 munic\u00edpios das II, IV e IX Ger\u00eancias Regionais de Sa\u00fade (Geres), com sedes em Limoeiro, Caruaru e Ouricuri, no Agreste e Sert\u00e3o. A medida foi detalhada por Andr\u00e9 Longo durante a entrevista.<\/p>\n<p>O secret\u00e1rio destacou que o governo estadual tem monitorado as atividades realizadas em todo o Estado e identificou um comportamento &#8220;anormal&#8221; na Zona da Mata Norte, no Agreste e no Araripe, o que provocou o aumento de casos de coronav\u00edrus nestas regi\u00f5es. &#8220;O governador Paulo C\u00e2mara adotou medidas proporcionais a situa\u00e7\u00e3o epidemiol\u00f3gica que a gente est\u00e1 diagnosticando nestes 63 munic\u00edpios que abrangem as tr\u00eas regionais de sa\u00fade&#8221;, explicou.<\/p>\n<p>Andr\u00e9 Longo destacou ainda que a ideia do governo estadual n\u00e3o \u00e9 de prejudicar o com\u00e9rcio e as atividades econ\u00f4micas, mas tem como objetivo, sobretudo, a conscientiza\u00e7\u00e3o das pessoas. &#8220;A gente preserva o funcionamento das atividades econ\u00f4micas nessas cidades mas d\u00e1 um &#8216;freio de arruma\u00e7\u00e3o&#8217; para que a popula\u00e7\u00e3o possa ajudar a diminuir a transmiss\u00e3o da doen\u00e7a e diminuir a quantidade de doentes que est\u00e1 chegando no sistema de sa\u00fade&#8221;, afirmou.<\/p>\n<p><strong>Fiscaliza\u00e7\u00e3o<\/strong><br \/>\nA respeito da fiscaliza\u00e7\u00e3o das novas medidas adotadas, o secret\u00e1rio de Sa\u00fade disse que existe um planejamento pensado junto com a Secretaria de Defesa Social (SDS), Procon, Vigil\u00e2ncia Sanit\u00e1ria e representantes das Geres. &#8220;At\u00e9 a pr\u00f3xima sexta-feira (26) um plano de fiscaliza\u00e7\u00e3o dever\u00e1 estar pronto para atuar nestas cidades&#8221;, explicou Longo.<\/p>\n<p>O secret\u00e1rio destacou ainda que a fiscaliza\u00e7\u00e3o ser\u00e1 feita em conjunto com os poderes p\u00fablicos municipais dos 63 munic\u00edpios.<\/p>\n<p>Fonte: NE10 Interior<\/p>\n","protected":false},"excerpt":{"rendered":"<p>Andr\u00e9 Longo destacou que o Governo do Estado pretende regredir a press\u00e3o provocada no sistema de sa\u00fade pelo aumento de casos. O Governo de Pernambuco anunciou na \u00faltima ter\u00e7a-feira (23) que adotar\u00e1 novas medidas restritivas no combate \u00e0 pandemia da Covid-19 no Estado. Em entrevista \u00e0 R\u00e1dio Jornal, o secret\u00e1rio estadual de Sa\u00fade, Andr\u00e9 Longo, [&hellip;]<\/p>\n","protected":false},"author":1,"featured_media":0,"comment_status":"open","ping_status":"open","sticky":false,"template":"","format":"standard","meta":{"ocean_post_layout":"","ocean_both_sidebars_style":"","ocean_both_sidebars_content_width":0,"ocean_both_sidebars_sidebars_width":0,"ocean_sidebar":"","ocean_second_sidebar":"","ocean_disable_margins":"enable","ocean_add_body_class":"","ocean_shortcode_before_top_bar":"","ocean_shortcode_after_top_bar":"","ocean_shortcode_before_header":"","ocean_shortcode_after_header":"","ocean_has_shortcode":"","ocean_shortcode_after_title":"","ocean_shortcode_before_footer_widgets":"","ocean_shortcode_after_footer_widgets":"","ocean_shortcode_before_footer_bottom":"","ocean_shortcode_after_footer_bottom":"","ocean_display_top_bar":"default","ocean_display_header":"default","ocean_header_style":"","ocean_center_header_left_menu":"","ocean_custom_header_template":"","ocean_custom_logo":0,"ocean_custom_retina_logo":0,"ocean_custom_logo_max_width":0,"ocean_custom_logo_tablet_max_width":0,"ocean_custom_logo_mobile_max_width":0,"ocean_custom_logo_max_height":0,"ocean_custom_logo_tablet_max_height":0,"ocean_custom_logo_mobile_max_height":0,"ocean_header_custom_menu":"","ocean_menu_typo_font_family":"","ocean_menu_typo_font_subset":"","ocean_menu_typo_font_size":0,"ocean_menu_typo_font_size_tablet":0,"ocean_menu_typo_font_size_mobile":0,"ocean_menu_typo_font_size_unit":"px","ocean_menu_typo_font_weight":"","ocean_menu_typo_font_weight_tablet":"","ocean_menu_typo_font_weight_mobile":"","ocean_menu_typo_transform":"","ocean_menu_typo_transform_tablet":"","ocean_menu_typo_transform_mobile":"","ocean_menu_typo_line_height":0,"ocean_menu_typo_line_height_tablet":0,"ocean_menu_typo_line_height_mobile":0,"ocean_menu_typo_line_height_unit":"","ocean_menu_typo_spacing":0,"ocean_menu_typo_spacing_tablet":0,"ocean_menu_typo_spacing_mobile":0,"ocean_menu_typo_spacing_unit":"","ocean_menu_link_color":"","ocean_menu_link_color_hover":"","ocean_menu_link_color_active":"","ocean_menu_link_background":"","ocean_menu_link_hover_background":"","ocean_menu_link_active_background":"","ocean_menu_social_links_bg":"","ocean_menu_social_hover_links_bg":"","ocean_menu_social_links_color":"","ocean_menu_social_hover_links_color":"","ocean_disable_title":"default","ocean_disable_heading":"default","ocean_post_title":"","ocean_post_subheading":"","ocean_post_title_style":"","ocean_post_title_background_color":"","ocean_post_title_background":0,"ocean_post_title_bg_image_position":"","ocean_post_title_bg_image_attachment":"","ocean_post_title_bg_image_repeat":"","ocean_post_title_bg_image_size":"","ocean_post_title_height":0,"ocean_post_title_bg_overlay":0.5,"ocean_post_title_bg_overlay_color":"","ocean_disable_breadcrumbs":"default","ocean_breadcrumbs_color":"","ocean_breadcrumbs_separator_color":"","ocean_breadcrumbs_links_color":"","ocean_breadcrumbs_links_hover_color":"","ocean_display_footer_widgets":"default","ocean_display_footer_bottom":"default","ocean_custom_footer_template":"","ocean_post_oembed":"","ocean_post_self_hosted_media":"","ocean_post_video_embed":"","ocean_link_format":"","ocean_link_format_target":"self","ocean_quote_format":"","ocean_quote_format_link":"post","ocean_gallery_link_images":"on","ocean_gallery_id":[]},"categories":[9],"tags":[1420,1490,82],"acf":[],"_links":{"self":[{"href":"https:\/\/www.simepe.com.br\/novo\/wp-json\/wp\/v2\/posts\/58197"}],"collection":[{"href":"https:\/\/www.simepe.com.br\/novo\/wp-json\/wp\/v2\/posts"}],"about":[{"href":"https:\/\/www.simepe.com.br\/novo\/wp-json\/wp\/v2\/types\/post"}],"author":[{"embeddable":true,"href":"https:\/\/www.simepe.com.br\/novo\/wp-json\/wp\/v2\/users\/1"}],"replies":[{"embeddable":true,"href":"https:\/\/www.simepe.com.br\/novo\/wp-json\/wp\/v2\/comments?post=58197"}],"version-history":[{"count":1,"href":"https:\/\/www.simepe.com.br\/novo\/wp-json\/wp\/v2\/posts\/58197\/revisions"}],"predecessor-version":[{"id":58198,"href":"https:\/\/www.simepe.com.br\/novo\/wp-json\/wp\/v2\/posts\/58197\/revisions\/58198"}],"wp:attachment":[{"href":"https:\/\/www.simepe.com.br\/novo\/wp-json\/wp\/v2\/media?parent=58197"}],"wp:term":[{"taxonomy":"category","embeddable":true,"href":"https:\/\/www.simepe.com.br\/novo\/wp-json\/wp\/v2\/categories?post=58197"},{"taxonomy":"post_tag","embeddable":true,"href":"https:\/\/www.simepe.com.br\/novo\/wp-json\/wp\/v2\/tags?post=58197"}],"curies":[{"name":"wp","href":"https:\/\/api.w.org\/{rel}","templated":true}]}}