{"id":58225,"date":"2021-02-26T11:23:45","date_gmt":"2021-02-26T14:23:45","guid":{"rendered":"https:\/\/www.simepe.com.br\/novo\/?p=58225"},"modified":"2021-02-26T11:23:45","modified_gmt":"2021-02-26T14:23:45","slug":"primeiro-caso-da-covid-19-no-brasil-completa-um-ano","status":"publish","type":"post","link":"https:\/\/www.simepe.com.br\/novo\/primeiro-caso-da-covid-19-no-brasil-completa-um-ano\/","title":{"rendered":"Primeiro caso da Covid-19 no Brasil completa um ano"},"content":{"rendered":"<p><em>Linha do tempo mostra enfrentamento da pandemia no pa\u00eds.<\/em><\/p>\n<p>O Brasil identificou a primeira contamina\u00e7\u00e3o pelo novo coronav\u00edrus no final de fevereiro de 2020, enquanto a Europa j\u00e1 registrava centenas de casos da Covid-19. A declara\u00e7\u00e3o de transmiss\u00e3o comunit\u00e1ria no pa\u00eds veio em mar\u00e7o, m\u00eas em que tamb\u00e9m foi registrada a primeira morte pela doen\u00e7a.<\/p>\n<p>Em abril, em meio ao isolamento social, o governo adotou medidas para mitigar o efeito da doen\u00e7a na economia, como linhas de cr\u00e9dito para as empresas, e enviou ao Congresso Nacional proposta de cria\u00e7\u00e3o de aux\u00edlio emergencial, direcionado \u00e0 popula\u00e7\u00e3o mais vulner\u00e1vel.<\/p>\n<p>Ainda em 2020, estudos sobre a vacina contra Covid-19 avan\u00e7aram e tornaram real a possibilidade de imunizar a popula\u00e7\u00e3o. Em janeiro deste ano, o Brasil come\u00e7a a vacinar grupos priorit\u00e1rios, ap\u00f3s a Ag\u00eancia Nacional de Vigil\u00e2ncia Sanit\u00e1ria (Anvisa) aprovar o uso emergencial da CoronaVac e da vacina de Oxford.<\/p>\n<p>Com casos ainda em alta e vacina\u00e7\u00e3o em andamento, no in\u00edcio de 2021, v\u00e1rios estados decretam toque de recolher para tentar conter o avan\u00e7o da doen\u00e7a. E o carnaval \u00e9 cancelado para evitar aglomera\u00e7\u00f5es.<\/p>\n<p>Fonte: Folha de Pernambuco<\/p>\n","protected":false},"excerpt":{"rendered":"<p>Linha do tempo mostra enfrentamento da pandemia no pa\u00eds. O Brasil identificou a primeira contamina\u00e7\u00e3o pelo novo coronav\u00edrus no final de fevereiro de 2020, enquanto a Europa j\u00e1 registrava centenas de casos da Covid-19. A declara\u00e7\u00e3o de transmiss\u00e3o comunit\u00e1ria no pa\u00eds veio em mar\u00e7o, m\u00eas em que tamb\u00e9m foi registrada a primeira morte pela doen\u00e7a. [&hellip;]<\/p>\n","protected":false},"author":1,"featured_media":0,"comment_status":"open","ping_status":"open","sticky":false,"template":"","format":"standard","meta":{"ocean_post_layout":"","ocean_both_sidebars_style":"","ocean_both_sidebars_content_width":0,"ocean_both_sidebars_sidebars_width":0,"ocean_sidebar":"","ocean_second_sidebar":"","ocean_disable_margins":"enable","ocean_add_body_class":"","ocean_shortcode_before_top_bar":"","ocean_shortcode_after_top_bar":"","ocean_shortcode_before_header":"","ocean_shortcode_after_header":"","ocean_has_shortcode":"","ocean_shortcode_after_title":"","ocean_shortcode_before_footer_widgets":"","ocean_shortcode_after_footer_widgets":"","ocean_shortcode_before_footer_bottom":"","ocean_shortcode_after_footer_bottom":"","ocean_display_top_bar":"default","ocean_display_header":"default","ocean_header_style":"","ocean_center_header_left_menu":"","ocean_custom_header_template":"","ocean_custom_logo":0,"ocean_custom_retina_logo":0,"ocean_custom_logo_max_width":0,"ocean_custom_logo_tablet_max_width":0,"ocean_custom_logo_mobile_max_width":0,"ocean_custom_logo_max_height":0,"ocean_custom_logo_tablet_max_height":0,"ocean_custom_logo_mobile_max_height":0,"ocean_header_custom_menu":"","ocean_menu_typo_font_family":"","ocean_menu_typo_font_subset":"","ocean_menu_typo_font_size":0,"ocean_menu_typo_font_size_tablet":0,"ocean_menu_typo_font_size_mobile":0,"ocean_menu_typo_font_size_unit":"px","ocean_menu_typo_font_weight":"","ocean_menu_typo_font_weight_tablet":"","ocean_menu_typo_font_weight_mobile":"","ocean_menu_typo_transform":"","ocean_menu_typo_transform_tablet":"","ocean_menu_typo_transform_mobile":"","ocean_menu_typo_line_height":0,"ocean_menu_typo_line_height_tablet":0,"ocean_menu_typo_line_height_mobile":0,"ocean_menu_typo_line_height_unit":"","ocean_menu_typo_spacing":0,"ocean_menu_typo_spacing_tablet":0,"ocean_menu_typo_spacing_mobile":0,"ocean_menu_typo_spacing_unit":"","ocean_menu_link_color":"","ocean_menu_link_color_hover":"","ocean_menu_link_color_active":"","ocean_menu_link_background":"","ocean_menu_link_hover_background":"","ocean_menu_link_active_background":"","ocean_menu_social_links_bg":"","ocean_menu_social_hover_links_bg":"","ocean_menu_social_links_color":"","ocean_menu_social_hover_links_color":"","ocean_disable_title":"default","ocean_disable_heading":"default","ocean_post_title":"","ocean_post_subheading":"","ocean_post_title_style":"","ocean_post_title_background_color":"","ocean_post_title_background":0,"ocean_post_title_bg_image_position":"","ocean_post_title_bg_image_attachment":"","ocean_post_title_bg_image_repeat":"","ocean_post_title_bg_image_size":"","ocean_post_title_height":0,"ocean_post_title_bg_overlay":0.5,"ocean_post_title_bg_overlay_color":"","ocean_disable_breadcrumbs":"default","ocean_breadcrumbs_color":"","ocean_breadcrumbs_separator_color":"","ocean_breadcrumbs_links_color":"","ocean_breadcrumbs_links_hover_color":"","ocean_display_footer_widgets":"default","ocean_display_footer_bottom":"default","ocean_custom_footer_template":"","ocean_post_oembed":"","ocean_post_self_hosted_media":"","ocean_post_video_embed":"","ocean_link_format":"","ocean_link_format_target":"self","ocean_quote_format":"","ocean_quote_format_link":"post","ocean_gallery_link_images":"on","ocean_gallery_id":[]},"categories":[9],"tags":[1420,1490,82],"acf":[],"_links":{"self":[{"href":"https:\/\/www.simepe.com.br\/novo\/wp-json\/wp\/v2\/posts\/58225"}],"collection":[{"href":"https:\/\/www.simepe.com.br\/novo\/wp-json\/wp\/v2\/posts"}],"about":[{"href":"https:\/\/www.simepe.com.br\/novo\/wp-json\/wp\/v2\/types\/post"}],"author":[{"embeddable":true,"href":"https:\/\/www.simepe.com.br\/novo\/wp-json\/wp\/v2\/users\/1"}],"replies":[{"embeddable":true,"href":"https:\/\/www.simepe.com.br\/novo\/wp-json\/wp\/v2\/comments?post=58225"}],"version-history":[{"count":1,"href":"https:\/\/www.simepe.com.br\/novo\/wp-json\/wp\/v2\/posts\/58225\/revisions"}],"predecessor-version":[{"id":58226,"href":"https:\/\/www.simepe.com.br\/novo\/wp-json\/wp\/v2\/posts\/58225\/revisions\/58226"}],"wp:attachment":[{"href":"https:\/\/www.simepe.com.br\/novo\/wp-json\/wp\/v2\/media?parent=58225"}],"wp:term":[{"taxonomy":"category","embeddable":true,"href":"https:\/\/www.simepe.com.br\/novo\/wp-json\/wp\/v2\/categories?post=58225"},{"taxonomy":"post_tag","embeddable":true,"href":"https:\/\/www.simepe.com.br\/novo\/wp-json\/wp\/v2\/tags?post=58225"}],"curies":[{"name":"wp","href":"https:\/\/api.w.org\/{rel}","templated":true}]}}