{"id":58230,"date":"2021-02-26T11:27:31","date_gmt":"2021-02-26T14:27:31","guid":{"rendered":"https:\/\/www.simepe.com.br\/novo\/?p=58230"},"modified":"2021-02-26T11:27:31","modified_gmt":"2021-02-26T14:27:31","slug":"explosao-de-internacoes-e-fila-de-vaga-por-uti-viram-rotina-pelo-pais-no-auge-da-pandemia","status":"publish","type":"post","link":"https:\/\/www.simepe.com.br\/novo\/explosao-de-internacoes-e-fila-de-vaga-por-uti-viram-rotina-pelo-pais-no-auge-da-pandemia\/","title":{"rendered":"Explos\u00e3o de interna\u00e7\u00f5es e fila de vaga por UTI viram rotina pelo pa\u00eds no auge da pandemia"},"content":{"rendered":"<p><em>O Brasil registrou o maior n\u00famero de mortes pela doen\u00e7a em 24 horas em toda a pandemia nesta quinta-feira (25).<\/em><\/p>\n<p>Superlota\u00e7\u00e3o, filas por vaga em leitos de UTI (Unidade de Terapia Intensiva) e o risco iminente de colapso na rede de sa\u00fade se tornaram cena comum em estados brasileiros nos \u00faltimos dias, no pior momento da pandemia de Covid-19 no pa\u00eds.<\/p>\n<p>O Brasil registrou o maior n\u00famero de mortes pela doen\u00e7a em 24 horas em toda a pandemia nesta quinta-feira (25) \u2013foram 1.582 \u00f3bitos, exatamente um ano ap\u00f3s o primeiro caso de Covid-19 ser diagnosticado. Um antes, na quarta-feira (24), o Brasil chegou \u00e0 marca de 250 mil vidas perdidas para a doen\u00e7a.<\/p>\n<p>Sete dos dez dias com mais mortes no pa\u00eds ocorreram em 2021. Nesta quinta o pa\u00eds tamb\u00e9m registrou um recorde de m\u00e9dia m\u00f3vel de \u00f3bitos \u2013ela \u00e9 calculada somando o resultado dos \u00faltimos sete dias, dividido por sete.<\/p>\n<p>Estados do Sul, cidades do interior de S\u00e3o Paulo e a Bahia s\u00e3o exemplos de como a Covid-19 avan\u00e7ou, o que fez governos anunciarem a suspens\u00e3o de cirurgias e de aulas presenciais, entre outras medidas.<\/p>\n<p>Os tr\u00eas estados do Sul t\u00eam enfrentado uma explos\u00e3o de interna\u00e7\u00f5es nos \u00faltimos dias, provocando medo e inseguran\u00e7a.<br \/>\nParan\u00e1, Santa Catarina e Rio Grande do Sul falam em iminente colapso devido \u00e0 velocidade das contamina\u00e7\u00f5es e do agravamento da doen\u00e7a.<\/p>\n<p>A mudan\u00e7a de perfil dos pacientes, cada vez mais jovens, e a rapidez de piora dos quadros impressionam quem trabalha nos hospitais. No Moinhos de Vento, em Porto Alegre, foram abertas nos \u00faltimos dias duas alas de UTI dentro do setor de emerg\u00eancia. Em uma, com dez vagas, s\u00f3 um paciente tem mais de 60 anos, e a unidade funciona com superlota\u00e7\u00e3o.<\/p>\n<p>&#8220;\u00c9 a pandemia em situa\u00e7\u00e3o catastr\u00f3fica. N\u00e3o sabemos exatamente o que est\u00e1 acontecendo, se est\u00e1 circulando alguma variante do v\u00edrus, se \u00e9 efeito do p\u00f3s-Carnaval, e n\u00e3o podemos excluir a hip\u00f3tese de agravamento do v\u00edrus porque muita gente tem usado corticoides na fase pr\u00e9-hospitalar, o que gera efeitos&#8221;, disse o superintendente m\u00e9dico do hospital, Luiz Ant\u00f4nio Nasi.<\/p>\n<p>A situa\u00e7\u00e3o \u00e9 ainda mais cr\u00edtica no setor p\u00fablico. O n\u00famero de interna\u00e7\u00f5es mais que dobrou no \u00faltimo m\u00eas no estado e, se o ritmo for mantido, faltar\u00e3o leitos, de acordo com a secret\u00e1ria estadual da Sa\u00fade, Arita Bergmann.<\/p>\n<p>&#8220;J\u00e1 estou enxergando o pico do Everest. Estamos aqui apavorados&#8221;, disse nesta quinta o governador Eduardo Leite (PSDB) em reuni\u00e3o com prefeitos. Leite determinou a suspens\u00e3o por nove dias do sistema de cogest\u00e3o, que autoriza munic\u00edpios a adotarem medidas mais brandas, para endurecer o combate \u00e0 propaga\u00e7\u00e3o do v\u00edrus.<\/p>\n<p>Com 91% dos leitos ocupados na rede p\u00fablica e ultrapassando 100% nas unidades particulares, taxas recordes, o governo acionou o \u00faltimo n\u00edvel do plano de conting\u00eancia hospitalar, suspendendo cirurgias e determinando que as institui\u00e7\u00f5es usem todos os espa\u00e7os para atender casos de Covid-19.<\/p>\n<p>&#8220;O perfil mudou, h\u00e1 muitos pacientes jovens, com deteriora\u00e7\u00e3o do estado muito r\u00e1pida. \u00c0s vezes chega na emerg\u00eancia num dia e no outro j\u00e1 est\u00e1 na UTI intubado. O que assusta \u00e9 tamb\u00e9m o grau de contamina\u00e7\u00e3o porque h\u00e1 15 dias a situa\u00e7\u00e3o estava praticamente sob controle&#8221;, disse Antonio Kalil, diretor m\u00e9dico da Santa Casa de Porto Alegre.<\/p>\n<p>Diante do cen\u00e1rio calamitoso, o Tribunal de Justi\u00e7a determinou a suspens\u00e3o das aulas presenciais da rede p\u00fablica de ensino da capital.<\/p>\n<p>Em Santa Catarina, onde a taxa de ocupa\u00e7\u00e3o de leitos gira em torno de 90%, com registros de filas por UTI em v\u00e1rias cidades, o secret\u00e1rio da Sa\u00fade tamb\u00e9m j\u00e1 usa a palavra colapso para resumir o cen\u00e1rio.<\/p>\n<p>&#8220;A situa\u00e7\u00e3o da pandemia deteriorou no estado todo e, a exemplo do que acontece nas regi\u00f5es mais a oeste, estamos entrando em colapso. Todos os esfor\u00e7os de estado e munic\u00edpios, at\u00e9 ent\u00e3o, s\u00e3o insuficientes em face \u00e0 brutalidade da doen\u00e7a&#8221;, escreveu Andr\u00e9 Motta em mensagem a prefeitos.<\/p>\n<p>A partir desta quinta-feira, novas regras entrar\u00e3o em vigor por 15 dias: o hor\u00e1rio de funcionamento e a lota\u00e7\u00e3o de parques, museus e igrejas foram limitados, casas noturnas foram fechadas e \u00f4nibus devem circular com 50% da capacidade. Aulas presenciais na rede p\u00fablica foram mantidas.<\/p>\n<p>As medidas s\u00e3o ainda mais rigorosas na regi\u00e3o oeste, pior cen\u00e1rio no estado. &#8220;O sistema de sa\u00fade j\u00e1 est\u00e1 colapsado em todo o estado e est\u00e1 colapsando em todo o Brasil&#8221;, disse o prefeito de Chapec\u00f3, Jo\u00e3o Rodrigues (PSD).<\/p>\n<p>Na segunda (22), o secret\u00e1rio da Sa\u00fade do Paran\u00e1, Beto Preto, afirmou que o estado est\u00e1 em &#8220;colapso iminente&#8221; do sistema diante da r\u00e1pida alta de interna\u00e7\u00f5es.<\/p>\n<p>Na quarta, 600 pacientes com suspeita ou confirmados com a doen\u00e7a aguardavam vagas em hospitais, 185 para UTIs. Apenas uma das quatro macrorregi\u00f5es do Paran\u00e1 est\u00e1 com menos de 90% das UTIs ocupadas.<\/p>\n<p>A Bahia tamb\u00e9m enfrenta filas de pacientes por uma vaga em UTI, o que fez o governo estadual e a Prefeitura de Salvador anunciarem a restri\u00e7\u00e3o total de atividades n\u00e3o essenciais e a suspens\u00e3o de cirurgias eletivas nas redes privadas e p\u00fablicas.<br \/>\nAs cirurgias n\u00e3o emergenciais ser\u00e3o suspensas por dez dias. J\u00e1 a restri\u00e7\u00e3o das atividades n\u00e3o essenciais valer\u00e1 das 17h desta sexta (26) at\u00e9 as 5h de segunda (1\u00ba).<\/p>\n<p>&#8220;Fa\u00e7o meu apelo que baianos e baianas compreendam a import\u00e2ncia das medidas e respeitem o decreto estadual&#8221;, escreveu o governador Rui Costa (PT) em redes sociais.<\/p>\n<p>\u00c0 reportagem Rui Costa disse que prev\u00ea que &#8220;a sa\u00fade vai colapsar e o Brasil mergulhar\u00e1 no caos em duas semanas&#8221;.<\/p>\n<p>&#8220;J\u00e1 estamos vendo o problema se agravar no pa\u00eds todo. No Rio Grande do Sul, na Bahia, no Cear\u00e1. Nunca tivemos uma situa\u00e7\u00e3o igual&#8221;, afirma.<\/p>\n<p>Ele afirma que j\u00e1 tinha mil leitos de UTI exclusivos para Covid-19. H\u00e1 dez dias, abriu mais 200. &#8220;E eles lotaram de uma hora para a outra, da noite para o dia&#8221;, afirma. A situa\u00e7\u00e3o \u00e9 t\u00e3o dram\u00e1tica que h\u00e1 hoje 195 pacientes na fila da UTI, necessitando de tratamento intensivo sem ter como receb\u00ea-lo.<\/p>\n<p>Dos 14 hospitais em Salvador que atendem o SUS, 6 apresentam taxa de ocupa\u00e7\u00e3o de UTI de 90% ou mais. &#8220;Nunca vivi uma cena dessas. \u00c9 muito triste. Estamos perto do colapso&#8221;, disse o secret\u00e1rio da Sa\u00fade de Salvador, Leonardo Prates. O gin\u00e1sio de Itapu\u00e3, na capital, ser\u00e1 transformado em hospital de campanha.<\/p>\n<p>O cen\u00e1rio tamb\u00e9m \u00e9 muito cr\u00edtico em cidades do interior paulista, como Araraquara, que teve ocupa\u00e7\u00e3o de 100% dos leitos de UTI e de enfermaria a semana inteira. Sete pessoas morreram nesta quarta, recorde. J\u00e1 s\u00e3o 192 mortes, 100 em 2021.<br \/>\nA alta ocupa\u00e7\u00e3o de leitos, a suspeita de circula\u00e7\u00e3o da nova cepa e o fato de mais jovens estarem sendo contaminados fez com que Campinas anunciasse o adiamento da volta \u00e0s aulas presenciais na rede municipal.<\/p>\n<p>Antes prevista para a pr\u00f3xima segunda, no m\u00ednimo elas ser\u00e3o retomadas em 5 de abril. A ocupa\u00e7\u00e3o de leitos de UTI sob gest\u00e3o municipal est\u00e1 em 97%.<\/p>\n<p>Com 72% dos leitos municipais de UTIs para tratamento de Covid-19 ocupados, a Prefeitura de S\u00e3o Paulo tem tentado antecipar a vacina\u00e7\u00e3o de idosos. No s\u00e1bado (27), os paulistanos com 80 a 84 anos j\u00e1 come\u00e7am a ser imunizados, dois dias antes do previsto pelo governo do estado.<\/p>\n<p>Levantamento da Secretaria Municipal da Sa\u00fade aponta que 45,9% dos idosos com mais de 75 anos internados para tratar a doen\u00e7a acabam morrendo. Os dados ainda apontam uma tend\u00eancia de alta nos casos de interna\u00e7\u00f5es por s\u00edndrome gripal.<br \/>\nNo Centro-Oeste, o aumento da procura por atendimento para Covid-19 e a busca por leitos de UTI em Bras\u00edlia fizeram com que os governadores do Distrito Federal, Ibaneis Rocha (MDB), e de Goi\u00e1s, Ronaldo Caiado (DEM), trocassem farpas nesta semana.<\/p>\n<p>O atrito come\u00e7ou come\u00e7ou ap\u00f3s cidades do Entorno Sul entrarem na \u00e1rea vermelha de cont\u00e1gio, desde o dia 17 de fevereiro. Isso significa que est\u00e3o em situa\u00e7\u00e3o de calamidade. A recomenda\u00e7\u00e3o do governo de Goi\u00e1s seria o lockdown.<\/p>\n<p>Diante desse cen\u00e1rio, os prefeitos de \u00c1guas Lindas de Goi\u00e1s, Cidade Ocidental, Luzi\u00e2nia, Novo Gama, Santo Ant\u00f4nio do Descoberto e Valpara\u00edso de Goi\u00e1s chegaram a propor uma solu\u00e7\u00e3o conjunta, na qual o Entorno e o Distrito Federal adotariam lockdown.<\/p>\n<p>A popula\u00e7\u00e3o das cidades vizinhas transitam pelo DF, e a movimenta\u00e7\u00e3o se intensificou por causa do estado de calamidade.<br \/>\nAs duas regi\u00f5es vivem situa\u00e7\u00f5es dif\u00edceis por causa da pandemia. No DF, a taxa de ocupa\u00e7\u00e3o dos leitos era de 77,2% e em Goi\u00e1s, de 82,28% nesta quinta-feira (25). O DF chegou a atingir 90,3% de ocupa\u00e7\u00e3o na segunda-feira (22).<\/p>\n<p>Ibaneis disse que &#8220;os atendimentos estavam ficando nas suas costas&#8221;. O governador descartou lockdown, amea\u00e7ou fechar as divisas no in\u00edcio da semana e cobrou provid\u00eancias de Caiado. Segundo Ibaneis, 25% dos pacientes internados no DF eram do estado vizinho.<\/p>\n<p>&#8220;Diante de um momento t\u00e3o delicado vivido por todos n\u00f3s, onde a maioria dos governadores se une para ajudar os que mais necessitam, causa rep\u00fadio e nojo ler uma declara\u00e7\u00e3o estapaf\u00fardia do governador do DF, Ibaneis Rocha, de que vai fechar as fronteiras [divisas] do DF com Goi\u00e1s&#8221;, escreveu Caiado, em redes sociais, na ter\u00e7a-feira (23).<\/p>\n<p>Um dia depois, Ibaneis retrucou. Segundo ele, Caiado deveria, em vez de responder, assumir a responsabilidade e encontrar uma solu\u00e7\u00e3o. No entanto, afirmou que n\u00e3o pretendia deixar de atender ningu\u00e9m.<\/p>\n<p>&#8220;Eu queria que a resposta dele viesse em trabalho, tem um ano que estamos na pandemia e ele n\u00e3o conseguiu terminar o hospital de \u00c1guas Lindas. Ele se mostra um governo incompetente na \u00e1rea da sa\u00fade&#8221;, afirmou Ibaneis, em um evento.<\/p>\n<p>A reportagem procurou o governo de Goi\u00e1s para se manifestar, mas n\u00e3o recebeu resposta at\u00e9 a publica\u00e7\u00e3o deste texto.<br \/>\nNesta quinta, com um discurso mais ameno, Ibaneis disse que ser\u00e1 feita uma pactua\u00e7\u00e3o para que pacientes do Entorno continuem sendo atendidos, mas a verba que seria destinada para os munic\u00edpios ser\u00e1 encaminhada ao DF.<\/p>\n<p>A proposta ser\u00e1 criada em conjunto pelas autoridades e, para entrar em vigor, precisa ser aprovada na C\u00e2mara Legislativa do Distrito Federal e na Assembleia Legislativa de Goi\u00e1s. A previs\u00e3o \u00e9 que em mar\u00e7o o repasse j\u00e1 comece a ser feito.<\/p>\n<p>O governador n\u00e3o descartou fazer lockdown em todo o DF caso ocorra a transmiss\u00e3o comunit\u00e1ria da nova variante do coronav\u00edrus.<\/p>\n<p>Os governadores prometeram aumentar o n\u00famero de leitos de UTI. Ibaneis disse que semanalmente tem ocorrido a amplia\u00e7\u00e3o de leitos. &#8220;Vamos aumentar o n\u00famero de leitos at\u00e9 que se consiga aumentar a vacina\u00e7\u00e3o e se reduza o n\u00famero de infectados.&#8221;<\/p>\n<p>J\u00e1 Caiado postou em redes sociais que abriria ao menos mais 70 leitos de UTI. &#8220;Na primeira semana de mar\u00e7o abriremos o Hospital de Urua\u00e7u com proje\u00e7\u00e3o de mais 60 leitos de UTI para desafogar ainda mais o sistema de sa\u00fade. Estamos abrindo mais 10 leitos em Ipor\u00e1, mais leitos em Quirin\u00f3polis e o trabalho n\u00e3o para&#8221;, escreveu, em rede social.<\/p>\n<p>Fonte: Folha de Pernambuco<\/p>\n","protected":false},"excerpt":{"rendered":"<p>O Brasil registrou o maior n\u00famero de mortes pela doen\u00e7a em 24 horas em toda a pandemia nesta quinta-feira (25). Superlota\u00e7\u00e3o, filas por vaga em leitos de UTI (Unidade de Terapia Intensiva) e o risco iminente de colapso na rede de sa\u00fade se tornaram cena comum em estados brasileiros nos \u00faltimos dias, no pior momento [&hellip;]<\/p>\n","protected":false},"author":1,"featured_media":0,"comment_status":"open","ping_status":"open","sticky":false,"template":"","format":"standard","meta":{"ocean_post_layout":"","ocean_both_sidebars_style":"","ocean_both_sidebars_content_width":0,"ocean_both_sidebars_sidebars_width":0,"ocean_sidebar":"","ocean_second_sidebar":"","ocean_disable_margins":"enable","ocean_add_body_class":"","ocean_shortcode_before_top_bar":"","ocean_shortcode_after_top_bar":"","ocean_shortcode_before_header":"","ocean_shortcode_after_header":"","ocean_has_shortcode":"","ocean_shortcode_after_title":"","ocean_shortcode_before_footer_widgets":"","ocean_shortcode_after_footer_widgets":"","ocean_shortcode_before_footer_bottom":"","ocean_shortcode_after_footer_bottom":"","ocean_display_top_bar":"default","ocean_display_header":"default","ocean_header_style":"","ocean_center_header_left_menu":"","ocean_custom_header_template":"","ocean_custom_logo":0,"ocean_custom_retina_logo":0,"ocean_custom_logo_max_width":0,"ocean_custom_logo_tablet_max_width":0,"ocean_custom_logo_mobile_max_width":0,"ocean_custom_logo_max_height":0,"ocean_custom_logo_tablet_max_height":0,"ocean_custom_logo_mobile_max_height":0,"ocean_header_custom_menu":"","ocean_menu_typo_font_family":"","ocean_menu_typo_font_subset":"","ocean_menu_typo_font_size":0,"ocean_menu_typo_font_size_tablet":0,"ocean_menu_typo_font_size_mobile":0,"ocean_menu_typo_font_size_unit":"px","ocean_menu_typo_font_weight":"","ocean_menu_typo_font_weight_tablet":"","ocean_menu_typo_font_weight_mobile":"","ocean_menu_typo_transform":"","ocean_menu_typo_transform_tablet":"","ocean_menu_typo_transform_mobile":"","ocean_menu_typo_line_height":0,"ocean_menu_typo_line_height_tablet":0,"ocean_menu_typo_line_height_mobile":0,"ocean_menu_typo_line_height_unit":"","ocean_menu_typo_spacing":0,"ocean_menu_typo_spacing_tablet":0,"ocean_menu_typo_spacing_mobile":0,"ocean_menu_typo_spacing_unit":"","ocean_menu_link_color":"","ocean_menu_link_color_hover":"","ocean_menu_link_color_active":"","ocean_menu_link_background":"","ocean_menu_link_hover_background":"","ocean_menu_link_active_background":"","ocean_menu_social_links_bg":"","ocean_menu_social_hover_links_bg":"","ocean_menu_social_links_color":"","ocean_menu_social_hover_links_color":"","ocean_disable_title":"default","ocean_disable_heading":"default","ocean_post_title":"","ocean_post_subheading":"","ocean_post_title_style":"","ocean_post_title_background_color":"","ocean_post_title_background":0,"ocean_post_title_bg_image_position":"","ocean_post_title_bg_image_attachment":"","ocean_post_title_bg_image_repeat":"","ocean_post_title_bg_image_size":"","ocean_post_title_height":0,"ocean_post_title_bg_overlay":0.5,"ocean_post_title_bg_overlay_color":"","ocean_disable_breadcrumbs":"default","ocean_breadcrumbs_color":"","ocean_breadcrumbs_separator_color":"","ocean_breadcrumbs_links_color":"","ocean_breadcrumbs_links_hover_color":"","ocean_display_footer_widgets":"default","ocean_display_footer_bottom":"default","ocean_custom_footer_template":"","ocean_post_oembed":"","ocean_post_self_hosted_media":"","ocean_post_video_embed":"","ocean_link_format":"","ocean_link_format_target":"self","ocean_quote_format":"","ocean_quote_format_link":"post","ocean_gallery_link_images":"on","ocean_gallery_id":[]},"categories":[9],"tags":[1420,1490,82],"acf":[],"_links":{"self":[{"href":"https:\/\/www.simepe.com.br\/novo\/wp-json\/wp\/v2\/posts\/58230"}],"collection":[{"href":"https:\/\/www.simepe.com.br\/novo\/wp-json\/wp\/v2\/posts"}],"about":[{"href":"https:\/\/www.simepe.com.br\/novo\/wp-json\/wp\/v2\/types\/post"}],"author":[{"embeddable":true,"href":"https:\/\/www.simepe.com.br\/novo\/wp-json\/wp\/v2\/users\/1"}],"replies":[{"embeddable":true,"href":"https:\/\/www.simepe.com.br\/novo\/wp-json\/wp\/v2\/comments?post=58230"}],"version-history":[{"count":1,"href":"https:\/\/www.simepe.com.br\/novo\/wp-json\/wp\/v2\/posts\/58230\/revisions"}],"predecessor-version":[{"id":58231,"href":"https:\/\/www.simepe.com.br\/novo\/wp-json\/wp\/v2\/posts\/58230\/revisions\/58231"}],"wp:attachment":[{"href":"https:\/\/www.simepe.com.br\/novo\/wp-json\/wp\/v2\/media?parent=58230"}],"wp:term":[{"taxonomy":"category","embeddable":true,"href":"https:\/\/www.simepe.com.br\/novo\/wp-json\/wp\/v2\/categories?post=58230"},{"taxonomy":"post_tag","embeddable":true,"href":"https:\/\/www.simepe.com.br\/novo\/wp-json\/wp\/v2\/tags?post=58230"}],"curies":[{"name":"wp","href":"https:\/\/api.w.org\/{rel}","templated":true}]}}