{"id":58235,"date":"2021-02-26T11:36:40","date_gmt":"2021-02-26T14:36:40","guid":{"rendered":"https:\/\/www.simepe.com.br\/novo\/?p=58235"},"modified":"2021-02-26T11:36:40","modified_gmt":"2021-02-26T14:36:40","slug":"pazuello-alerta-para-contagio-mais-rapido-e-porta-voz-de-estados-preve-marco-como-pior-mes","status":"publish","type":"post","link":"https:\/\/www.simepe.com.br\/novo\/pazuello-alerta-para-contagio-mais-rapido-e-porta-voz-de-estados-preve-marco-como-pior-mes\/","title":{"rendered":"Pazuello alerta para cont\u00e1gio mais r\u00e1pido, e porta-voz de estados prev\u00ea mar\u00e7o como pior m\u00eas"},"content":{"rendered":"<p><em>Para os representantes de secret\u00e1rios estaduais e municipais de Sa\u00fade, a medida tamb\u00e9m est\u00e1 ligada a uma queda na ades\u00e3o da popula\u00e7\u00e3o a medidas como distanciamento.<\/em><\/p>\n<p>Em pronunciamento ao lado de representantes de secret\u00e1rios estaduais e municipais de Sa\u00fade, o ministro da Sa\u00fade, Eduardo Pazuello, disse nesta quinta-feira (25) que o pa\u00eds vive &#8220;uma nova etapa da pandemia&#8221; de Covid-19, com aumento na contamina\u00e7\u00e3o que pode &#8220;surpreender gestores&#8221;.<\/p>\n<p>Nesta quinta (25), completou-se um ano do diagn\u00f3stico do primeiro caso de Covid-19 no Brasil, um dia antes o pa\u00eds bateu a marca de 250 mil mortes pela doen\u00e7a.<\/p>\n<div class=\"dn_noticiasRelacionadas\">\u00a0Para Pazuello, esse aumento est\u00e1 ligado \u00e0s novas variantes do coronav\u00edrus. &#8220;Hoje o v\u00edrus mutado nos d\u00e1 tr\u00eas vezes mais contamina\u00e7\u00e3o e a velocidade com que isso acontece em pontos focais pode surpreender o gestor em termos de estrutura de apoio&#8221;, disse. &#8220;Vimos locais que no ano passado n\u00e3o estavam impactados nessa \u00e9poca do ano e est\u00e3o impactados agora&#8221;, afirma.<\/p>\n<p>J\u00e1 para os representantes de secret\u00e1rios estaduais e municipais de Sa\u00fade, a medida tamb\u00e9m est\u00e1 ligada a uma queda na ades\u00e3o da popula\u00e7\u00e3o a medidas como distanciamento.<\/p>\n<p>&#8220;Precisamos ligar o alerta, porque vamos viver semanas muito dif\u00edceis, talvez as mais dif\u00edceis enfrentradas na pandemia&#8221;, afirmou Carlos Lula, presidente do Conass (conselho que representa secret\u00e1rios estaduais de Sa\u00fade). Para ele, o m\u00eas de mar\u00e7o poder\u00e1 ser o mais dif\u00edcil j\u00e1 enfrentado devido ao alto n\u00famero de estados com leitos ocupados.<\/p>\n<p>&#8220;Nunca tivemos tantos estados com tanta dificuldade ao mesmo tempo, seja por novas cepas ou pelo cansa\u00e7o da popula\u00e7\u00e3o&#8221;, afirmou Lula, citando que 15 estados j\u00e1 t\u00eam taxas de ocupa\u00e7\u00e3o dos leitos acima de 90%.<\/p>\n<p>Ainda no encontro, Pazuello citou tr\u00eas a\u00e7\u00f5es priorit\u00e1rias para enfrentar a pandemia nessa etapa: atendimento imediato de casos em unidades b\u00e1sicas de sa\u00fade, aumento de leitos de UTI, inclusive com possibilidade de transfer\u00eancia de pacientes, e vacina\u00e7\u00e3o contra a Covid-19.<\/p>\n<p>No entanto, Pazuello n\u00e3o mencionou medidas de preven\u00e7\u00e3o simples, como usar m\u00e1scara e evitar aglomera\u00e7\u00f5es. Coube aos representantes dos estados e munic\u00edpios ressaltarem as medidas.<\/p>\n<p>&#8220;Apenas criar leitos n\u00e3o adianta. Precisamos da ajuda da sociedade. A sociedade tem que entender que n\u00e3o \u00e9 hora de fazer festa, de estar junto&#8221;, disse Lula.<\/p>\n<p>&#8220;Orientamos secret\u00e1rios municipais a fortalecer medidas protetivas, conforme o fator epidemiol\u00f3gico local. A sociedade precisa entender que a fase que passamos agora \u00e9 mais dif\u00edcil do que no in\u00edcio da pandemia no Brasil. Pedimos que a popula\u00e7\u00e3o n\u00e3o abandone a obedi\u00eancia cega \u00e0 ci\u00eancia&#8221;, afirmou o presidente do Conasems, Wilames Bezerra.<\/p><\/div>\n<div class=\"dn_noticiasRelacionadas\"><\/div>\n<div class=\"dn_noticiasRelacionadas\">Fonte: Folha de Pernambuco<\/div>\n","protected":false},"excerpt":{"rendered":"<p>Para os representantes de secret\u00e1rios estaduais e municipais de Sa\u00fade, a medida tamb\u00e9m est\u00e1 ligada a uma queda na ades\u00e3o da popula\u00e7\u00e3o a medidas como distanciamento. Em pronunciamento ao lado de representantes de secret\u00e1rios estaduais e municipais de Sa\u00fade, o ministro da Sa\u00fade, Eduardo Pazuello, disse nesta quinta-feira (25) que o pa\u00eds vive &#8220;uma nova [&hellip;]<\/p>\n","protected":false},"author":1,"featured_media":0,"comment_status":"open","ping_status":"open","sticky":false,"template":"","format":"standard","meta":{"ocean_post_layout":"","ocean_both_sidebars_style":"","ocean_both_sidebars_content_width":0,"ocean_both_sidebars_sidebars_width":0,"ocean_sidebar":"","ocean_second_sidebar":"","ocean_disable_margins":"enable","ocean_add_body_class":"","ocean_shortcode_before_top_bar":"","ocean_shortcode_after_top_bar":"","ocean_shortcode_before_header":"","ocean_shortcode_after_header":"","ocean_has_shortcode":"","ocean_shortcode_after_title":"","ocean_shortcode_before_footer_widgets":"","ocean_shortcode_after_footer_widgets":"","ocean_shortcode_before_footer_bottom":"","ocean_shortcode_after_footer_bottom":"","ocean_display_top_bar":"default","ocean_display_header":"default","ocean_header_style":"","ocean_center_header_left_menu":"","ocean_custom_header_template":"","ocean_custom_logo":0,"ocean_custom_retina_logo":0,"ocean_custom_logo_max_width":0,"ocean_custom_logo_tablet_max_width":0,"ocean_custom_logo_mobile_max_width":0,"ocean_custom_logo_max_height":0,"ocean_custom_logo_tablet_max_height":0,"ocean_custom_logo_mobile_max_height":0,"ocean_header_custom_menu":"","ocean_menu_typo_font_family":"","ocean_menu_typo_font_subset":"","ocean_menu_typo_font_size":0,"ocean_menu_typo_font_size_tablet":0,"ocean_menu_typo_font_size_mobile":0,"ocean_menu_typo_font_size_unit":"px","ocean_menu_typo_font_weight":"","ocean_menu_typo_font_weight_tablet":"","ocean_menu_typo_font_weight_mobile":"","ocean_menu_typo_transform":"","ocean_menu_typo_transform_tablet":"","ocean_menu_typo_transform_mobile":"","ocean_menu_typo_line_height":0,"ocean_menu_typo_line_height_tablet":0,"ocean_menu_typo_line_height_mobile":0,"ocean_menu_typo_line_height_unit":"","ocean_menu_typo_spacing":0,"ocean_menu_typo_spacing_tablet":0,"ocean_menu_typo_spacing_mobile":0,"ocean_menu_typo_spacing_unit":"","ocean_menu_link_color":"","ocean_menu_link_color_hover":"","ocean_menu_link_color_active":"","ocean_menu_link_background":"","ocean_menu_link_hover_background":"","ocean_menu_link_active_background":"","ocean_menu_social_links_bg":"","ocean_menu_social_hover_links_bg":"","ocean_menu_social_links_color":"","ocean_menu_social_hover_links_color":"","ocean_disable_title":"default","ocean_disable_heading":"default","ocean_post_title":"","ocean_post_subheading":"","ocean_post_title_style":"","ocean_post_title_background_color":"","ocean_post_title_background":0,"ocean_post_title_bg_image_position":"","ocean_post_title_bg_image_attachment":"","ocean_post_title_bg_image_repeat":"","ocean_post_title_bg_image_size":"","ocean_post_title_height":0,"ocean_post_title_bg_overlay":0.5,"ocean_post_title_bg_overlay_color":"","ocean_disable_breadcrumbs":"default","ocean_breadcrumbs_color":"","ocean_breadcrumbs_separator_color":"","ocean_breadcrumbs_links_color":"","ocean_breadcrumbs_links_hover_color":"","ocean_display_footer_widgets":"default","ocean_display_footer_bottom":"default","ocean_custom_footer_template":"","ocean_post_oembed":"","ocean_post_self_hosted_media":"","ocean_post_video_embed":"","ocean_link_format":"","ocean_link_format_target":"self","ocean_quote_format":"","ocean_quote_format_link":"post","ocean_gallery_link_images":"on","ocean_gallery_id":[]},"categories":[9],"tags":[],"acf":[],"_links":{"self":[{"href":"https:\/\/www.simepe.com.br\/novo\/wp-json\/wp\/v2\/posts\/58235"}],"collection":[{"href":"https:\/\/www.simepe.com.br\/novo\/wp-json\/wp\/v2\/posts"}],"about":[{"href":"https:\/\/www.simepe.com.br\/novo\/wp-json\/wp\/v2\/types\/post"}],"author":[{"embeddable":true,"href":"https:\/\/www.simepe.com.br\/novo\/wp-json\/wp\/v2\/users\/1"}],"replies":[{"embeddable":true,"href":"https:\/\/www.simepe.com.br\/novo\/wp-json\/wp\/v2\/comments?post=58235"}],"version-history":[{"count":1,"href":"https:\/\/www.simepe.com.br\/novo\/wp-json\/wp\/v2\/posts\/58235\/revisions"}],"predecessor-version":[{"id":58236,"href":"https:\/\/www.simepe.com.br\/novo\/wp-json\/wp\/v2\/posts\/58235\/revisions\/58236"}],"wp:attachment":[{"href":"https:\/\/www.simepe.com.br\/novo\/wp-json\/wp\/v2\/media?parent=58235"}],"wp:term":[{"taxonomy":"category","embeddable":true,"href":"https:\/\/www.simepe.com.br\/novo\/wp-json\/wp\/v2\/categories?post=58235"},{"taxonomy":"post_tag","embeddable":true,"href":"https:\/\/www.simepe.com.br\/novo\/wp-json\/wp\/v2\/tags?post=58235"}],"curies":[{"name":"wp","href":"https:\/\/api.w.org\/{rel}","templated":true}]}}