{"id":58264,"date":"2021-02-26T13:44:56","date_gmt":"2021-02-26T16:44:56","guid":{"rendered":"https:\/\/www.simepe.com.br\/novo\/?p=58264"},"modified":"2021-02-26T13:44:56","modified_gmt":"2021-02-26T16:44:56","slug":"sindicato-dos-medicos-lamenta-recorde-de-mortes-por-covid-19-e-pede-medidas-energicas-para-conter-a-doenca","status":"publish","type":"post","link":"https:\/\/www.simepe.com.br\/novo\/sindicato-dos-medicos-lamenta-recorde-de-mortes-por-covid-19-e-pede-medidas-energicas-para-conter-a-doenca\/","title":{"rendered":"Sindicato dos M\u00e9dicos lamenta recorde de mortes por Covid-19 e pede medidas en\u00e9rgicas para conter a doen\u00e7a"},"content":{"rendered":"<p style=\"text-align: justify;\">O Sindicato dos M\u00e9dicos no Estado do Paran\u00e1 (Simepar) lamenta o recorde de 1.582 mortes por Covid-19 no Brasil registrado nesta quinta-feira (25), coincidindo com a passagem de um ano desde que o primeiro caso da doen\u00e7a foi diagnosticado no pa\u00eds.<\/p>\n<p style=\"text-align: justify;\">O recorde anterior de mortes em 24 horas foi registrado em 29 de julho do ano passado, com 1.554 \u00f3bitos. O Paran\u00e1 est\u00e1 entre os doze estados em que o n\u00famero de mortes est\u00e1 crescendo e a doen\u00e7a segue avan\u00e7ando. Estamos \u00e0 beira do colapso no sistema de sa\u00fade, com a lota\u00e7\u00e3o de leitos de UTI praticamente esgotada. J\u00e1 h\u00e1 filas de espera por leitos de enfermaria e de UTI em v\u00e1rios hospitais.<\/p>\n<p style=\"text-align: justify;\">Neste cen\u00e1rio, \u00e9 lament\u00e1vel que o presidente da Rep\u00fablica, Jair Bolsonaro, volte a questionar a seguran\u00e7a do uso de m\u00e1scaras como ferramenta de prote\u00e7\u00e3o contra a propaga\u00e7\u00e3o da Covid-19, como ele fez nesta quinta. Tamb\u00e9m \u00e9 lament\u00e1vel que o presidente volte a criticar o isolamento social em raz\u00e3o da economia.<\/p>\n<p style=\"text-align: justify;\">Na opini\u00e3o do Simepar, os gestores p\u00fablicos de todas as esferas t\u00eam a obriga\u00e7\u00e3o de dar exemplo, evitando aglomera\u00e7\u00f5es e apari\u00e7\u00f5es p\u00fablicas sem m\u00e1scaras.<\/p>\n<p style=\"text-align: justify;\">Nesta quinta, o Brasil chegou a 251.498 mortes por Covid-19, segundo dados do Minist\u00e9rio da Sa\u00fade. Somente 3% da popula\u00e7\u00e3o recebeu a primeira dose da vacina contra o novo Coronav\u00edrus. O ritmo da vacina\u00e7\u00e3o segue muito lento. Em cidades como Curitiba, a aplica\u00e7\u00e3o do imunizante chegou a ser interrompida por uma semana por falta de vacinas.<\/p>\n<p style=\"text-align: justify;\">Neste momento dram\u00e1tico, em que tantas vidas est\u00e3o sendo perdidas, \u00e9 necess\u00e1rio que o Governo Federal abandone o discurso negacionista e que as tr\u00eas esferas de gest\u00e3o p\u00fablica invistam em preven\u00e7\u00e3o e conscientiza\u00e7\u00e3o da popula\u00e7\u00e3o.<\/p>\n<p style=\"text-align: justify;\">Atividades que propiciem a transmiss\u00e3o do novo Coronav\u00edrus como reuni\u00f5es p\u00fablicas, festas, aulas presenciais, \u00f4nibus coletivos lotados, e outras devem ser evitadas. Mais do que nunca, o uso correto de m\u00e1scaras de prote\u00e7\u00e3o, a higieniza\u00e7\u00e3o das m\u00e3os, e outras medidas de prote\u00e7\u00e3o devem ser adotadas por todos.<\/p>\n<p style=\"text-align: justify;\">O retorno do aux\u00edlio emergencial para os mais carentes \u00e9 urgente para que as pessoas possam cumprir o distanciamento social sem passar por necessidades extremas. Mas a volta do aux\u00edlio financeiro n\u00e3o pode ser custeada com desvio de verbas da sa\u00fade.<\/p>\n<p style=\"text-align: justify;\">O Sistema \u00danico de Sa\u00fade vem desempenhando um papel essencial na pandemia. \u00c9 inconceb\u00edvel que o governo retire recursos da Sa\u00fade P\u00fablica em seu momento mais cr\u00edtico.<\/p>\n<p style=\"text-align: justify;\">Por fim, \u00e9 fundamental que as pessoas reforcem o isolamento social e evitem locais p\u00fablicos o m\u00e1ximo poss\u00edvel. N\u00e3o existe economia sem pessoas. A economia se recupera, as vidas perdidas n\u00e3o.<\/p>\n<p style=\"text-align: justify;\">Segundo o presidente em exerc\u00edcio do Simepar, Dr. Marlus Volney de Morais, para proteger a economia \u00e9 necess\u00e1rio proteger os trabalhadores que fazem a roda da economia girar. \u201cNesse momento, proteger os trabalhadores \u00e9 assegurar com rigor as medidas preventivas e implementar a vacina\u00e7\u00e3o em massa a qualquer custo.\u201d Completou.<\/p>\n<p style=\"text-align: justify;\">\n<p style=\"text-align: justify;\">Fonte:\u00a0Sindicato dos M\u00e9dicos no Estado do Paran\u00e1 (Simepar)<\/p>\n","protected":false},"excerpt":{"rendered":"<p>O Sindicato dos M\u00e9dicos no Estado do Paran\u00e1 (Simepar) lamenta o recorde de 1.582 mortes por Covid-19 no Brasil registrado nesta quinta-feira (25), coincidindo com a passagem de um ano desde que o primeiro caso da doen\u00e7a foi diagnosticado no pa\u00eds. O recorde anterior de mortes em 24 horas foi registrado em 29 de julho [&hellip;]<\/p>\n","protected":false},"author":1,"featured_media":58265,"comment_status":"open","ping_status":"open","sticky":false,"template":"","format":"standard","meta":{"ocean_post_layout":"","ocean_both_sidebars_style":"","ocean_both_sidebars_content_width":0,"ocean_both_sidebars_sidebars_width":0,"ocean_sidebar":"","ocean_second_sidebar":"","ocean_disable_margins":"enable","ocean_add_body_class":"","ocean_shortcode_before_top_bar":"","ocean_shortcode_after_top_bar":"","ocean_shortcode_before_header":"","ocean_shortcode_after_header":"","ocean_has_shortcode":"","ocean_shortcode_after_title":"","ocean_shortcode_before_footer_widgets":"","ocean_shortcode_after_footer_widgets":"","ocean_shortcode_before_footer_bottom":"","ocean_shortcode_after_footer_bottom":"","ocean_display_top_bar":"default","ocean_display_header":"default","ocean_header_style":"","ocean_center_header_left_menu":"","ocean_custom_header_template":"","ocean_custom_logo":0,"ocean_custom_retina_logo":0,"ocean_custom_logo_max_width":0,"ocean_custom_logo_tablet_max_width":0,"ocean_custom_logo_mobile_max_width":0,"ocean_custom_logo_max_height":0,"ocean_custom_logo_tablet_max_height":0,"ocean_custom_logo_mobile_max_height":0,"ocean_header_custom_menu":"","ocean_menu_typo_font_family":"","ocean_menu_typo_font_subset":"","ocean_menu_typo_font_size":0,"ocean_menu_typo_font_size_tablet":0,"ocean_menu_typo_font_size_mobile":0,"ocean_menu_typo_font_size_unit":"px","ocean_menu_typo_font_weight":"","ocean_menu_typo_font_weight_tablet":"","ocean_menu_typo_font_weight_mobile":"","ocean_menu_typo_transform":"","ocean_menu_typo_transform_tablet":"","ocean_menu_typo_transform_mobile":"","ocean_menu_typo_line_height":0,"ocean_menu_typo_line_height_tablet":0,"ocean_menu_typo_line_height_mobile":0,"ocean_menu_typo_line_height_unit":"","ocean_menu_typo_spacing":0,"ocean_menu_typo_spacing_tablet":0,"ocean_menu_typo_spacing_mobile":0,"ocean_menu_typo_spacing_unit":"","ocean_menu_link_color":"","ocean_menu_link_color_hover":"","ocean_menu_link_color_active":"","ocean_menu_link_background":"","ocean_menu_link_hover_background":"","ocean_menu_link_active_background":"","ocean_menu_social_links_bg":"","ocean_menu_social_hover_links_bg":"","ocean_menu_social_links_color":"","ocean_menu_social_hover_links_color":"","ocean_disable_title":"default","ocean_disable_heading":"default","ocean_post_title":"","ocean_post_subheading":"","ocean_post_title_style":"","ocean_post_title_background_color":"","ocean_post_title_background":0,"ocean_post_title_bg_image_position":"","ocean_post_title_bg_image_attachment":"","ocean_post_title_bg_image_repeat":"","ocean_post_title_bg_image_size":"","ocean_post_title_height":0,"ocean_post_title_bg_overlay":0.5,"ocean_post_title_bg_overlay_color":"","ocean_disable_breadcrumbs":"default","ocean_breadcrumbs_color":"","ocean_breadcrumbs_separator_color":"","ocean_breadcrumbs_links_color":"","ocean_breadcrumbs_links_hover_color":"","ocean_display_footer_widgets":"default","ocean_display_footer_bottom":"default","ocean_custom_footer_template":"","ocean_post_oembed":"","ocean_post_self_hosted_media":"","ocean_post_video_embed":"","ocean_link_format":"","ocean_link_format_target":"self","ocean_quote_format":"","ocean_quote_format_link":"post","ocean_gallery_link_images":"on","ocean_gallery_id":[]},"categories":[1],"tags":[],"acf":[],"_links":{"self":[{"href":"https:\/\/www.simepe.com.br\/novo\/wp-json\/wp\/v2\/posts\/58264"}],"collection":[{"href":"https:\/\/www.simepe.com.br\/novo\/wp-json\/wp\/v2\/posts"}],"about":[{"href":"https:\/\/www.simepe.com.br\/novo\/wp-json\/wp\/v2\/types\/post"}],"author":[{"embeddable":true,"href":"https:\/\/www.simepe.com.br\/novo\/wp-json\/wp\/v2\/users\/1"}],"replies":[{"embeddable":true,"href":"https:\/\/www.simepe.com.br\/novo\/wp-json\/wp\/v2\/comments?post=58264"}],"version-history":[{"count":1,"href":"https:\/\/www.simepe.com.br\/novo\/wp-json\/wp\/v2\/posts\/58264\/revisions"}],"predecessor-version":[{"id":58266,"href":"https:\/\/www.simepe.com.br\/novo\/wp-json\/wp\/v2\/posts\/58264\/revisions\/58266"}],"wp:featuredmedia":[{"embeddable":true,"href":"https:\/\/www.simepe.com.br\/novo\/wp-json\/wp\/v2\/media\/58265"}],"wp:attachment":[{"href":"https:\/\/www.simepe.com.br\/novo\/wp-json\/wp\/v2\/media?parent=58264"}],"wp:term":[{"taxonomy":"category","embeddable":true,"href":"https:\/\/www.simepe.com.br\/novo\/wp-json\/wp\/v2\/categories?post=58264"},{"taxonomy":"post_tag","embeddable":true,"href":"https:\/\/www.simepe.com.br\/novo\/wp-json\/wp\/v2\/tags?post=58264"}],"curies":[{"name":"wp","href":"https:\/\/api.w.org\/{rel}","templated":true}]}}