{"id":58267,"date":"2021-02-26T13:46:02","date_gmt":"2021-02-26T16:46:02","guid":{"rendered":"https:\/\/www.simepe.com.br\/novo\/?p=58267"},"modified":"2021-02-26T13:46:02","modified_gmt":"2021-02-26T16:46:02","slug":"campanha-chama-a-atencao-para-tratamento-e-diagnostico-precoce-de-doencas-raras","status":"publish","type":"post","link":"https:\/\/www.simepe.com.br\/novo\/campanha-chama-a-atencao-para-tratamento-e-diagnostico-precoce-de-doencas-raras\/","title":{"rendered":"Campanha chama a aten\u00e7\u00e3o para tratamento e diagn\u00f3stico precoce de doen\u00e7as raras"},"content":{"rendered":"<p style=\"text-align: justify;\">O Dia Mundial das Doen\u00e7as Raras, comemorado em 28 de fevereiro, visa chamar a aten\u00e7\u00e3o da popula\u00e7\u00e3o e dos governantes para a exist\u00eancia e os cuidados necess\u00e1rios com estas doen\u00e7as. De acordo com a Organiza\u00e7\u00e3o Mundial da Sa\u00fade (OMS), doen\u00e7as raras s\u00e3o aquelas que afetam at\u00e9 65 pessoas a cada 100 mil indiv\u00edduos. Atualmente s\u00e3o cerca de 7 mil tipos de doen\u00e7as raras que acometem aproximadamente 13 milh\u00f5es de brasileiros.<\/p>\n<p style=\"text-align: justify;\">Em celebra\u00e7\u00e3o \u00e0 data, a Subcomiss\u00e3o Tempor\u00e1ria sobre Doen\u00e7as Raras, do Senado, iniciou no dia 18 a campanha \u201cRaros na Pandemia\u201d, que por meio das redes sociais busca chamar aten\u00e7\u00e3o para a falta de pol\u00edticas p\u00fablicas para as pessoas com doen\u00e7as raras, principalmente em meio a pandemia do novo coronav\u00edrus, onde muitos dos pacientes necessitam da ajuda de familiares e cuidados profissionais.<\/p>\n<p style=\"text-align: justify;\">O n\u00famero exato de doen\u00e7as raras n\u00e3o \u00e9 conhecido, mas elas podem causar defici\u00eancias f\u00edsicas, sensoriais, intelectuais e m\u00faltiplas, baixa imunidade e necessidade de adapta\u00e7\u00e3o da nutri\u00e7\u00e3o, entre outros comprometimentos. Aproximadamente 75% das doen\u00e7as raras afetam crian\u00e7as, 80% delas decorrem de fatores gen\u00e9ticos e os outros 20% est\u00e3o distribu\u00eddos em causas ambientais, infecciosas e imunol\u00f3gicas.<\/p>\n<p style=\"text-align: justify;\">Geralmente essas doen\u00e7as s\u00e3o cr\u00f4nicas, progressivas e incapacitantes, podendo ser degenerativas e levar \u00e0 morte do paciente, as doen\u00e7as raras tamb\u00e9m afetam a qualidade de vida dos pacientes e de seus familiares. Al\u00e9m disso, muitas delas n\u00e3o t\u00eam cura, logo o tratamento consiste em acompanhamento m\u00e9dico com o objetivo de aliviar os sintomas ou retardar seu aparecimento.<\/p>\n<p style=\"text-align: justify;\">Entre as doen\u00e7as raras ent\u00e3o:<\/p>\n<p style=\"text-align: justify;\">\u2013 Leucemia miel\u00f3ide cr\u00f4nica (adultos);<br \/>\n\u2013 Leucemia miel\u00f3ide cr\u00f4nica (crian\u00e7as e adolescentes);<br \/>\n\u2013 L\u00fapus eritematoso sist\u00eamico;<br \/>\n\u2013 Mieloma m\u00faltiplo;<br \/>\n\u2013 S\u00edndrome de Guillain-Barr\u00e9;<br \/>\n\u2013 S\u00edndrome de Turner;<br \/>\n\u2013 E outras.<\/p>\n<p style=\"text-align: justify;\">Com informa\u00e7\u00f5es de Ag\u00eancia Senado e Minist\u00e9rio da Sa\u00fade<\/p>\n<p style=\"text-align: justify;\">Fonte: Sindicato dos M\u00e9dicos do Par\u00e1 (Sindmepa)<\/p>\n","protected":false},"excerpt":{"rendered":"<p>O Dia Mundial das Doen\u00e7as Raras, comemorado em 28 de fevereiro, visa chamar a aten\u00e7\u00e3o da popula\u00e7\u00e3o e dos governantes para a exist\u00eancia e os cuidados necess\u00e1rios com estas doen\u00e7as. De acordo com a Organiza\u00e7\u00e3o Mundial da Sa\u00fade (OMS), doen\u00e7as raras s\u00e3o aquelas que afetam at\u00e9 65 pessoas a cada 100 mil indiv\u00edduos. Atualmente s\u00e3o [&hellip;]<\/p>\n","protected":false},"author":1,"featured_media":58268,"comment_status":"open","ping_status":"open","sticky":false,"template":"","format":"standard","meta":{"ocean_post_layout":"","ocean_both_sidebars_style":"","ocean_both_sidebars_content_width":0,"ocean_both_sidebars_sidebars_width":0,"ocean_sidebar":"","ocean_second_sidebar":"","ocean_disable_margins":"enable","ocean_add_body_class":"","ocean_shortcode_before_top_bar":"","ocean_shortcode_after_top_bar":"","ocean_shortcode_before_header":"","ocean_shortcode_after_header":"","ocean_has_shortcode":"","ocean_shortcode_after_title":"","ocean_shortcode_before_footer_widgets":"","ocean_shortcode_after_footer_widgets":"","ocean_shortcode_before_footer_bottom":"","ocean_shortcode_after_footer_bottom":"","ocean_display_top_bar":"default","ocean_display_header":"default","ocean_header_style":"","ocean_center_header_left_menu":"","ocean_custom_header_template":"","ocean_custom_logo":0,"ocean_custom_retina_logo":0,"ocean_custom_logo_max_width":0,"ocean_custom_logo_tablet_max_width":0,"ocean_custom_logo_mobile_max_width":0,"ocean_custom_logo_max_height":0,"ocean_custom_logo_tablet_max_height":0,"ocean_custom_logo_mobile_max_height":0,"ocean_header_custom_menu":"","ocean_menu_typo_font_family":"","ocean_menu_typo_font_subset":"","ocean_menu_typo_font_size":0,"ocean_menu_typo_font_size_tablet":0,"ocean_menu_typo_font_size_mobile":0,"ocean_menu_typo_font_size_unit":"px","ocean_menu_typo_font_weight":"","ocean_menu_typo_font_weight_tablet":"","ocean_menu_typo_font_weight_mobile":"","ocean_menu_typo_transform":"","ocean_menu_typo_transform_tablet":"","ocean_menu_typo_transform_mobile":"","ocean_menu_typo_line_height":0,"ocean_menu_typo_line_height_tablet":0,"ocean_menu_typo_line_height_mobile":0,"ocean_menu_typo_line_height_unit":"","ocean_menu_typo_spacing":0,"ocean_menu_typo_spacing_tablet":0,"ocean_menu_typo_spacing_mobile":0,"ocean_menu_typo_spacing_unit":"","ocean_menu_link_color":"","ocean_menu_link_color_hover":"","ocean_menu_link_color_active":"","ocean_menu_link_background":"","ocean_menu_link_hover_background":"","ocean_menu_link_active_background":"","ocean_menu_social_links_bg":"","ocean_menu_social_hover_links_bg":"","ocean_menu_social_links_color":"","ocean_menu_social_hover_links_color":"","ocean_disable_title":"default","ocean_disable_heading":"default","ocean_post_title":"","ocean_post_subheading":"","ocean_post_title_style":"","ocean_post_title_background_color":"","ocean_post_title_background":0,"ocean_post_title_bg_image_position":"","ocean_post_title_bg_image_attachment":"","ocean_post_title_bg_image_repeat":"","ocean_post_title_bg_image_size":"","ocean_post_title_height":0,"ocean_post_title_bg_overlay":0.5,"ocean_post_title_bg_overlay_color":"","ocean_disable_breadcrumbs":"default","ocean_breadcrumbs_color":"","ocean_breadcrumbs_separator_color":"","ocean_breadcrumbs_links_color":"","ocean_breadcrumbs_links_hover_color":"","ocean_display_footer_widgets":"default","ocean_display_footer_bottom":"default","ocean_custom_footer_template":"","ocean_post_oembed":"","ocean_post_self_hosted_media":"","ocean_post_video_embed":"","ocean_link_format":"","ocean_link_format_target":"self","ocean_quote_format":"","ocean_quote_format_link":"post","ocean_gallery_link_images":"on","ocean_gallery_id":[]},"categories":[1],"tags":[],"acf":[],"_links":{"self":[{"href":"https:\/\/www.simepe.com.br\/novo\/wp-json\/wp\/v2\/posts\/58267"}],"collection":[{"href":"https:\/\/www.simepe.com.br\/novo\/wp-json\/wp\/v2\/posts"}],"about":[{"href":"https:\/\/www.simepe.com.br\/novo\/wp-json\/wp\/v2\/types\/post"}],"author":[{"embeddable":true,"href":"https:\/\/www.simepe.com.br\/novo\/wp-json\/wp\/v2\/users\/1"}],"replies":[{"embeddable":true,"href":"https:\/\/www.simepe.com.br\/novo\/wp-json\/wp\/v2\/comments?post=58267"}],"version-history":[{"count":1,"href":"https:\/\/www.simepe.com.br\/novo\/wp-json\/wp\/v2\/posts\/58267\/revisions"}],"predecessor-version":[{"id":58269,"href":"https:\/\/www.simepe.com.br\/novo\/wp-json\/wp\/v2\/posts\/58267\/revisions\/58269"}],"wp:featuredmedia":[{"embeddable":true,"href":"https:\/\/www.simepe.com.br\/novo\/wp-json\/wp\/v2\/media\/58268"}],"wp:attachment":[{"href":"https:\/\/www.simepe.com.br\/novo\/wp-json\/wp\/v2\/media?parent=58267"}],"wp:term":[{"taxonomy":"category","embeddable":true,"href":"https:\/\/www.simepe.com.br\/novo\/wp-json\/wp\/v2\/categories?post=58267"},{"taxonomy":"post_tag","embeddable":true,"href":"https:\/\/www.simepe.com.br\/novo\/wp-json\/wp\/v2\/tags?post=58267"}],"curies":[{"name":"wp","href":"https:\/\/api.w.org\/{rel}","templated":true}]}}