{"id":58292,"date":"2021-03-02T10:40:05","date_gmt":"2021-03-02T13:40:05","guid":{"rendered":"https:\/\/www.simepe.com.br\/novo\/?p=58292"},"modified":"2021-03-02T10:40:05","modified_gmt":"2021-03-02T13:40:05","slug":"boletim-covid-19-setor-registra-o-maior-numero-de-beneficiarios-desde-dezembro-de-2016","status":"publish","type":"post","link":"https:\/\/www.simepe.com.br\/novo\/boletim-covid-19-setor-registra-o-maior-numero-de-beneficiarios-desde-dezembro-de-2016\/","title":{"rendered":"Boletim Covid-19: setor registra o maior n\u00famero de benefici\u00e1rios desde dezembro de 2016"},"content":{"rendered":"<p>A Ag\u00eancia Nacional de Sa\u00fade Suplementar (ANS) divulga nesta segunda-feira (01\/03) nova edi\u00e7\u00e3o do Boletim Covid-19 com dados sobre a utiliza\u00e7\u00e3o dos planos de sa\u00fade durante a pandemia. S\u00e3o apresentadas informa\u00e7\u00f5es assistenciais e econ\u00f4mico-financeiras coletadas at\u00e9 janeiro junto a uma amostra de operadoras, al\u00e9m da pr\u00e9via da evolu\u00e7\u00e3o do n\u00famero de benefici\u00e1rios em planos de assist\u00eancia m\u00e9dica relativa a esse m\u00eas, n\u00famero de exames relacionados \u00e0 Covid-19 realizados pelos planos de sa\u00fade e demandas dos consumidores recepcionadas pela ANS atrav\u00e9s de seus canais de atendimento.<\/p>\n<p>O objetivo da publica\u00e7\u00e3o \u00e9 monitorar a evolu\u00e7\u00e3o de indicadores relevantes do setor de planos de sa\u00fade durante o per\u00edodo da pandemia, subsidiando an\u00e1lise qualificada da ag\u00eancia reguladora e prestando mais informa\u00e7\u00f5es \u00e0 sociedade.<\/p>\n<p><a href=\"http:\/\/www.ans.gov.br\/images\/BOLETIM_COVID-19_ANS_FEVEREIRO_2021.pdf\">Clique aqui para acessar a publica\u00e7\u00e3o.<\/a><\/p>\n<p>Na parte relativa aos indicadores assistenciais, s\u00e3o informados a ocupa\u00e7\u00e3o de leitos, os atendimentos em pronto-socorro que n\u00e3o geraram interna\u00e7\u00e3o e autoriza\u00e7\u00f5es emitidas para procedimentos eletivos fora do ambiente hospitalar, entre outros dados que apontam as principais tend\u00eancias em rela\u00e7\u00e3o \u00e0 utiliza\u00e7\u00e3o de servi\u00e7os de sa\u00fade durante a pandemia. Os indicadores econ\u00f4mico-financeiros analisam a sinistralidade observada atrav\u00e9s do fluxo de caixa das operadoras &#8211; movimento de entrada (recebimentos) e sa\u00edda (pagamentos) de recursos em um dado per\u00edodo &#8211; e a inadimpl\u00eancia, ou seja, o n\u00e3o pagamento de obriga\u00e7\u00f5es no prazo estabelecido. Confira a seguir as informa\u00e7\u00f5es detalhadas.<\/p>\n<p><strong>Evolu\u00e7\u00e3o de benefici\u00e1rios <\/strong><br \/>\nO n\u00famero preliminar de benefici\u00e1rios em planos de assist\u00eancia m\u00e9dica registrado em janeiro segue a tend\u00eancia de crescimento que vinha sendo observada desde julho de 2020. Foram 47,7 milh\u00f5es de benefici\u00e1rios em planos de assist\u00eancia m\u00e9dica na pr\u00e9via de janeiro, com aumento de 0,16% em rela\u00e7\u00e3o a dezembro.<\/p>\n<p>O n\u00famero \u00e9 o maior registrado desde dezembro de 2016 &#8211; antes disso, foi superado em dezembro de 2016, quando foram registrados 47.771.437 milh\u00f5es de benefici\u00e1rios. A evolu\u00e7\u00e3o crescente de benefici\u00e1rios demonstra a import\u00e2ncia do setor e evidencia o interesse dos brasileiros no acesso \u00e0 sa\u00fade suplementar.<\/p>\n<p>De mar\u00e7o (in\u00edcio da pandemia) a janeiro, o aumento ocorreu em todas as modalidades de contrata\u00e7\u00e3o do plano, sendo que o maior percentual foi verificado nos coletivos por ades\u00e3o (1,68% a mais em rela\u00e7\u00e3o a mar\u00e7o). Considerando o tipo de contrata\u00e7\u00e3o do plano e a faixa et\u00e1ria do benefici\u00e1rio, observa-se que a varia\u00e7\u00e3o foi positiva para os benefici\u00e1rios acima de 59 anos em todos os tipos de contrata\u00e7\u00e3o ao longo dos meses de mar\u00e7o de 2020 at\u00e9 janeiro deste ano. Destaca-se tamb\u00e9m, no per\u00edodo, o aumento de benefici\u00e1rios em planos individuais e familiares.<\/p>\n<p><strong>Informa\u00e7\u00f5es assistenciais <\/strong><br \/>\nEm janeiro, a taxa de ocupa\u00e7\u00e3o geral de leitos (com e sem UTI) nos hospitais da amostra ficou em 68%, assim como em dezembro, abaixo do observado para o mesmo m\u00eas em 2020 (71%). Essa informa\u00e7\u00e3o considera a ocupa\u00e7\u00e3o tanto para o atendimento \u00e0 Covid-19 quanto para demais procedimentos n\u00e3o relacionados \u00e0 doen\u00e7a, e engloba leitos comuns e de UTI dos hospitais pr\u00f3prios das operadoras da amostra, que representam aproximadamente 10,5% do total de leitos dispon\u00edveis na rede assistencial de planos privados. Houve um aumento na aloca\u00e7\u00e3o de leitos dos hospitais da amostra para atendimento \u00e0 Covid-19, passando de 29% para 32%. Esse aumento foi mais expressivo na propor\u00e7\u00e3o de leitos com UTI alocados para Covid-19, passando de 41% em dezembro para 48% em janeiro. Vale destacar, ainda, o aumento das interna\u00e7\u00f5es por S\u00edndrome Respirat\u00f3ria Aguda Grave, at\u00edpico para a \u00e9poca, com crescimento de 483% em rela\u00e7\u00e3o a janeiro de 2020.<\/p>\n<p>A quantidade de atendimentos em pronto-socorro que n\u00e3o geraram interna\u00e7\u00f5es segue apresentando retomada lenta e gradual. Em janeiro, houve um crescimento de 1,4% em rela\u00e7\u00e3o ao m\u00eas anterior, mesmo assim, ainda abaixo do observado antes do in\u00edcio da pandemia.<\/p>\n<p>A busca por atendimentos de Servi\u00e7os de Apoio Diagn\u00f3stico Terap\u00eautico (SADT) \u2013 que permite avaliar a tend\u00eancia quanto \u00e0 utiliza\u00e7\u00e3o de procedimentos eletivos fora do ambiente hospitalar \u2013 em janeiro ficou 4,7% abaixo do observado em janeiro de 2020. No entanto, observou-se retorno do volume de exames e terapias fora do ambiente hospitalar ao patamar observado antes da pandemia.<\/p>\n<p><strong>Exames <\/strong><br \/>\nOs dados sobre a realiza\u00e7\u00e3o de exames contemplam informa\u00e7\u00f5es coletadas at\u00e9 novembro e t\u00eam como fonte os dados do Padr\u00e3o TISS (Troca de Informa\u00e7\u00e3o de Sa\u00fade Suplementar). Nesse m\u00eas, foram contabilizados 351.678 exames para detec\u00e7\u00e3o de Covid-19 do tipo Pesquisa de RT-PCR e 52.810 testes do tipo sorol\u00f3gico. Destaca-se ainda que, em novembro, o n\u00famero de exames realizados voltou a subir, interrompendo a queda iniciada em agosto de 2020.<\/p>\n<p>Cabe ressaltar que os n\u00fameros do m\u00eas de novembro apresentados no boletim ainda sofrer\u00e3o altera\u00e7\u00e3o \u00e0 medida que as cobran\u00e7as forem encaminhadas dos prestadores de servi\u00e7os \u00e0s operadoras e, posteriormente, para a ANS.<\/p>\n<p><strong>Informa\u00e7\u00f5es econ\u00f4mico-financeiras <\/strong><br \/>\nEssa edi\u00e7\u00e3o do boletim mostra que, em janeiro, houve redu\u00e7\u00e3o das despesas assistenciais e do pagamento de mensalidades em rela\u00e7\u00e3o a dezembro de 2020. No entanto, o \u00edndice de sinistralidade permaneceu est\u00e1vel e igual a dezembro de 2020 (79%), por\u00e9m ligeiramente superior ao n\u00edvel hist\u00f3rico para o primeiro trimestre, ao se comparar com o primeiro trimestre dos \u00faltimos anos.<\/p>\n<p>Quanto \u00e0s informa\u00e7\u00f5es sobre pagamento de mensalidades, a exemplo dos per\u00edodos em que o final do m\u00eas ocorreu no final de semana, o indicador de inadimpl\u00eancia apresentou alta. Isso pode ser explicado pelo fato de as receitas ingressarem apenas no m\u00eas subsequente ao fechamento do fluxo de caixa, agravando o resultado do indicador. Logo, considerando que n\u00e3o houve varia\u00e7\u00e3o expressiva da receita com contrapresta\u00e7\u00f5es, acredita-se que esta varia\u00e7\u00e3o se deve \u00e0 posterga\u00e7\u00e3o dos pagamentos para o primeiro dia \u00fatil de fevereiro, de forma semelhante ao que se observou nos meses de maio e outubro de 2020.<\/p>\n<p><strong>Demandas dos consumidores <\/strong><br \/>\nEm janeiro, houve queda de 18,8% em rela\u00e7\u00e3o ao m\u00eas anterior no n\u00famero de reclama\u00e7\u00f5es (sobre todos os temas) registradas nos canais de atendimento da ANS, totalizando 9.196 demandas. No comparativo com janeiro de 2020, a redu\u00e7\u00e3o foi de 39,1%, mas est\u00e1vel em rela\u00e7\u00e3o a janeiro de 2019. As queixas relacionadas especificamente \u00e0 Covid-19 tamb\u00e9m apresentaram queda, passando de 1.048 em dezembro para 874 em janeiro.<\/p>\n<p>Do total de reclama\u00e7\u00f5es sobre Covid-19 registradas em janeiro, 46% dizem respeito a dificuldades relativas \u00e0 realiza\u00e7\u00e3o de exames e tratamento; 27% se referem a outras assist\u00eancias afetadas pela pandemia; e 27% s\u00e3o reclama\u00e7\u00f5es sobre temas n\u00e3o assistenciais (contratos e regulamentos, por exemplo).<\/p>\n<p>De mar\u00e7o at\u00e9 janeiro, foram registradas 17.048 reclama\u00e7\u00f5es e 19.913 pedidos de informa\u00e7\u00f5es sobre Covid-19. Cabe esclarecer que essa classifica\u00e7\u00e3o considera o relato do consumidor ao cadastrar sua demanda na ANS, sem an\u00e1lise de m\u00e9rito sobre eventual infra\u00e7\u00e3o da operadora ou da administradora de benef\u00edcios \u00e0 Lei 9.656\/98 e seus normativos ou aos termos contratuais.<\/p>\n<p>As demandas de reclama\u00e7\u00e3o dos consumidores passam pela media\u00e7\u00e3o de conflitos realizada atrav\u00e9s da Notifica\u00e7\u00e3o de Intermedia\u00e7\u00e3o Preliminar (NIP), conforme defini\u00e7\u00e3o prevista na Resolu\u00e7\u00e3o Normativa n\u00ba 388\/2015. A media\u00e7\u00e3o possibilita que as operadoras reparem sua conduta irregular e resolvam os problemas dos benefici\u00e1rios, evitando, assim, a abertura de processo administrativo e judicial.<\/p>\n<p>A NIP vem atingindo \u00edndices elevados de resolutividade, alcan\u00e7ando em 2020 (at\u00e9 outubro) patamares superiores a 90%, inclusive em rela\u00e7\u00e3o \u00e0s demandas relacionadas \u00e0 Covid-19.<\/p>\n<p>J\u00e1 o percentual de resolu\u00e7\u00e3o das reclama\u00e7\u00f5es relativas aos testes para detec\u00e7\u00e3o da Covid-19 ficou em 93% para os exames de RT-PCR e 92,4% para os exames sorol\u00f3gicos. Esse dado informa que a maioria das reclama\u00e7\u00f5es apresentadas foram solucionadas no \u00e2mbito da media\u00e7\u00e3o promovida pela Ag\u00eancia.<\/p>\n<p>No portal da ANS, \u00e9 poss\u00edvel acessar o monitoramento di\u00e1rio das demandas sobre Covid-19. Clique aqui e confira.<\/p>\n<p><a href=\"http:\/\/www.ans.gov.br\/aans\/noticias-ans\/coronavirus-covid-19\">Confira as outras edi\u00e7\u00f5es do Boletim Covid-19.<\/a><\/p>\n<p><strong>Sobre os dados <\/strong><br \/>\nPara a an\u00e1lise dos indicadores assistenciais, a ANS considerou informa\u00e7\u00f5es coletadas junto a uma amostra de 49 operadoras que possuem rede pr\u00f3pria hospitalar. Para os \u00edndices econ\u00f4mico-financeiros, foram analisados dados de 94 operadoras para o estudo de fluxo de caixa e 93 para an\u00e1lise de inadimpl\u00eancia. Juntas, as operadoras respondentes para esses grupos de informa\u00e7\u00e3o compreendem 74% dos benefici\u00e1rios de planos de sa\u00fade m\u00e9dico-hospitalares.<\/p>\n<p>Adicionalmente, na constru\u00e7\u00e3o do boletim, para estes e demais indicadores relacionados a demandas de consumidores e varia\u00e7\u00e3o da base de benefici\u00e1rios, foram utilizados dados oficiais da ANS, entre eles, o Documento de Informa\u00e7\u00f5es Peri\u00f3dicas (DIOPS), o Sistema de Informa\u00e7\u00f5es de Fiscaliza\u00e7\u00e3o (SIF) e o Sistema de Informa\u00e7\u00e3o de Benefici\u00e1rios (SIB).<\/p>\n<p>Fonte: Ag\u00eancia Nacional de Sa\u00fade Suplementar (ANS)<\/p>\n","protected":false},"excerpt":{"rendered":"<p>A Ag\u00eancia Nacional de Sa\u00fade Suplementar (ANS) divulga nesta segunda-feira (01\/03) nova edi\u00e7\u00e3o do Boletim Covid-19 com dados sobre a utiliza\u00e7\u00e3o dos planos de sa\u00fade durante a pandemia. S\u00e3o apresentadas informa\u00e7\u00f5es assistenciais e econ\u00f4mico-financeiras coletadas at\u00e9 janeiro junto a uma amostra de operadoras, al\u00e9m da pr\u00e9via da evolu\u00e7\u00e3o do n\u00famero de benefici\u00e1rios em planos de [&hellip;]<\/p>\n","protected":false},"author":1,"featured_media":0,"comment_status":"open","ping_status":"open","sticky":false,"template":"","format":"standard","meta":{"ocean_post_layout":"","ocean_both_sidebars_style":"","ocean_both_sidebars_content_width":0,"ocean_both_sidebars_sidebars_width":0,"ocean_sidebar":"","ocean_second_sidebar":"","ocean_disable_margins":"enable","ocean_add_body_class":"","ocean_shortcode_before_top_bar":"","ocean_shortcode_after_top_bar":"","ocean_shortcode_before_header":"","ocean_shortcode_after_header":"","ocean_has_shortcode":"","ocean_shortcode_after_title":"","ocean_shortcode_before_footer_widgets":"","ocean_shortcode_after_footer_widgets":"","ocean_shortcode_before_footer_bottom":"","ocean_shortcode_after_footer_bottom":"","ocean_display_top_bar":"default","ocean_display_header":"default","ocean_header_style":"","ocean_center_header_left_menu":"","ocean_custom_header_template":"","ocean_custom_logo":0,"ocean_custom_retina_logo":0,"ocean_custom_logo_max_width":0,"ocean_custom_logo_tablet_max_width":0,"ocean_custom_logo_mobile_max_width":0,"ocean_custom_logo_max_height":0,"ocean_custom_logo_tablet_max_height":0,"ocean_custom_logo_mobile_max_height":0,"ocean_header_custom_menu":"","ocean_menu_typo_font_family":"","ocean_menu_typo_font_subset":"","ocean_menu_typo_font_size":0,"ocean_menu_typo_font_size_tablet":0,"ocean_menu_typo_font_size_mobile":0,"ocean_menu_typo_font_size_unit":"px","ocean_menu_typo_font_weight":"","ocean_menu_typo_font_weight_tablet":"","ocean_menu_typo_font_weight_mobile":"","ocean_menu_typo_transform":"","ocean_menu_typo_transform_tablet":"","ocean_menu_typo_transform_mobile":"","ocean_menu_typo_line_height":0,"ocean_menu_typo_line_height_tablet":0,"ocean_menu_typo_line_height_mobile":0,"ocean_menu_typo_line_height_unit":"","ocean_menu_typo_spacing":0,"ocean_menu_typo_spacing_tablet":0,"ocean_menu_typo_spacing_mobile":0,"ocean_menu_typo_spacing_unit":"","ocean_menu_link_color":"","ocean_menu_link_color_hover":"","ocean_menu_link_color_active":"","ocean_menu_link_background":"","ocean_menu_link_hover_background":"","ocean_menu_link_active_background":"","ocean_menu_social_links_bg":"","ocean_menu_social_hover_links_bg":"","ocean_menu_social_links_color":"","ocean_menu_social_hover_links_color":"","ocean_disable_title":"default","ocean_disable_heading":"default","ocean_post_title":"","ocean_post_subheading":"","ocean_post_title_style":"","ocean_post_title_background_color":"","ocean_post_title_background":0,"ocean_post_title_bg_image_position":"","ocean_post_title_bg_image_attachment":"","ocean_post_title_bg_image_repeat":"","ocean_post_title_bg_image_size":"","ocean_post_title_height":0,"ocean_post_title_bg_overlay":0.5,"ocean_post_title_bg_overlay_color":"","ocean_disable_breadcrumbs":"default","ocean_breadcrumbs_color":"","ocean_breadcrumbs_separator_color":"","ocean_breadcrumbs_links_color":"","ocean_breadcrumbs_links_hover_color":"","ocean_display_footer_widgets":"default","ocean_display_footer_bottom":"default","ocean_custom_footer_template":"","ocean_post_oembed":"","ocean_post_self_hosted_media":"","ocean_post_video_embed":"","ocean_link_format":"","ocean_link_format_target":"self","ocean_quote_format":"","ocean_quote_format_link":"post","ocean_gallery_link_images":"on","ocean_gallery_id":[]},"categories":[9],"tags":[1420,3908,229,2596,82],"acf":[],"_links":{"self":[{"href":"https:\/\/www.simepe.com.br\/novo\/wp-json\/wp\/v2\/posts\/58292"}],"collection":[{"href":"https:\/\/www.simepe.com.br\/novo\/wp-json\/wp\/v2\/posts"}],"about":[{"href":"https:\/\/www.simepe.com.br\/novo\/wp-json\/wp\/v2\/types\/post"}],"author":[{"embeddable":true,"href":"https:\/\/www.simepe.com.br\/novo\/wp-json\/wp\/v2\/users\/1"}],"replies":[{"embeddable":true,"href":"https:\/\/www.simepe.com.br\/novo\/wp-json\/wp\/v2\/comments?post=58292"}],"version-history":[{"count":1,"href":"https:\/\/www.simepe.com.br\/novo\/wp-json\/wp\/v2\/posts\/58292\/revisions"}],"predecessor-version":[{"id":58293,"href":"https:\/\/www.simepe.com.br\/novo\/wp-json\/wp\/v2\/posts\/58292\/revisions\/58293"}],"wp:attachment":[{"href":"https:\/\/www.simepe.com.br\/novo\/wp-json\/wp\/v2\/media?parent=58292"}],"wp:term":[{"taxonomy":"category","embeddable":true,"href":"https:\/\/www.simepe.com.br\/novo\/wp-json\/wp\/v2\/categories?post=58292"},{"taxonomy":"post_tag","embeddable":true,"href":"https:\/\/www.simepe.com.br\/novo\/wp-json\/wp\/v2\/tags?post=58292"}],"curies":[{"name":"wp","href":"https:\/\/api.w.org\/{rel}","templated":true}]}}