{"id":58304,"date":"2021-03-02T11:24:22","date_gmt":"2021-03-02T14:24:22","guid":{"rendered":"https:\/\/www.simepe.com.br\/novo\/?p=58304"},"modified":"2021-03-02T11:24:22","modified_gmt":"2021-03-02T14:24:22","slug":"novos-casos-de-covid-aumentam-no-mundo-pela-1a-vez-em-sete-semanas","status":"publish","type":"post","link":"https:\/\/www.simepe.com.br\/novo\/novos-casos-de-covid-aumentam-no-mundo-pela-1a-vez-em-sete-semanas\/","title":{"rendered":"Novos casos de Covid aumentam no mundo pela 1\u00aa vez em sete semanas"},"content":{"rendered":"<p><em>O diretor-geral da OMS, Tedros Adhanom Ghebreyesus, disse que o aumento nos casos foi &#8216;decepcionante, mas n\u00e3o surpreendente&#8217;.<\/em><\/p>\n<p>Ap\u00f3s sete semanas de queda, o n\u00famero de novas infec\u00e7\u00f5es por coronav\u00edrus aumentou globalmente na semana passada, informou a OMS (Organiza\u00e7\u00e3o Mundial da Sa\u00fade) nesta segunda-feira (1\u00ba).<\/p>\n<p>O diretor-geral da ag\u00eancia, Tedros Adhanom Ghebreyesus, disse que o aumento nos casos foi &#8220;decepcionante, mas n\u00e3o surpreendente&#8221; e pediu aos pa\u00edses que n\u00e3o relaxem as medidas de combate \u00e0 doen\u00e7a. O \u00f3rg\u00e3o comparou semana a semana.<\/p>\n<p>Segundo Ghebreyesus, ainda \u00e9 muito cedo para os governos dependerem apenas dos programas de vacina\u00e7\u00e3o e abandonarem outras medidas para conter a dissemina\u00e7\u00e3o do v\u00edrus. &#8220;Parte disso [do aumento] parece ser devido ao relaxamento das medidas de sa\u00fade p\u00fablica, \u00e0 circula\u00e7\u00e3o cont\u00ednua de variantes e \u00e0s pessoas baixando a guarda&#8221;, disse.<\/p>\n<p>Em entrevista coletiva, o diretor de emerg\u00eancias da OMS, Michael Ryan, afirmou que \u00e9 irrealista acreditar que a pandemia vai acabar at\u00e9 o fim do ano. &#8220;Mas acho que o que podemos interromper, se formos inteligentes, s\u00e3o as hospitaliza\u00e7\u00f5es, as mortes.&#8221;<\/p>\n<p>A chefe t\u00e9cnica do \u00f3rg\u00e3o para a Covid-19, Maria Van Kerkhove, tamb\u00e9m alertou que o v\u00edrus vai se recuperar, &#8220;se permitirmos&#8221;.<\/p>\n<p>Nesta segunda (1\u00ba), Gana e Costa do Marfim se tornaram os primeiros pa\u00edses a come\u00e7ar a vacinar sua popula\u00e7\u00e3o com doses fornecidas pela Covax, o programa internacional de fornecimento de vacinas para os mais pobres.<\/p>\n<p>Ghebreyesus celebrou a alian\u00e7a global de acesso ao imunizante, mas tamb\u00e9m criticou governos por acumularem doses de vacinas. &#8220;\u00c9 lament\u00e1vel que alguns pa\u00edses continuem a priorizar a vacina\u00e7\u00e3o de adultos jovens saud\u00e1veis, com menor risco de doen\u00e7as em suas pr\u00f3prias popula\u00e7\u00f5es, \u00e0 frente dos profissionais de sa\u00fade e idosos em outros lugares&#8221;, disse.<\/p>\n<p>Fonte: Folha de Pernambuco<\/p>\n","protected":false},"excerpt":{"rendered":"<p>O diretor-geral da OMS, Tedros Adhanom Ghebreyesus, disse que o aumento nos casos foi &#8216;decepcionante, mas n\u00e3o surpreendente&#8217;. Ap\u00f3s sete semanas de queda, o n\u00famero de novas infec\u00e7\u00f5es por coronav\u00edrus aumentou globalmente na semana passada, informou a OMS (Organiza\u00e7\u00e3o Mundial da Sa\u00fade) nesta segunda-feira (1\u00ba). O diretor-geral da ag\u00eancia, Tedros Adhanom Ghebreyesus, disse que o [&hellip;]<\/p>\n","protected":false},"author":1,"featured_media":0,"comment_status":"open","ping_status":"open","sticky":false,"template":"","format":"standard","meta":{"ocean_post_layout":"","ocean_both_sidebars_style":"","ocean_both_sidebars_content_width":0,"ocean_both_sidebars_sidebars_width":0,"ocean_sidebar":"","ocean_second_sidebar":"","ocean_disable_margins":"enable","ocean_add_body_class":"","ocean_shortcode_before_top_bar":"","ocean_shortcode_after_top_bar":"","ocean_shortcode_before_header":"","ocean_shortcode_after_header":"","ocean_has_shortcode":"","ocean_shortcode_after_title":"","ocean_shortcode_before_footer_widgets":"","ocean_shortcode_after_footer_widgets":"","ocean_shortcode_before_footer_bottom":"","ocean_shortcode_after_footer_bottom":"","ocean_display_top_bar":"default","ocean_display_header":"default","ocean_header_style":"","ocean_center_header_left_menu":"","ocean_custom_header_template":"","ocean_custom_logo":0,"ocean_custom_retina_logo":0,"ocean_custom_logo_max_width":0,"ocean_custom_logo_tablet_max_width":0,"ocean_custom_logo_mobile_max_width":0,"ocean_custom_logo_max_height":0,"ocean_custom_logo_tablet_max_height":0,"ocean_custom_logo_mobile_max_height":0,"ocean_header_custom_menu":"","ocean_menu_typo_font_family":"","ocean_menu_typo_font_subset":"","ocean_menu_typo_font_size":0,"ocean_menu_typo_font_size_tablet":0,"ocean_menu_typo_font_size_mobile":0,"ocean_menu_typo_font_size_unit":"px","ocean_menu_typo_font_weight":"","ocean_menu_typo_font_weight_tablet":"","ocean_menu_typo_font_weight_mobile":"","ocean_menu_typo_transform":"","ocean_menu_typo_transform_tablet":"","ocean_menu_typo_transform_mobile":"","ocean_menu_typo_line_height":0,"ocean_menu_typo_line_height_tablet":0,"ocean_menu_typo_line_height_mobile":0,"ocean_menu_typo_line_height_unit":"","ocean_menu_typo_spacing":0,"ocean_menu_typo_spacing_tablet":0,"ocean_menu_typo_spacing_mobile":0,"ocean_menu_typo_spacing_unit":"","ocean_menu_link_color":"","ocean_menu_link_color_hover":"","ocean_menu_link_color_active":"","ocean_menu_link_background":"","ocean_menu_link_hover_background":"","ocean_menu_link_active_background":"","ocean_menu_social_links_bg":"","ocean_menu_social_hover_links_bg":"","ocean_menu_social_links_color":"","ocean_menu_social_hover_links_color":"","ocean_disable_title":"default","ocean_disable_heading":"default","ocean_post_title":"","ocean_post_subheading":"","ocean_post_title_style":"","ocean_post_title_background_color":"","ocean_post_title_background":0,"ocean_post_title_bg_image_position":"","ocean_post_title_bg_image_attachment":"","ocean_post_title_bg_image_repeat":"","ocean_post_title_bg_image_size":"","ocean_post_title_height":0,"ocean_post_title_bg_overlay":0.5,"ocean_post_title_bg_overlay_color":"","ocean_disable_breadcrumbs":"default","ocean_breadcrumbs_color":"","ocean_breadcrumbs_separator_color":"","ocean_breadcrumbs_links_color":"","ocean_breadcrumbs_links_hover_color":"","ocean_display_footer_widgets":"default","ocean_display_footer_bottom":"default","ocean_custom_footer_template":"","ocean_post_oembed":"","ocean_post_self_hosted_media":"","ocean_post_video_embed":"","ocean_link_format":"","ocean_link_format_target":"self","ocean_quote_format":"","ocean_quote_format_link":"post","ocean_gallery_link_images":"on","ocean_gallery_id":[]},"categories":[9],"tags":[1420,1490,82],"acf":[],"_links":{"self":[{"href":"https:\/\/www.simepe.com.br\/novo\/wp-json\/wp\/v2\/posts\/58304"}],"collection":[{"href":"https:\/\/www.simepe.com.br\/novo\/wp-json\/wp\/v2\/posts"}],"about":[{"href":"https:\/\/www.simepe.com.br\/novo\/wp-json\/wp\/v2\/types\/post"}],"author":[{"embeddable":true,"href":"https:\/\/www.simepe.com.br\/novo\/wp-json\/wp\/v2\/users\/1"}],"replies":[{"embeddable":true,"href":"https:\/\/www.simepe.com.br\/novo\/wp-json\/wp\/v2\/comments?post=58304"}],"version-history":[{"count":1,"href":"https:\/\/www.simepe.com.br\/novo\/wp-json\/wp\/v2\/posts\/58304\/revisions"}],"predecessor-version":[{"id":58305,"href":"https:\/\/www.simepe.com.br\/novo\/wp-json\/wp\/v2\/posts\/58304\/revisions\/58305"}],"wp:attachment":[{"href":"https:\/\/www.simepe.com.br\/novo\/wp-json\/wp\/v2\/media?parent=58304"}],"wp:term":[{"taxonomy":"category","embeddable":true,"href":"https:\/\/www.simepe.com.br\/novo\/wp-json\/wp\/v2\/categories?post=58304"},{"taxonomy":"post_tag","embeddable":true,"href":"https:\/\/www.simepe.com.br\/novo\/wp-json\/wp\/v2\/tags?post=58304"}],"curies":[{"name":"wp","href":"https:\/\/api.w.org\/{rel}","templated":true}]}}