{"id":58329,"date":"2021-03-03T13:12:15","date_gmt":"2021-03-03T16:12:15","guid":{"rendered":"https:\/\/www.simepe.com.br\/novo\/?p=58329"},"modified":"2021-03-03T13:12:15","modified_gmt":"2021-03-03T16:12:15","slug":"sindicato-dos-medicos-alerta-com-recorde-de-mortes-e-colapso-na-saude-a-hora-e-de-prevencao","status":"publish","type":"post","link":"https:\/\/www.simepe.com.br\/novo\/sindicato-dos-medicos-alerta-com-recorde-de-mortes-e-colapso-na-saude-a-hora-e-de-prevencao\/","title":{"rendered":"Sindicato dos M\u00e9dicos alerta: Com recorde de mortes e colapso na sa\u00fade, a hora \u00e9 de preven\u00e7\u00e3o"},"content":{"rendered":"<p style=\"text-align: justify;\">O Brasil registrou um novo recorde de mortos pela Covid-19 nesta ter\u00e7a-feira (3). Segundo um cons\u00f3rcio de ve\u00edculos da imprensa que usa dados das secretarias de Sa\u00fade dos Estados, tivemos 1.726 mortes nas \u00faltimas 24 horas. O minist\u00e9rio da Sa\u00fade registrou 1.641 \u00f3bitos. Em ambos os registros \u00e9 o maior n\u00famero de \u00f3bitos di\u00e1rio desde o in\u00edcio da pandemia.<\/p>\n<p style=\"text-align: justify;\">No total, s\u00e3o 257.562 \u00f3bitos. A m\u00e9dia m\u00f3vel de mortes no Brasil nos \u00faltimos 7 dias chegou a 1.274. A varia\u00e7\u00e3o foi de 23% em compara\u00e7\u00e3o a 14 dias atr\u00e1s, mostrando tend\u00eancia de alta nos \u00f3bitos pela doen\u00e7a.<\/p>\n<p style=\"text-align: justify;\">No Paran\u00e1, a m\u00e9dia m\u00f3vel de casos de Covid-19 teve aumento de 48,5% em duas semanas. Esse aumento no n\u00famero de diagn\u00f3sticos \u00e9 observado desde o in\u00edcio do m\u00eas passado.<\/p>\n<p style=\"text-align: justify;\">Com apenas dois meses completos, o ano de 2021 j\u00e1 concentra um quarto de todas as mortes da pandemia. At\u00e9 1\u00ba de mar\u00e7o, o Paran\u00e1 somava 645.621 casos e 11.598 mortes. Destas, 3.005 morreram neste ano.<\/p>\n<p style=\"text-align: justify;\">Relatos de um m\u00e9dico que trabalha na administra\u00e7\u00e3o de leitos da rede privada d\u00e3o conta de que nos \u00faltimos dias a doen\u00e7a tem evolu\u00eddo em velocidade muito mais r\u00e1pida de que no ano passado. Houve casos em que a doen\u00e7a evoluiu dos primeiros sintomas para a necessidade de internamento em UTI em quest\u00e3o de dois dias. H\u00e1 relatos de casos de pacientes que foram a \u00f3bito mesmo antes de chegarem a ser transferidos para UTIs.<\/p>\n<p style=\"text-align: justify;\">Segundo o Governo do Estado, a taxa de ocupa\u00e7\u00e3o dos leitos de UTI do Sistema \u00danico de Sa\u00fade (SUS) no Estado est\u00e1 hoje em 92%, chegando a 97% na Regi\u00e3o Oeste.<\/p>\n<p style=\"text-align: justify;\">H\u00e1 filas em diversos hospitais, tanto para internamento nas enfermarias como nas UTIs. Em Santa Catarina, cerca de vinte pessoas morreram nos \u00faltimos dias \u00e0 espera de vagas em UTI. A possibilidade de situa\u00e7\u00f5es como essa acontecerem no paran\u00e1 e iminente.<\/p>\n<p style=\"text-align: justify;\">Por tudo isso, o Sindicato dos M\u00e9dicos no Estado do Paran\u00e1 (Simepar) alerta que este \u00e9 o pior momento da pandemia, e quem contrair a Covid-19 neste momento, corre o risco de n\u00e3o receber o atendimento adequado. Mesmo com o tratamento adequado, a possibilidade da doen\u00e7a ser fatal \u00e9 alta, isso sem falar nas sequelas que a doen\u00e7a pode deixar por todo o corpo.<\/p>\n<p style=\"text-align: justify;\">\u00c9 hora de usar m\u00e1scaras e \u00e1lcool gel, manter o distanciamento social, evitar aglomera\u00e7\u00f5es, procurar resolver os assuntos do dia a dia pela internet ou telefone, evitar ao m\u00e1ximo sair de casa, etc.<\/p>\n<p style=\"text-align: justify;\">Enquanto n\u00e3o houver vacina\u00e7\u00e3o em massa, com mais de 70% da popula\u00e7\u00e3o imunizada, o v\u00edrus continuar\u00e1 circulando e ceifando vidas.<\/p>\n<p style=\"text-align: justify;\">Muitos est\u00e3o mais preocupados com a economia ou com a sequ\u00eancia da educa\u00e7\u00e3o de seus filhos. Mas nunca \u00e9 demais lembrar que da fal\u00eancia as pessoas podem se recuperar. Da morte, ningu\u00e9m se recupera.<\/p>\n<p style=\"text-align: justify;\"><em>Com informa\u00e7\u00f5es da Ag\u00eancia de Not\u00edcias do Paran\u00e1 e G1.<\/em><\/p>\n<p style=\"text-align: justify;\">Fonte: Sindicato dos M\u00e9dicos no Estado do Paran\u00e1 (Simepar)<\/p>\n","protected":false},"excerpt":{"rendered":"<p>O Brasil registrou um novo recorde de mortos pela Covid-19 nesta ter\u00e7a-feira (3). Segundo um cons\u00f3rcio de ve\u00edculos da imprensa que usa dados das secretarias de Sa\u00fade dos Estados, tivemos 1.726 mortes nas \u00faltimas 24 horas. O minist\u00e9rio da Sa\u00fade registrou 1.641 \u00f3bitos. Em ambos os registros \u00e9 o maior n\u00famero de \u00f3bitos di\u00e1rio desde [&hellip;]<\/p>\n","protected":false},"author":1,"featured_media":58330,"comment_status":"open","ping_status":"open","sticky":false,"template":"","format":"standard","meta":{"ocean_post_layout":"","ocean_both_sidebars_style":"","ocean_both_sidebars_content_width":0,"ocean_both_sidebars_sidebars_width":0,"ocean_sidebar":"","ocean_second_sidebar":"","ocean_disable_margins":"enable","ocean_add_body_class":"","ocean_shortcode_before_top_bar":"","ocean_shortcode_after_top_bar":"","ocean_shortcode_before_header":"","ocean_shortcode_after_header":"","ocean_has_shortcode":"","ocean_shortcode_after_title":"","ocean_shortcode_before_footer_widgets":"","ocean_shortcode_after_footer_widgets":"","ocean_shortcode_before_footer_bottom":"","ocean_shortcode_after_footer_bottom":"","ocean_display_top_bar":"default","ocean_display_header":"default","ocean_header_style":"","ocean_center_header_left_menu":"","ocean_custom_header_template":"","ocean_custom_logo":0,"ocean_custom_retina_logo":0,"ocean_custom_logo_max_width":0,"ocean_custom_logo_tablet_max_width":0,"ocean_custom_logo_mobile_max_width":0,"ocean_custom_logo_max_height":0,"ocean_custom_logo_tablet_max_height":0,"ocean_custom_logo_mobile_max_height":0,"ocean_header_custom_menu":"","ocean_menu_typo_font_family":"","ocean_menu_typo_font_subset":"","ocean_menu_typo_font_size":0,"ocean_menu_typo_font_size_tablet":0,"ocean_menu_typo_font_size_mobile":0,"ocean_menu_typo_font_size_unit":"px","ocean_menu_typo_font_weight":"","ocean_menu_typo_font_weight_tablet":"","ocean_menu_typo_font_weight_mobile":"","ocean_menu_typo_transform":"","ocean_menu_typo_transform_tablet":"","ocean_menu_typo_transform_mobile":"","ocean_menu_typo_line_height":0,"ocean_menu_typo_line_height_tablet":0,"ocean_menu_typo_line_height_mobile":0,"ocean_menu_typo_line_height_unit":"","ocean_menu_typo_spacing":0,"ocean_menu_typo_spacing_tablet":0,"ocean_menu_typo_spacing_mobile":0,"ocean_menu_typo_spacing_unit":"","ocean_menu_link_color":"","ocean_menu_link_color_hover":"","ocean_menu_link_color_active":"","ocean_menu_link_background":"","ocean_menu_link_hover_background":"","ocean_menu_link_active_background":"","ocean_menu_social_links_bg":"","ocean_menu_social_hover_links_bg":"","ocean_menu_social_links_color":"","ocean_menu_social_hover_links_color":"","ocean_disable_title":"default","ocean_disable_heading":"default","ocean_post_title":"","ocean_post_subheading":"","ocean_post_title_style":"","ocean_post_title_background_color":"","ocean_post_title_background":0,"ocean_post_title_bg_image_position":"","ocean_post_title_bg_image_attachment":"","ocean_post_title_bg_image_repeat":"","ocean_post_title_bg_image_size":"","ocean_post_title_height":0,"ocean_post_title_bg_overlay":0.5,"ocean_post_title_bg_overlay_color":"","ocean_disable_breadcrumbs":"default","ocean_breadcrumbs_color":"","ocean_breadcrumbs_separator_color":"","ocean_breadcrumbs_links_color":"","ocean_breadcrumbs_links_hover_color":"","ocean_display_footer_widgets":"default","ocean_display_footer_bottom":"default","ocean_custom_footer_template":"","ocean_post_oembed":"","ocean_post_self_hosted_media":"","ocean_post_video_embed":"","ocean_link_format":"","ocean_link_format_target":"self","ocean_quote_format":"","ocean_quote_format_link":"post","ocean_gallery_link_images":"on","ocean_gallery_id":[]},"categories":[1],"tags":[],"acf":[],"_links":{"self":[{"href":"https:\/\/www.simepe.com.br\/novo\/wp-json\/wp\/v2\/posts\/58329"}],"collection":[{"href":"https:\/\/www.simepe.com.br\/novo\/wp-json\/wp\/v2\/posts"}],"about":[{"href":"https:\/\/www.simepe.com.br\/novo\/wp-json\/wp\/v2\/types\/post"}],"author":[{"embeddable":true,"href":"https:\/\/www.simepe.com.br\/novo\/wp-json\/wp\/v2\/users\/1"}],"replies":[{"embeddable":true,"href":"https:\/\/www.simepe.com.br\/novo\/wp-json\/wp\/v2\/comments?post=58329"}],"version-history":[{"count":1,"href":"https:\/\/www.simepe.com.br\/novo\/wp-json\/wp\/v2\/posts\/58329\/revisions"}],"predecessor-version":[{"id":58331,"href":"https:\/\/www.simepe.com.br\/novo\/wp-json\/wp\/v2\/posts\/58329\/revisions\/58331"}],"wp:featuredmedia":[{"embeddable":true,"href":"https:\/\/www.simepe.com.br\/novo\/wp-json\/wp\/v2\/media\/58330"}],"wp:attachment":[{"href":"https:\/\/www.simepe.com.br\/novo\/wp-json\/wp\/v2\/media?parent=58329"}],"wp:term":[{"taxonomy":"category","embeddable":true,"href":"https:\/\/www.simepe.com.br\/novo\/wp-json\/wp\/v2\/categories?post=58329"},{"taxonomy":"post_tag","embeddable":true,"href":"https:\/\/www.simepe.com.br\/novo\/wp-json\/wp\/v2\/tags?post=58329"}],"curies":[{"name":"wp","href":"https:\/\/api.w.org\/{rel}","templated":true}]}}