{"id":58367,"date":"2021-03-04T10:31:27","date_gmt":"2021-03-04T13:31:27","guid":{"rendered":"https:\/\/www.simepe.com.br\/novo\/?p=58367"},"modified":"2021-03-04T10:31:27","modified_gmt":"2021-03-04T13:31:27","slug":"ministerio-nao-e-maquina-de-fabricar-solucoes-mas-tenta-resolver-problemas-diz-pazuello","status":"publish","type":"post","link":"https:\/\/www.simepe.com.br\/novo\/ministerio-nao-e-maquina-de-fabricar-solucoes-mas-tenta-resolver-problemas-diz-pazuello\/","title":{"rendered":"Minist\u00e9rio n\u00e3o \u00e9 &#8216;m\u00e1quina de fabricar solu\u00e7\u00f5es&#8217;, mas tenta resolver problemas, diz Pazuello"},"content":{"rendered":"<p><em>Pazuello cita negocia\u00e7\u00f5es para obter 138 milh\u00f5es de doses de vacinas da Pfizer e da Janssen.<\/em><\/p>\n<p>No dia em que o pa\u00eds bateu novo recorde de mortes pela Covid, com 1.840 \u00f3bitos, o ministro da Sa\u00fade, Eduardo Pazuello, gravou um v\u00eddeo em que, sem citar n\u00fameros, fala em &#8220;dia dif\u00edcil para os brasileiros&#8221; e diz que a pasta n\u00e3o \u00e9 uma &#8220;m\u00e1quina de fabricar solu\u00e7\u00f5es&#8221;.<\/p>\n<p>&#8220;Hoje \u00e9 um dia dif\u00edcil para todos os brasileiros. Atingimos um grave momento da pandemia. (&#8230;) A todos voc\u00eas, quero dizer que estamos trabalhando firmes para mudar esse quadro. N\u00e3o somos uma m\u00e1quina de fabricar solu\u00e7\u00f5es, mas seres humanos focados na resolu\u00e7\u00e3o de problemas&#8221;, diz o ministro.<\/p>\n<p>Em seguida, Pazuello cita negocia\u00e7\u00f5es para obter 138 milh\u00f5es de doses de vacinas da Pfizer e da Janssen. Mais cedo, a pasta confirmou que deve adquirir imunizantes dos dois laborat\u00f3rios. Os contratos, por\u00e9m, ainda precisam ser assinados.<\/p>\n<p>&#8220;Tratamos com a Pfizer e Johnson &amp; Johnson para que tenhamos a partir de maio pr\u00f3ximo mais 138 milh\u00f5es de doses para imunizar a popula\u00e7\u00e3o&#8221;, diz o ministro. O cronograma de entrega, no entanto, prev\u00ea entrega intercalada at\u00e9 dezembro.<\/p>\n<p>Ainda no v\u00eddeo, o ministro volta a citar como meta vacinar toda a popula\u00e7\u00e3o acima de 18 anos at\u00e9 o fim de 2021e evita entrar em detalhes sobre a situa\u00e7\u00e3o da epidemia, mas atribui indiretamente o agravamento de casos a novas variantes do v\u00edrus. &#8220;As variantes nos atingem de forma agressiva&#8221;, diz.<\/p>\n<p>Nos \u00faltimos dias, Pazuello tem citado a circula\u00e7\u00e3o de novas variantes, como a identificada em Manaus, como fatores para o avan\u00e7o da Covid. Especialistas, por\u00e9m, destacam tamb\u00e9m outros fatores, como a queda na ades\u00e3o ao distanciamento.<br \/>\nPazuello voltou a recomendar nesta quarta medidas de preven\u00e7\u00e3o, ao contr\u00e1rio do que fez em outros alertas recentes sobre o agravamento da epidemia.<\/p>\n<p>&#8220;Alerto sobre a import\u00e2ncia de que todos mantenham os cuidados preventivos individuais para diminuir o risco de ficar doente&#8221;, informou o ministro, sem citar quais seriam esses cuidados. Especialistas recomendam o uso de m\u00e1scaras e distanciamento social.<\/p>\n<p>Antes de chegar ao alto n\u00famero de mortes divulgado nesta quarta, o pa\u00eds j\u00e1 tinha registrado recorde um dia antes, na ter\u00e7a, com 1.726 \u00f3bitos, no maior salto da epidemia. As informa\u00e7\u00f5es s\u00e3o do cons\u00f3rcio de ve\u00edculos de imprensa.<\/p>\n<p>Al\u00e9m do elevado n\u00famero de \u00f3bitos, tamb\u00e9m foram registrados 74.376 casos de Covid-19, segundo maior valor da pandemia. O recorde pertence ao dia 8 de janeiro, com 84.977 infec\u00e7\u00f5es, mas ocorreu devido a uma revis\u00e3o de dados do Paran\u00e1. Desde o in\u00edcio da epidemia, o pa\u00eds j\u00e1 registra 259.402 mortes e 10.722.221 casos da doen\u00e7a.<\/p>\n<p>Fonte: Folha de Pernambuco<\/p>\n","protected":false},"excerpt":{"rendered":"<p>Pazuello cita negocia\u00e7\u00f5es para obter 138 milh\u00f5es de doses de vacinas da Pfizer e da Janssen. No dia em que o pa\u00eds bateu novo recorde de mortes pela Covid, com 1.840 \u00f3bitos, o ministro da Sa\u00fade, Eduardo Pazuello, gravou um v\u00eddeo em que, sem citar n\u00fameros, fala em &#8220;dia dif\u00edcil para os brasileiros&#8221; e diz [&hellip;]<\/p>\n","protected":false},"author":1,"featured_media":0,"comment_status":"open","ping_status":"open","sticky":false,"template":"","format":"standard","meta":{"ocean_post_layout":"","ocean_both_sidebars_style":"","ocean_both_sidebars_content_width":0,"ocean_both_sidebars_sidebars_width":0,"ocean_sidebar":"","ocean_second_sidebar":"","ocean_disable_margins":"enable","ocean_add_body_class":"","ocean_shortcode_before_top_bar":"","ocean_shortcode_after_top_bar":"","ocean_shortcode_before_header":"","ocean_shortcode_after_header":"","ocean_has_shortcode":"","ocean_shortcode_after_title":"","ocean_shortcode_before_footer_widgets":"","ocean_shortcode_after_footer_widgets":"","ocean_shortcode_before_footer_bottom":"","ocean_shortcode_after_footer_bottom":"","ocean_display_top_bar":"default","ocean_display_header":"default","ocean_header_style":"","ocean_center_header_left_menu":"","ocean_custom_header_template":"","ocean_custom_logo":0,"ocean_custom_retina_logo":0,"ocean_custom_logo_max_width":0,"ocean_custom_logo_tablet_max_width":0,"ocean_custom_logo_mobile_max_width":0,"ocean_custom_logo_max_height":0,"ocean_custom_logo_tablet_max_height":0,"ocean_custom_logo_mobile_max_height":0,"ocean_header_custom_menu":"","ocean_menu_typo_font_family":"","ocean_menu_typo_font_subset":"","ocean_menu_typo_font_size":0,"ocean_menu_typo_font_size_tablet":0,"ocean_menu_typo_font_size_mobile":0,"ocean_menu_typo_font_size_unit":"px","ocean_menu_typo_font_weight":"","ocean_menu_typo_font_weight_tablet":"","ocean_menu_typo_font_weight_mobile":"","ocean_menu_typo_transform":"","ocean_menu_typo_transform_tablet":"","ocean_menu_typo_transform_mobile":"","ocean_menu_typo_line_height":0,"ocean_menu_typo_line_height_tablet":0,"ocean_menu_typo_line_height_mobile":0,"ocean_menu_typo_line_height_unit":"","ocean_menu_typo_spacing":0,"ocean_menu_typo_spacing_tablet":0,"ocean_menu_typo_spacing_mobile":0,"ocean_menu_typo_spacing_unit":"","ocean_menu_link_color":"","ocean_menu_link_color_hover":"","ocean_menu_link_color_active":"","ocean_menu_link_background":"","ocean_menu_link_hover_background":"","ocean_menu_link_active_background":"","ocean_menu_social_links_bg":"","ocean_menu_social_hover_links_bg":"","ocean_menu_social_links_color":"","ocean_menu_social_hover_links_color":"","ocean_disable_title":"default","ocean_disable_heading":"default","ocean_post_title":"","ocean_post_subheading":"","ocean_post_title_style":"","ocean_post_title_background_color":"","ocean_post_title_background":0,"ocean_post_title_bg_image_position":"","ocean_post_title_bg_image_attachment":"","ocean_post_title_bg_image_repeat":"","ocean_post_title_bg_image_size":"","ocean_post_title_height":0,"ocean_post_title_bg_overlay":0.5,"ocean_post_title_bg_overlay_color":"","ocean_disable_breadcrumbs":"default","ocean_breadcrumbs_color":"","ocean_breadcrumbs_separator_color":"","ocean_breadcrumbs_links_color":"","ocean_breadcrumbs_links_hover_color":"","ocean_display_footer_widgets":"default","ocean_display_footer_bottom":"default","ocean_custom_footer_template":"","ocean_post_oembed":"","ocean_post_self_hosted_media":"","ocean_post_video_embed":"","ocean_link_format":"","ocean_link_format_target":"self","ocean_quote_format":"","ocean_quote_format_link":"post","ocean_gallery_link_images":"on","ocean_gallery_id":[]},"categories":[9],"tags":[1420,1490,82],"acf":[],"_links":{"self":[{"href":"https:\/\/www.simepe.com.br\/novo\/wp-json\/wp\/v2\/posts\/58367"}],"collection":[{"href":"https:\/\/www.simepe.com.br\/novo\/wp-json\/wp\/v2\/posts"}],"about":[{"href":"https:\/\/www.simepe.com.br\/novo\/wp-json\/wp\/v2\/types\/post"}],"author":[{"embeddable":true,"href":"https:\/\/www.simepe.com.br\/novo\/wp-json\/wp\/v2\/users\/1"}],"replies":[{"embeddable":true,"href":"https:\/\/www.simepe.com.br\/novo\/wp-json\/wp\/v2\/comments?post=58367"}],"version-history":[{"count":1,"href":"https:\/\/www.simepe.com.br\/novo\/wp-json\/wp\/v2\/posts\/58367\/revisions"}],"predecessor-version":[{"id":58368,"href":"https:\/\/www.simepe.com.br\/novo\/wp-json\/wp\/v2\/posts\/58367\/revisions\/58368"}],"wp:attachment":[{"href":"https:\/\/www.simepe.com.br\/novo\/wp-json\/wp\/v2\/media?parent=58367"}],"wp:term":[{"taxonomy":"category","embeddable":true,"href":"https:\/\/www.simepe.com.br\/novo\/wp-json\/wp\/v2\/categories?post=58367"},{"taxonomy":"post_tag","embeddable":true,"href":"https:\/\/www.simepe.com.br\/novo\/wp-json\/wp\/v2\/tags?post=58367"}],"curies":[{"name":"wp","href":"https:\/\/api.w.org\/{rel}","templated":true}]}}