{"id":58373,"date":"2021-03-04T10:50:55","date_gmt":"2021-03-04T13:50:55","guid":{"rendered":"https:\/\/www.simepe.com.br\/novo\/?p=58373"},"modified":"2021-03-04T10:50:55","modified_gmt":"2021-03-04T13:50:55","slug":"apos-pedido-do-mppe-recife-disponibiliza-lista-nominal-de-pessoas-vacinadas-contra-covid-19-confira","status":"publish","type":"post","link":"https:\/\/www.simepe.com.br\/novo\/apos-pedido-do-mppe-recife-disponibiliza-lista-nominal-de-pessoas-vacinadas-contra-covid-19-confira\/","title":{"rendered":"Ap\u00f3s pedido do MPPE, Recife disponibiliza lista nominal de pessoas vacinadas contra covid-19; confira"},"content":{"rendered":"<p><em>A lista conta com informa\u00e7\u00f5es como nome, categoria da pessoa (idoso, profissional de sa\u00fade) e o ponto onde foi realizada a vacina\u00e7\u00e3o.<\/em><\/p>\n<p>Ap\u00f3s reuni\u00e3o com o Minist\u00e9rio P\u00fablico de Pernambuco (MPPE), a Prefeitura do Recife atualizou o Vacin\u00f4metro para incluir a lista completa dos cidad\u00e3os que receberam doses das vacinas<br \/>\nCoronavac, produzida pelo Instituto Butantan, e Oxford\/AstraZeneca, produzida pela Fiocruz O documento, disponibilizado em formato PDF, relaciona todas as pessoas que foram imunizadas<br \/>\nat\u00e9 o dia 28 de fevereiro, com informa\u00e7\u00f5es como nome, categoria da pessoa (idoso, profissional de sa\u00fade) e o ponto onde foi realizada a vacina\u00e7\u00e3o contra a covid-19. A medida garante \u00e0 popula\u00e7\u00e3o e aos \u00f3rg\u00e3os p\u00fablicos a possibilidade de efetuar o controle do processo de vacina\u00e7\u00e3o por parte da gest\u00e3o municipal.<\/p>\n<p>O di\u00e1logo institucional com o munic\u00edpio foi realizado pelos promotores de Justi\u00e7a de Defesa do Patrim\u00f4nio P\u00fablico da Capital \u00c1urea Vieira, Hodir de Melo, Patr\u00edcia Tavares, Josenildo Costa e Edson Guerra e a coordenadora do Centro de Apoio Operacional \u00e0s Promotorias de Justi\u00e7a de Defesa do Patrim\u00f4nio P\u00fablico, procuradora de Justi\u00e7a Lucila Varej\u00e3o. Eles ressaltam a import\u00e2ncia de os gestores p\u00fablicos promoverem a transpar\u00eancia do processo de imuniza\u00e7\u00e3o, que \u00e9 custeado com recursos do SUS e executado atrav\u00e9s da coordena\u00e7\u00e3o entre os entes federativos.<\/p>\n<p>A medida acontece ap\u00f3s circularem nas redes sociais imagens de pessoas que aparentemente n\u00e3o pertenciam aos grupos priorit\u00e1rios de vacina\u00e7\u00e3o no Recife recebendo o imunizante. A primeira<br \/>\npol\u00eamica foi em torno da vacina\u00e7\u00e3o de uma arquiteta que trabalha no Hospital de Refer\u00eancia \u00e0 Covid-19 Unidade Boa Viagem, na Zona Sul do Recife. Ap\u00f3s investiga\u00e7\u00e3o, o MPPE informou que<br \/>\nficou comprovado que n\u00e3o houve irregularidade na imuniza\u00e7\u00e3o da profissional.<\/p>\n<p>Para enviar den\u00fancias ao Minist\u00e9rio P\u00fablico Federal (MPF), basta baixar o aplicativo MPF Servi\u00e7os ou cadastrar a den\u00fancia diretamente na Sala de Atendimento ao Cidad\u00e3o. Quem preferir, pode entrar em contato diretamente com o MPPE por meio da Ouvidoria da organiza\u00e7\u00e3o, atrav\u00e9s do n\u00famero de celular (081) 99677-0707 (das 13h \u00e0s 17h); pelo n\u00famero 127 (das 9h \u00e0s 13h); pelo WhatsApp (081) 99679-0221. \u00c9 poss\u00edvel fazer den\u00fancias acessando o site do MPPE no endere\u00e7o eletr\u00f4nico www.mppe.mp.br ou mesmo no facebook.com\/ouvidoriamppe.<br \/>\n<strong>Vacin\u00f4metro<\/strong><br \/>\nNo Recife, at\u00e9 a ter\u00e7a-feira (2), \u00faltimo dia em que a plataforma Vacin\u00f4metro foi atualizada pela prefeitura, um total de 111.972 doses de vacinas contra a covid-19 j\u00e1 tinham sido aplicadas. Ao<br \/>\ntodo, 93.096 pessoas foram vacinadas, enquanto 18.876 receberam a segunda dose. A capital pernambucana recebeu 115.236 doses da Coronavac e 33.830 da AstraZeneca.<br \/>\n<strong>Trabalhadores da sa\u00fade<\/strong><br \/>\nA partir desta quinta-feira (4), todos os trabalhadores da sa\u00fade com 55 anos ou mais devem come\u00e7ar a receber a vacina contra a covid-19, no Recife. O prefeito Jo\u00e3o Campos (PSB)<br \/>\nanunciou a amplia\u00e7\u00e3o do p\u00fablico alvo nessa quarta-feira (3). O agendamento para imuniza\u00e7\u00e3o dessa popula\u00e7\u00e3o pode ser feito ainda no Conecta Recife. O munic\u00edpio recebeu, do Minist\u00e9rio da<br \/>\nSa\u00fade, 23.650 novas doses da CoronaVac (Butantan\/Sinovac). \u201cO Brasil passa por um momento cr\u00edtico desde o in\u00edcio da pandemia. Solu\u00e7\u00f5es, com muita responsabilidade, devem ser implementadas e a vacina \u00e9 aquilo de mais eficaz que pode ser feito neste momento. Por isso, n\u00f3s vamos ampliar, a partir de hoje, \u00e0s 18h, no Conecta Recife, a possibilidade de agendamento para os trabalhadores da sa\u00fade de 55 a 59 anos de idade. Com muita responsabilidade, n\u00f3s vamos vencer a pandemia, intensificando sempre a vacina\u00e7\u00e3o na nossa cidade\u201d, disse o prefeito Jo\u00e3o Campos.<\/p>\n<p>Fonte: JC Online<\/p>\n","protected":false},"excerpt":{"rendered":"<p>A lista conta com informa\u00e7\u00f5es como nome, categoria da pessoa (idoso, profissional de sa\u00fade) e o ponto onde foi realizada a vacina\u00e7\u00e3o. Ap\u00f3s reuni\u00e3o com o Minist\u00e9rio P\u00fablico de Pernambuco (MPPE), a Prefeitura do Recife atualizou o Vacin\u00f4metro para incluir a lista completa dos cidad\u00e3os que receberam doses das vacinas Coronavac, produzida pelo Instituto Butantan, [&hellip;]<\/p>\n","protected":false},"author":1,"featured_media":0,"comment_status":"open","ping_status":"open","sticky":false,"template":"","format":"standard","meta":{"ocean_post_layout":"","ocean_both_sidebars_style":"","ocean_both_sidebars_content_width":0,"ocean_both_sidebars_sidebars_width":0,"ocean_sidebar":"","ocean_second_sidebar":"","ocean_disable_margins":"enable","ocean_add_body_class":"","ocean_shortcode_before_top_bar":"","ocean_shortcode_after_top_bar":"","ocean_shortcode_before_header":"","ocean_shortcode_after_header":"","ocean_has_shortcode":"","ocean_shortcode_after_title":"","ocean_shortcode_before_footer_widgets":"","ocean_shortcode_after_footer_widgets":"","ocean_shortcode_before_footer_bottom":"","ocean_shortcode_after_footer_bottom":"","ocean_display_top_bar":"default","ocean_display_header":"default","ocean_header_style":"","ocean_center_header_left_menu":"","ocean_custom_header_template":"","ocean_custom_logo":0,"ocean_custom_retina_logo":0,"ocean_custom_logo_max_width":0,"ocean_custom_logo_tablet_max_width":0,"ocean_custom_logo_mobile_max_width":0,"ocean_custom_logo_max_height":0,"ocean_custom_logo_tablet_max_height":0,"ocean_custom_logo_mobile_max_height":0,"ocean_header_custom_menu":"","ocean_menu_typo_font_family":"","ocean_menu_typo_font_subset":"","ocean_menu_typo_font_size":0,"ocean_menu_typo_font_size_tablet":0,"ocean_menu_typo_font_size_mobile":0,"ocean_menu_typo_font_size_unit":"px","ocean_menu_typo_font_weight":"","ocean_menu_typo_font_weight_tablet":"","ocean_menu_typo_font_weight_mobile":"","ocean_menu_typo_transform":"","ocean_menu_typo_transform_tablet":"","ocean_menu_typo_transform_mobile":"","ocean_menu_typo_line_height":0,"ocean_menu_typo_line_height_tablet":0,"ocean_menu_typo_line_height_mobile":0,"ocean_menu_typo_line_height_unit":"","ocean_menu_typo_spacing":0,"ocean_menu_typo_spacing_tablet":0,"ocean_menu_typo_spacing_mobile":0,"ocean_menu_typo_spacing_unit":"","ocean_menu_link_color":"","ocean_menu_link_color_hover":"","ocean_menu_link_color_active":"","ocean_menu_link_background":"","ocean_menu_link_hover_background":"","ocean_menu_link_active_background":"","ocean_menu_social_links_bg":"","ocean_menu_social_hover_links_bg":"","ocean_menu_social_links_color":"","ocean_menu_social_hover_links_color":"","ocean_disable_title":"default","ocean_disable_heading":"default","ocean_post_title":"","ocean_post_subheading":"","ocean_post_title_style":"","ocean_post_title_background_color":"","ocean_post_title_background":0,"ocean_post_title_bg_image_position":"","ocean_post_title_bg_image_attachment":"","ocean_post_title_bg_image_repeat":"","ocean_post_title_bg_image_size":"","ocean_post_title_height":0,"ocean_post_title_bg_overlay":0.5,"ocean_post_title_bg_overlay_color":"","ocean_disable_breadcrumbs":"default","ocean_breadcrumbs_color":"","ocean_breadcrumbs_separator_color":"","ocean_breadcrumbs_links_color":"","ocean_breadcrumbs_links_hover_color":"","ocean_display_footer_widgets":"default","ocean_display_footer_bottom":"default","ocean_custom_footer_template":"","ocean_post_oembed":"","ocean_post_self_hosted_media":"","ocean_post_video_embed":"","ocean_link_format":"","ocean_link_format_target":"self","ocean_quote_format":"","ocean_quote_format_link":"post","ocean_gallery_link_images":"on","ocean_gallery_id":[]},"categories":[9],"tags":[1420,82,318],"acf":[],"_links":{"self":[{"href":"https:\/\/www.simepe.com.br\/novo\/wp-json\/wp\/v2\/posts\/58373"}],"collection":[{"href":"https:\/\/www.simepe.com.br\/novo\/wp-json\/wp\/v2\/posts"}],"about":[{"href":"https:\/\/www.simepe.com.br\/novo\/wp-json\/wp\/v2\/types\/post"}],"author":[{"embeddable":true,"href":"https:\/\/www.simepe.com.br\/novo\/wp-json\/wp\/v2\/users\/1"}],"replies":[{"embeddable":true,"href":"https:\/\/www.simepe.com.br\/novo\/wp-json\/wp\/v2\/comments?post=58373"}],"version-history":[{"count":1,"href":"https:\/\/www.simepe.com.br\/novo\/wp-json\/wp\/v2\/posts\/58373\/revisions"}],"predecessor-version":[{"id":58374,"href":"https:\/\/www.simepe.com.br\/novo\/wp-json\/wp\/v2\/posts\/58373\/revisions\/58374"}],"wp:attachment":[{"href":"https:\/\/www.simepe.com.br\/novo\/wp-json\/wp\/v2\/media?parent=58373"}],"wp:term":[{"taxonomy":"category","embeddable":true,"href":"https:\/\/www.simepe.com.br\/novo\/wp-json\/wp\/v2\/categories?post=58373"},{"taxonomy":"post_tag","embeddable":true,"href":"https:\/\/www.simepe.com.br\/novo\/wp-json\/wp\/v2\/tags?post=58373"}],"curies":[{"name":"wp","href":"https:\/\/api.w.org\/{rel}","templated":true}]}}