{"id":58449,"date":"2021-03-10T13:46:31","date_gmt":"2021-03-10T16:46:31","guid":{"rendered":"https:\/\/www.simepe.com.br\/novo\/?p=58449"},"modified":"2021-03-10T13:46:31","modified_gmt":"2021-03-10T16:46:31","slug":"recife-inicia-vacinacao-contra-covid-19-de-trabalhadores-da-saude-com-50-anos-e-mais","status":"publish","type":"post","link":"https:\/\/www.simepe.com.br\/novo\/recife-inicia-vacinacao-contra-covid-19-de-trabalhadores-da-saude-com-50-anos-e-mais\/","title":{"rendered":"Recife inicia vacina\u00e7\u00e3o contra Covid-19 de trabalhadores da sa\u00fade com 50 anos e mais"},"content":{"rendered":"<p>O Recife abre, nesta quarta-feira (10), \u00e0s 18h, o agendamento para vacina\u00e7\u00e3o de trabalhadores de Sa\u00fade com 50 anos e mais.<\/p>\n<p>A imuniza\u00e7\u00e3o come\u00e7a na quinta-feira (11), em um dos pontos fixos ou centros de drive-thru espalhados pela Cidade [veja a lista completa no final do texto]. O an\u00fancio foi feito pelo prefeito Jo\u00e3o Campos, que tamb\u00e9m divulgou a abertura de 20 novos leitos de UTI no Hospital Eduardo Campos da Pessoa Idosa.<\/p>\n<p>&#8220;Os trabalhadores que possuem v\u00ednculo empregat\u00edcio em institui\u00e7\u00f5es de sa\u00fade p\u00fablicas ou privadas devem anexar, no ato da marca\u00e7\u00e3o, e apresentar, no dia agendado para vacina\u00e7\u00e3o, uma declara\u00e7\u00e3o no modelo disponibilizado pela Secretaria e assinada pelo respons\u00e1vel indicado pela sua institui\u00e7\u00e3o&#8221;, esclarece a Secretaria de Sa\u00fade do Recife (Sesau).<\/p>\n<p>J\u00e1 os profissionais que atuam de forma aut\u00f4noma devem anexar no aplicativo e levar no dia da vacina\u00e7\u00e3o a carteira do Conselho de Classe da sua profiss\u00e3o.<\/p>\n<p>No momento da imuniza\u00e7\u00e3o, ainda ser\u00e1 disponibilizada uma autodeclara\u00e7\u00e3o que ser\u00e1 assinada pelo trabalhador, confirmando as informa\u00e7\u00f5es inseridas no cadastro.<\/p>\n<p><strong>Como agendar<\/strong><br \/>\nO agendamento para a imuniza\u00e7\u00e3o deste grupo priorit\u00e1rio pode ser feito no aplicativo Conecta Recife e site Minha Vacina.<\/p>\n<p>Para agendar a ida ao posto de vacina\u00e7\u00e3o para receber a dose, \u00e9 preciso marcar dia, hor\u00e1rio e local no site Minha Vacina ou no aplicativo Conecta Recife, dispon\u00edvel nas lojas de aplicativos para smartphones.<\/p>\n<p>No site ou no app, o cidad\u00e3o precisa marcar primeiramente o seu grupo priorit\u00e1rio.<\/p>\n<p>Em seguida, \u00e9 necess\u00e1rio anexar comprovante de resid\u00eancia e documento de identifica\u00e7\u00e3o. Ainda h\u00e1 um formul\u00e1rio para preenchimento de dados como nome completo, CPF, telefone, data de nascimento e endere\u00e7o.<\/p>\n<p><strong>Pontos de drive-thru:<\/strong><br \/>\n&#8211; Parque da Macaxeira, na Macaxeira<br \/>\n&#8211; Gerald\u00e3o, na Imbiribeira<br \/>\n&#8211; Universidade Federal de Pernambuco (UFPE), na Cidade Universit\u00e1ria<br \/>\n&#8211; Tribunal Regional Federal da 5\u00aa Regi\u00e3o, no Bairro do Recife<br \/>\n&#8211; Departamento Nacional de Obras Contra as Secas (Dnocs), na Tamarineira<br \/>\n&#8211; Parque de Exposi\u00e7\u00e3o de Animais, no Cordeiro<br \/>\n&#8211; F\u00f3rum Ministro Artur Marinho &#8211; Justi\u00e7a Federal de Pernambuco &#8211; avenida Recife, no Jiqui\u00e1<br \/>\n&#8211; Universidade Federal Rural de Pernambuco (UFRPE), em Dois Irm\u00e3os<br \/>\n&#8211; Juizados Especiais do Recife, na Imbiribeira<\/p>\n<p><strong>Pontos fixos:<\/strong><br \/>\n&#8211; Unidade de Cuidados Integrais (UCIS) Guilherme Abath, no Hip\u00f3dromo++<br \/>\n&#8211; Compaz Ariano Suassuna, no Cordeiro<br \/>\n&#8211; Gerald\u00e3o, na Imbiribeira<br \/>\n&#8211; UPA-E Fernando Figueira, no Ibura<br \/>\n&#8211; Universidade Federal Rural de Pernambuco (UFRPE), em Dois Irm\u00e3os<br \/>\n&#8211; Upinha Dr. H\u00e9lio Mendon\u00e7a, no C\u00f3rrego Jenipapo<br \/>\n&#8211; Parque de Exposi\u00e7\u00e3o de Animais, no Cordeiro<\/p>\n<p>Fonte: Folha de Pernambuco<\/p>\n","protected":false},"excerpt":{"rendered":"<p>O Recife abre, nesta quarta-feira (10), \u00e0s 18h, o agendamento para vacina\u00e7\u00e3o de trabalhadores de Sa\u00fade com 50 anos e mais. A imuniza\u00e7\u00e3o come\u00e7a na quinta-feira (11), em um dos pontos fixos ou centros de drive-thru espalhados pela Cidade [veja a lista completa no final do texto]. O an\u00fancio foi feito pelo prefeito Jo\u00e3o Campos, [&hellip;]<\/p>\n","protected":false},"author":1,"featured_media":0,"comment_status":"open","ping_status":"open","sticky":false,"template":"","format":"standard","meta":{"ocean_post_layout":"","ocean_both_sidebars_style":"","ocean_both_sidebars_content_width":0,"ocean_both_sidebars_sidebars_width":0,"ocean_sidebar":"","ocean_second_sidebar":"","ocean_disable_margins":"enable","ocean_add_body_class":"","ocean_shortcode_before_top_bar":"","ocean_shortcode_after_top_bar":"","ocean_shortcode_before_header":"","ocean_shortcode_after_header":"","ocean_has_shortcode":"","ocean_shortcode_after_title":"","ocean_shortcode_before_footer_widgets":"","ocean_shortcode_after_footer_widgets":"","ocean_shortcode_before_footer_bottom":"","ocean_shortcode_after_footer_bottom":"","ocean_display_top_bar":"default","ocean_display_header":"default","ocean_header_style":"","ocean_center_header_left_menu":"","ocean_custom_header_template":"","ocean_custom_logo":0,"ocean_custom_retina_logo":0,"ocean_custom_logo_max_width":0,"ocean_custom_logo_tablet_max_width":0,"ocean_custom_logo_mobile_max_width":0,"ocean_custom_logo_max_height":0,"ocean_custom_logo_tablet_max_height":0,"ocean_custom_logo_mobile_max_height":0,"ocean_header_custom_menu":"","ocean_menu_typo_font_family":"","ocean_menu_typo_font_subset":"","ocean_menu_typo_font_size":0,"ocean_menu_typo_font_size_tablet":0,"ocean_menu_typo_font_size_mobile":0,"ocean_menu_typo_font_size_unit":"px","ocean_menu_typo_font_weight":"","ocean_menu_typo_font_weight_tablet":"","ocean_menu_typo_font_weight_mobile":"","ocean_menu_typo_transform":"","ocean_menu_typo_transform_tablet":"","ocean_menu_typo_transform_mobile":"","ocean_menu_typo_line_height":0,"ocean_menu_typo_line_height_tablet":0,"ocean_menu_typo_line_height_mobile":0,"ocean_menu_typo_line_height_unit":"","ocean_menu_typo_spacing":0,"ocean_menu_typo_spacing_tablet":0,"ocean_menu_typo_spacing_mobile":0,"ocean_menu_typo_spacing_unit":"","ocean_menu_link_color":"","ocean_menu_link_color_hover":"","ocean_menu_link_color_active":"","ocean_menu_link_background":"","ocean_menu_link_hover_background":"","ocean_menu_link_active_background":"","ocean_menu_social_links_bg":"","ocean_menu_social_hover_links_bg":"","ocean_menu_social_links_color":"","ocean_menu_social_hover_links_color":"","ocean_disable_title":"default","ocean_disable_heading":"default","ocean_post_title":"","ocean_post_subheading":"","ocean_post_title_style":"","ocean_post_title_background_color":"","ocean_post_title_background":0,"ocean_post_title_bg_image_position":"","ocean_post_title_bg_image_attachment":"","ocean_post_title_bg_image_repeat":"","ocean_post_title_bg_image_size":"","ocean_post_title_height":0,"ocean_post_title_bg_overlay":0.5,"ocean_post_title_bg_overlay_color":"","ocean_disable_breadcrumbs":"default","ocean_breadcrumbs_color":"","ocean_breadcrumbs_separator_color":"","ocean_breadcrumbs_links_color":"","ocean_breadcrumbs_links_hover_color":"","ocean_display_footer_widgets":"default","ocean_display_footer_bottom":"default","ocean_custom_footer_template":"","ocean_post_oembed":"","ocean_post_self_hosted_media":"","ocean_post_video_embed":"","ocean_link_format":"","ocean_link_format_target":"self","ocean_quote_format":"","ocean_quote_format_link":"post","ocean_gallery_link_images":"on","ocean_gallery_id":[]},"categories":[9],"tags":[1420,1490,82,318],"acf":[],"_links":{"self":[{"href":"https:\/\/www.simepe.com.br\/novo\/wp-json\/wp\/v2\/posts\/58449"}],"collection":[{"href":"https:\/\/www.simepe.com.br\/novo\/wp-json\/wp\/v2\/posts"}],"about":[{"href":"https:\/\/www.simepe.com.br\/novo\/wp-json\/wp\/v2\/types\/post"}],"author":[{"embeddable":true,"href":"https:\/\/www.simepe.com.br\/novo\/wp-json\/wp\/v2\/users\/1"}],"replies":[{"embeddable":true,"href":"https:\/\/www.simepe.com.br\/novo\/wp-json\/wp\/v2\/comments?post=58449"}],"version-history":[{"count":1,"href":"https:\/\/www.simepe.com.br\/novo\/wp-json\/wp\/v2\/posts\/58449\/revisions"}],"predecessor-version":[{"id":58450,"href":"https:\/\/www.simepe.com.br\/novo\/wp-json\/wp\/v2\/posts\/58449\/revisions\/58450"}],"wp:attachment":[{"href":"https:\/\/www.simepe.com.br\/novo\/wp-json\/wp\/v2\/media?parent=58449"}],"wp:term":[{"taxonomy":"category","embeddable":true,"href":"https:\/\/www.simepe.com.br\/novo\/wp-json\/wp\/v2\/categories?post=58449"},{"taxonomy":"post_tag","embeddable":true,"href":"https:\/\/www.simepe.com.br\/novo\/wp-json\/wp\/v2\/tags?post=58449"}],"curies":[{"name":"wp","href":"https:\/\/api.w.org\/{rel}","templated":true}]}}