{"id":58453,"date":"2021-03-10T16:40:37","date_gmt":"2021-03-10T19:40:37","guid":{"rendered":"https:\/\/www.simepe.com.br\/novo\/?p=58453"},"modified":"2021-03-10T16:41:23","modified_gmt":"2021-03-10T19:41:23","slug":"urgencia-pediatrica-e-fechada-temporariamente-para-abrigar-leitos-de-covid-19-no-recife","status":"publish","type":"post","link":"https:\/\/www.simepe.com.br\/novo\/urgencia-pediatrica-e-fechada-temporariamente-para-abrigar-leitos-de-covid-19-no-recife\/","title":{"rendered":"Urg\u00eancia pedi\u00e1trica \u00e9 fechada temporariamente para abrigar leitos de Covid-19 no Recife"},"content":{"rendered":"<p style=\"text-align: justify;\">Atendimento para crian\u00e7as na Policl\u00ednica Barros Lima, na Zona Norte, foi desativado desde ter\u00e7a (9). Trabalhadores de sa\u00fade e Sindicato dos M\u00e9dicos falam em superlota\u00e7\u00e3o em outras unidades, pois o per\u00edodo entre mar\u00e7o e junho \u00e9 de aumento de pacientes com quadros respirat\u00f3rios.<\/p>\n<p style=\"text-align: justify;\">A urg\u00eancia pedi\u00e1trica da Policl\u00ednica Barros Lima, no bairro de Casa Amarela, na Zona Norte do Recife, foi desativada na ter\u00e7a-feira (9) para que o espa\u00e7o receba leitos de Covid-19, segundo a prefeitura (veja v\u00eddeo acima).<\/p>\n<p style=\"text-align: justify;\">Trabalhadores da sa\u00fade que atuavam no local foram transferidos para outras unidades e falam em superlota\u00e7\u00e3o e demora nos atendimentos, pois, entre mar\u00e7o e junho, h\u00e1 aumento natural de pacientes com quadros respirat\u00f3rios.<\/p>\n<p style=\"text-align: justify;\">Segundo a Secretaria de Sa\u00fade do Recife, o atendimento infantil da Barros Lima foi transferido temporariamente para o Hospital Helena Moura &#8220;porque a policl\u00ednica passar\u00e1 por adapta\u00e7\u00f5es na estrutura f\u00edsica para ampliar a quantidade de leitos exclusivos para pacientes com suspeita ou confirma\u00e7\u00e3o de Covid-19. Al\u00e9m de proteger a sa\u00fade das crian\u00e7as, a medida visa qualificar a assist\u00eancia&#8221;.<\/p>\n<p style=\"text-align: justify;\">Em 2020, durante o per\u00edodo de abertura de leitos para a Covid-19, foram montados, ao menos, 42 leitos de enfermaria numa \u00e1rea externa da Policl\u00ednica Barros Lima. Em 2021, os leitos devem ocupar a \u00e1rea onde eram atendidas crian\u00e7as, segundo trabalhadores da sa\u00fade.<\/p>\n<p style=\"text-align: justify;\">&#8220;J\u00e1 existia uma porta de entrada Covid na Barros Lima. A decis\u00e3o da secretaria, nesse desenho de rede, foi ampliar essa oferta de leitos na Barros Lima para a gente poder contribuir no enfrentamento \u00e0 pandemia. Como existe a entrada de emerg\u00eancia do Helena Moura muito perto, houve a decis\u00e3o de transferir os plantonistas&#8221;, disse o secret\u00e1rio executivo de Sa\u00fade do Recife, Aristides Oliveira (veja v\u00eddeo abaixo).<\/p>\n<div class=\"mc-column content-text active-extra-styles \" style=\"text-align: justify;\" data-block-type=\"unstyled\" data-block-weight=\"38\" data-block-id=\"10\">\n<p class=\"content-text__container \" data-track-category=\"Link no Texto\" data-track-links=\"\">\u201cA gente entende a necessidade do aumento do n\u00famero de leitos para a Covid, s\u00f3 que ela n\u00e3o pode acontecer em detrimento do fechamento de um servi\u00e7o\u201d, contou um profissional de sa\u00fade que preferiu n\u00e3o se identificar.<\/p>\n<\/div>\n<div class=\"mc-column content-text active-extra-styles \" data-block-type=\"unstyled\" data-block-weight=\"38\" data-block-id=\"11\">\n<p class=\"content-text__container \" style=\"text-align: justify;\" data-track-category=\"Link no Texto\" data-track-links=\"\">Nesta quarta-feira (10), a vendedora Br\u00edgida Alves foi com o filho Bruno, de 6 anos, \u00e0 Policl\u00ednica Barros Lima em busca de atendimento para a crian\u00e7a, que est\u00e1 com febre e dor de cabe\u00e7a, mas n\u00e3o conseguiu.<\/p>\n<p class=\"content-text__container \" style=\"text-align: justify;\" data-track-category=\"Link no Texto\" data-track-links=\"\"><img src=\"https:\/\/s2.glbimg.com\/KgJB0RFd6JmDiysB6LHBvAIN0jo=\/0x0:1280x720\/984x0\/smart\/filters:strip_icc()\/i.s3.glbimg.com\/v1\/AUTH_59edd422c0c84a879bd37670ae4f538a\/internal_photos\/bs\/2021\/0\/E\/uZE6LcQ3OfBImVK7Ew6A\/urgencia-pediatrica-desativada.jpg\" alt=\"Urg\u00eancia pedi\u00e1trica da Policl\u00ednica Barros Lima, na Zona Norte do Recife, foi desativada \u2014 Foto: Luna Markman\/GloboNews\" \/><\/p>\n<p style=\"text-align: justify;\">&#8220;N\u00e3o foi dada nenhuma explica\u00e7\u00e3o. Achei ruim, porque vim do Alto Jos\u00e9 do Pinho e vou pegar outro \u00f4nibus para o Helena Moura [hospital de pediatria localizado na Tamarineira, na Zona Norte do Recife]&#8221;, disse Br\u00edgida.<\/p>\n<p style=\"text-align: justify;\">De acordo com os trabalhadores que atuam no servi\u00e7o, os meses entre mar\u00e7o e junho s\u00e3o, naturalmente, de aumento no n\u00famero de pacientes com quadros respirat\u00f3rios.<\/p>\n<p style=\"text-align: justify;\"><img src=\"https:\/\/s2.glbimg.com\/d9PFbwezSFqz-NpJTaDTnQxhsG0=\/0x0:1032x774\/984x0\/smart\/filters:strip_icc()\/i.s3.glbimg.com\/v1\/AUTH_59edd422c0c84a879bd37670ae4f538a\/internal_photos\/bs\/2021\/o\/7\/zajymbSBuzjJVJuMZ3ug\/brigida-alves.jpg\" alt=\"Br\u00edgida Alves buscou atendimento m\u00e9dico para o filho Bruno, de 6 anos, na Policl\u00ednica Barros Lima nesta quarta-feira (10), mas n\u00e3o conseguiu \u2014 Foto: Luna Markman\/GloboNews\" \/><\/p>\n<p style=\"text-align: justify;\">&#8220;Existe uma sazonalidade no atendimento da pediatria. Entre mar\u00e7o e junho, como tem muita chuva, tem aumento de quadros respirat\u00f3rios. \u00c9 uma rede que j\u00e1 est\u00e1 sobrecarregada e o pessoal resolve fechar\u201d, disse o profissional.<\/p>\n<p style=\"text-align: justify;\">\u201cA gente n\u00e3o entende como se fecha uma porta de atendimento para crian\u00e7a. A celeridade com que os profissionais foram avisados n\u00e3o \u00e9 a mesma com que a popula\u00e7\u00e3o foi avisada. Toda essa popula\u00e7\u00e3o vai ter que se deslocar para outros locais de atendimento\u201d, contou outro profissional de sa\u00fade que tamb\u00e9m preferiu n\u00e3o se identificar.<\/p>\n<p style=\"text-align: justify;\">Segundo a profissional, o atendimento da Policl\u00ednica Barros Lima \u00e9 feito n\u00e3o apenas para pacientes de Casa Amarela, mas tamb\u00e9m de locais como Guabiraba, Macaxeira, Dois Irm\u00e3os, Apipucos, Vasco da Gama, Alto Jos\u00e9 Bonif\u00e1cio, Morro da Concei\u00e7\u00e3o e Alto Jos\u00e9 do Pinho, todos na Zona Norte da capital pernambucana.<\/p>\n<p style=\"text-align: justify;\">Com o an\u00fancio de fechamento da emerg\u00eancia pedi\u00e1trica da Policl\u00ednica Barros Lima, a situa\u00e7\u00e3o foi levada ao Sindicato dos M\u00e9dicos de Pernambuco (Simepe), que solicitou uma reuni\u00e3o com a Secretaria de Sa\u00fade do Recife para reivindicar a manuten\u00e7\u00e3o da emerg\u00eancia.<\/p>\n<p style=\"text-align: justify;\"><img src=\"https:\/\/s2.glbimg.com\/RiyMPQCY5QLX51VjkpindTg8XoU=\/0x0:700x467\/984x0\/smart\/filters:strip_icc()\/i.s3.glbimg.com\/v1\/AUTH_59edd422c0c84a879bd37670ae4f538a\/internal_photos\/bs\/2020\/O\/v\/Z8gqIZR9W8zAXv0lVNkA\/barros-lima.jpg\" alt=\"Em 2020, leitos para pacientes com Covid-19 foram abertos em hospital de campanha na Policl\u00ednica e Maternidade Professor Barros Lima, no Recife \u2014 Foto: Andr\u00e9a R\u00eago Barros\/PCR\/Divulga\u00e7\u00e3o\" \/><\/p>\n<p style=\"text-align: justify;\">&#8220;O que obtivemos de resposta \u00e9 que a prefeitura estava desativando temporariamente essa emerg\u00eancia em virtude da necessidade da abertura de leitos Covid. Tem muitas emerg\u00eancias pedi\u00e1tricas superlotadas. E tirar de um lugar para colocar em outro significa que voc\u00ea vai, al\u00e9m de aglomerar pacientes na sala de espera, aumentar a demanda de um servi\u00e7o que n\u00e3o tem estrutura para receber esses pacientes&#8221;, afirmou a presidente do Simepe, Cl\u00e1udia Beatriz.<\/p>\n<p style=\"text-align: justify;\">Procurado pelo G1, o Conselho Regional de Medicina de Pernambuco informou que vai solicitar esclarecimentos da gest\u00e3o municipal de sa\u00fade, &#8220;pois n\u00e3o foi comunicado oficialmente do fechamento da policl\u00ednica&#8221;.<\/p>\n<p style=\"text-align: justify;\">De acordo com o secret\u00e1rio-executivo de Sa\u00fade do Recife, n\u00e3o houve mudan\u00e7a no n\u00famero de profissionais de sa\u00fade para atender pacientes pedi\u00e1tricos.<\/p>\n<p style=\"text-align: justify;\">&#8220;N\u00e3o houve uma retra\u00e7\u00e3o de servi\u00e7o. A gente est\u00e1 mantendo a oferta de profissionais na estrutura do Helena Moura. T\u00e3o logo a pandemia nos permita, os plantonistas v\u00e3o voltar para a Barros Lima&#8221;, declarou Aristides Oliveira.<\/p>\n<p style=\"text-align: justify;\"><strong>\u2018Situa\u00e7\u00e3o ca\u00f3tica\u2019, dizem profissionais<\/strong><\/p>\n<p style=\"text-align: justify;\">Com a desativa\u00e7\u00e3o da emerg\u00eancia pedi\u00e1trica da Policl\u00ednica Barros Lima, profissionais de sa\u00fade alegaram que os pacientes t\u00eam buscado outras unidades de sa\u00fade, como os hospitais Helena Moura e Maria Lucinda, tamb\u00e9m na Zona Norte, para atendimento m\u00e9dico, e que essa busca tem levado \u00e0 superlota\u00e7\u00e3o.<\/p>\n<p style=\"text-align: justify;\">\u201cO n\u00famero de atendimentos aumentou muito. Deixei o plant\u00e3o do Maria Lucinda com tr\u00eas pacientes aguardando vaga\u201d, disse um profissional de sa\u00fade que n\u00e3o quis se identificar.<\/p>\n<p style=\"text-align: justify;\"><img src=\"https:\/\/s2.glbimg.com\/tOw3paQv8NYYZ-Vf_cmn16r7IOI=\/0x135:720x786\/984x0\/smart\/filters:strip_icc()\/i.s3.glbimg.com\/v1\/AUTH_59edd422c0c84a879bd37670ae4f538a\/internal_photos\/bs\/2021\/G\/q\/f6cf3vS8SOrHJm075cyA\/helena-espera.jpg\" alt=\"Pacientes e acompanhantes \u00e0 espera de atendimento pedi\u00e1trico no Hospital Helena Moura, no Recife, na ter\u00e7a-feira (9) \u2014 Foto: Reprodu\u00e7\u00e3o\/WhatsApp\" \/><\/p>\n<p style=\"text-align: justify;\">\u201cAcho que ontem [ter\u00e7a-feira, dia 9 de mar\u00e7o] tivemos cerca de 150 atendimentos em 12 horas. Chegou a ter fila de espera de tr\u00eas horas e meia. Uma pessoa que trabalha l\u00e1 falou que, em \u00e9poca de sazonalidade normal, atendiam 100, 120 pacientes\u201d, disse um trabalhador da sa\u00fade.<\/p>\n<p style=\"text-align: justify;\">Apesar de os m\u00e9dicos que atuavam na Policl\u00ednica Barros Lima terem sido temporariamente transferidos para o Hospital Helena Moura, n\u00e3o houve refor\u00e7o na estrutura f\u00edsica do hospital.<\/p>\n<p style=\"text-align: justify;\">\u201cA estrutura continua a mesma. N\u00e3o tem consult\u00f3rio suficiente para atender os pacientes. Ficamos atendendo no corredor, no posto de enfermagem, tentando controlar a situa\u00e7\u00e3o, que estava realmente ca\u00f3tica\u201d, afirmou o trabalhador da sa\u00fade.<\/p>\n<p style=\"text-align: justify;\"><a href=\"https:\/\/g1.globo.com\/pe\/pernambuco\/noticia\/2021\/03\/10\/urgencia-pediatrica-e-fechada-temporariamente-para-abrigar-leitos-de-covid-19-no-recife.ghtml\">Fonte: G1<\/a><\/p>\n<\/div>\n","protected":false},"excerpt":{"rendered":"<p>Atendimento para crian\u00e7as na Policl\u00ednica Barros Lima, na Zona Norte, foi desativado desde ter\u00e7a (9). Trabalhadores de sa\u00fade e Sindicato dos M\u00e9dicos falam em superlota\u00e7\u00e3o em outras unidades, pois o per\u00edodo entre mar\u00e7o e junho \u00e9 de aumento de pacientes com quadros respirat\u00f3rios. A urg\u00eancia pedi\u00e1trica da Policl\u00ednica Barros Lima, no bairro de Casa Amarela, [&hellip;]<\/p>\n","protected":false},"author":1,"featured_media":58454,"comment_status":"open","ping_status":"open","sticky":false,"template":"","format":"standard","meta":{"ocean_post_layout":"","ocean_both_sidebars_style":"","ocean_both_sidebars_content_width":0,"ocean_both_sidebars_sidebars_width":0,"ocean_sidebar":"","ocean_second_sidebar":"","ocean_disable_margins":"enable","ocean_add_body_class":"","ocean_shortcode_before_top_bar":"","ocean_shortcode_after_top_bar":"","ocean_shortcode_before_header":"","ocean_shortcode_after_header":"","ocean_has_shortcode":"","ocean_shortcode_after_title":"","ocean_shortcode_before_footer_widgets":"","ocean_shortcode_after_footer_widgets":"","ocean_shortcode_before_footer_bottom":"","ocean_shortcode_after_footer_bottom":"","ocean_display_top_bar":"default","ocean_display_header":"default","ocean_header_style":"","ocean_center_header_left_menu":"","ocean_custom_header_template":"","ocean_custom_logo":0,"ocean_custom_retina_logo":0,"ocean_custom_logo_max_width":0,"ocean_custom_logo_tablet_max_width":0,"ocean_custom_logo_mobile_max_width":0,"ocean_custom_logo_max_height":0,"ocean_custom_logo_tablet_max_height":0,"ocean_custom_logo_mobile_max_height":0,"ocean_header_custom_menu":"","ocean_menu_typo_font_family":"","ocean_menu_typo_font_subset":"","ocean_menu_typo_font_size":0,"ocean_menu_typo_font_size_tablet":0,"ocean_menu_typo_font_size_mobile":0,"ocean_menu_typo_font_size_unit":"px","ocean_menu_typo_font_weight":"","ocean_menu_typo_font_weight_tablet":"","ocean_menu_typo_font_weight_mobile":"","ocean_menu_typo_transform":"","ocean_menu_typo_transform_tablet":"","ocean_menu_typo_transform_mobile":"","ocean_menu_typo_line_height":0,"ocean_menu_typo_line_height_tablet":0,"ocean_menu_typo_line_height_mobile":0,"ocean_menu_typo_line_height_unit":"","ocean_menu_typo_spacing":0,"ocean_menu_typo_spacing_tablet":0,"ocean_menu_typo_spacing_mobile":0,"ocean_menu_typo_spacing_unit":"","ocean_menu_link_color":"","ocean_menu_link_color_hover":"","ocean_menu_link_color_active":"","ocean_menu_link_background":"","ocean_menu_link_hover_background":"","ocean_menu_link_active_background":"","ocean_menu_social_links_bg":"","ocean_menu_social_hover_links_bg":"","ocean_menu_social_links_color":"","ocean_menu_social_hover_links_color":"","ocean_disable_title":"default","ocean_disable_heading":"default","ocean_post_title":"","ocean_post_subheading":"","ocean_post_title_style":"","ocean_post_title_background_color":"","ocean_post_title_background":0,"ocean_post_title_bg_image_position":"","ocean_post_title_bg_image_attachment":"","ocean_post_title_bg_image_repeat":"","ocean_post_title_bg_image_size":"","ocean_post_title_height":0,"ocean_post_title_bg_overlay":0.5,"ocean_post_title_bg_overlay_color":"","ocean_disable_breadcrumbs":"default","ocean_breadcrumbs_color":"","ocean_breadcrumbs_separator_color":"","ocean_breadcrumbs_links_color":"","ocean_breadcrumbs_links_hover_color":"","ocean_display_footer_widgets":"default","ocean_display_footer_bottom":"default","ocean_custom_footer_template":"","ocean_post_oembed":"","ocean_post_self_hosted_media":"","ocean_post_video_embed":"","ocean_link_format":"","ocean_link_format_target":"self","ocean_quote_format":"","ocean_quote_format_link":"post","ocean_gallery_link_images":"on","ocean_gallery_id":[]},"categories":[1],"tags":[],"acf":[],"_links":{"self":[{"href":"https:\/\/www.simepe.com.br\/novo\/wp-json\/wp\/v2\/posts\/58453"}],"collection":[{"href":"https:\/\/www.simepe.com.br\/novo\/wp-json\/wp\/v2\/posts"}],"about":[{"href":"https:\/\/www.simepe.com.br\/novo\/wp-json\/wp\/v2\/types\/post"}],"author":[{"embeddable":true,"href":"https:\/\/www.simepe.com.br\/novo\/wp-json\/wp\/v2\/users\/1"}],"replies":[{"embeddable":true,"href":"https:\/\/www.simepe.com.br\/novo\/wp-json\/wp\/v2\/comments?post=58453"}],"version-history":[{"count":2,"href":"https:\/\/www.simepe.com.br\/novo\/wp-json\/wp\/v2\/posts\/58453\/revisions"}],"predecessor-version":[{"id":58456,"href":"https:\/\/www.simepe.com.br\/novo\/wp-json\/wp\/v2\/posts\/58453\/revisions\/58456"}],"wp:featuredmedia":[{"embeddable":true,"href":"https:\/\/www.simepe.com.br\/novo\/wp-json\/wp\/v2\/media\/58454"}],"wp:attachment":[{"href":"https:\/\/www.simepe.com.br\/novo\/wp-json\/wp\/v2\/media?parent=58453"}],"wp:term":[{"taxonomy":"category","embeddable":true,"href":"https:\/\/www.simepe.com.br\/novo\/wp-json\/wp\/v2\/categories?post=58453"},{"taxonomy":"post_tag","embeddable":true,"href":"https:\/\/www.simepe.com.br\/novo\/wp-json\/wp\/v2\/tags?post=58453"}],"curies":[{"name":"wp","href":"https:\/\/api.w.org\/{rel}","templated":true}]}}