{"id":58472,"date":"2021-03-12T17:29:33","date_gmt":"2021-03-12T20:29:33","guid":{"rendered":"https:\/\/www.simepe.com.br\/novo\/?p=58472"},"modified":"2021-03-12T17:29:33","modified_gmt":"2021-03-12T20:29:33","slug":"vereador-do-recife-quer-monumento-a-profissionais-da-linha-de-frente-no-combate-a-covid-19","status":"publish","type":"post","link":"https:\/\/www.simepe.com.br\/novo\/vereador-do-recife-quer-monumento-a-profissionais-da-linha-de-frente-no-combate-a-covid-19\/","title":{"rendered":"Vereador do Recife quer monumento a profissionais da linha de frente no combate \u00e0 covid-19"},"content":{"rendered":"<p style=\"text-align: justify;\">Caso seja aprovado, o monumento dever\u00e1 ser erguido na pra\u00e7a Ot\u00e1vio de Freitas, no bairro do Derby,<br \/>\n\u00e1rea central da capital pernambucana<\/p>\n<p style=\"text-align: justify;\"><img src=\"https:\/\/imagens.ne10.uol.com.br\/veiculos\/_midias\/jpg\/2020\/07\/23\/806x444\/1_hospital_de_campanha_covid_19_complexo_esportivo_do_ibirapuera2904200179-16431197.jpg\" alt=\"Rovena Rosa\/Ag\u00eancia Brasil\" \/><\/p>\n<p style=\"text-align: justify;\">M\u00e9dicos, enfermeiros e demais profissionais de sa\u00fade que foram para a linha de frente do combate \u00e0 covid-19 podem ganhar um monumento no Recife. A homenagem est\u00e1 prevista em um projeto de lei (PL) do vereador Tadeu Calheiros (PODEMOS). Caso seja aprovado, o monumento \u2013 a ser erguido na pra\u00e7a Ot\u00e1vio de Freitas, no bairro do Derby, \u00e1rea central da capital pernambucana \u2013 dever\u00e1 ser projetado e constru\u00eddo pelo Sindicato dos M\u00e9dicos de Pernambuco (Simepe).<\/p>\n<p style=\"text-align: justify;\">No texto de justicativa do projeto, o parlamentar classica a pandemia como \u201ca maior crise sanit\u00e1ria do s\u00e9culo\u201d e arma que seu objetivo \u00e9 homenagear todos os profissionais que se arriscaram e perderam a vida no combate ao novo coronav\u00edrus.<\/p>\n<p style=\"text-align: justify;\">\u201cAl\u00e9m de cidad\u00e3os, s\u00e3o pessoas que se arriscaram e deixaram suas fam\u00edlias em prol do pr\u00f3ximo, mesmo em meio ao surto de uma doen\u00e7a extremamente infecciosa. Tornaram-se respons\u00e1veis por outrem sem esperar a rec\u00edproca, ainda que isso lhes custasse a vida. Trata-se de verdadeiro altru\u00edsmo, \u00e9tica e bondade\u201d, argumenta.<\/p>\n<p style=\"text-align: justify;\">\nO PL passar\u00e1 sob a an\u00e1lise das comiss\u00f5es tem\u00e1ticas da C\u00e2mara para, ap\u00f3s isso, ser votado pelo plen\u00e1rio da Casa.<\/p>\n<p style=\"text-align: justify;\"><strong>Outra homenagem<\/strong><\/p>\n<p style=\"text-align: justify;\">Outro PL do vereador Eduardo Marques (PSB), apresentado em 2020, tamb\u00e9m visa homenagear profissionais da linha de frente. Al\u00e9m de m\u00e9dicos e enfermeiros, o ex-presidente da C\u00e2mara tamb\u00e9m cita como exemplos de homenageados farmac\u00eauticos, biom\u00e9dicos, socorristas, e\u00a0profissionais de limpeza que atuaram nos hospitais. \u201cS\u00e3o pais, m\u00e3es, lhos e lhas que dedicaram-se \u00e0 mais nobre atividade humana, qual seja, salvar vidas\u201d. Se aprovado pelos parlamentares, o monumento deve ser constru\u00eddo na rua da Aurora, em Santo Amaro, \u00e1rea central do Recife. \u201cN\u00e3o se sabe quando isso vai passar, mas assim que passar, esses profissionais, seus familiares e os familiares dos que tombaram na luta contra a covid-19 poder\u00e3o contemplar um monumento em homenagem aos her\u00f3is do cotidiano, os profissionais da sa\u00fade\u201d.<\/p>\n<p style=\"text-align: justify;\"><a href=\"https:\/\/jc.ne10.uol.com.br\/politica\/2021\/03\/12039535-vereador-do-recife-quer-monumento-a-profissionais-da-linha-de-frente-no-combate-a-covid-19.html\">Fonte: JC Online<\/a><\/p>\n","protected":false},"excerpt":{"rendered":"<p>Caso seja aprovado, o monumento dever\u00e1 ser erguido na pra\u00e7a Ot\u00e1vio de Freitas, no bairro do Derby, \u00e1rea central da capital pernambucana M\u00e9dicos, enfermeiros e demais profissionais de sa\u00fade que foram para a linha de frente do combate \u00e0 covid-19 podem ganhar um monumento no Recife. A homenagem est\u00e1 prevista em um projeto de lei [&hellip;]<\/p>\n","protected":false},"author":1,"featured_media":0,"comment_status":"open","ping_status":"open","sticky":false,"template":"","format":"standard","meta":{"ocean_post_layout":"","ocean_both_sidebars_style":"","ocean_both_sidebars_content_width":0,"ocean_both_sidebars_sidebars_width":0,"ocean_sidebar":"","ocean_second_sidebar":"","ocean_disable_margins":"enable","ocean_add_body_class":"","ocean_shortcode_before_top_bar":"","ocean_shortcode_after_top_bar":"","ocean_shortcode_before_header":"","ocean_shortcode_after_header":"","ocean_has_shortcode":"","ocean_shortcode_after_title":"","ocean_shortcode_before_footer_widgets":"","ocean_shortcode_after_footer_widgets":"","ocean_shortcode_before_footer_bottom":"","ocean_shortcode_after_footer_bottom":"","ocean_display_top_bar":"default","ocean_display_header":"default","ocean_header_style":"","ocean_center_header_left_menu":"","ocean_custom_header_template":"","ocean_custom_logo":0,"ocean_custom_retina_logo":0,"ocean_custom_logo_max_width":0,"ocean_custom_logo_tablet_max_width":0,"ocean_custom_logo_mobile_max_width":0,"ocean_custom_logo_max_height":0,"ocean_custom_logo_tablet_max_height":0,"ocean_custom_logo_mobile_max_height":0,"ocean_header_custom_menu":"","ocean_menu_typo_font_family":"","ocean_menu_typo_font_subset":"","ocean_menu_typo_font_size":0,"ocean_menu_typo_font_size_tablet":0,"ocean_menu_typo_font_size_mobile":0,"ocean_menu_typo_font_size_unit":"px","ocean_menu_typo_font_weight":"","ocean_menu_typo_font_weight_tablet":"","ocean_menu_typo_font_weight_mobile":"","ocean_menu_typo_transform":"","ocean_menu_typo_transform_tablet":"","ocean_menu_typo_transform_mobile":"","ocean_menu_typo_line_height":0,"ocean_menu_typo_line_height_tablet":0,"ocean_menu_typo_line_height_mobile":0,"ocean_menu_typo_line_height_unit":"","ocean_menu_typo_spacing":0,"ocean_menu_typo_spacing_tablet":0,"ocean_menu_typo_spacing_mobile":0,"ocean_menu_typo_spacing_unit":"","ocean_menu_link_color":"","ocean_menu_link_color_hover":"","ocean_menu_link_color_active":"","ocean_menu_link_background":"","ocean_menu_link_hover_background":"","ocean_menu_link_active_background":"","ocean_menu_social_links_bg":"","ocean_menu_social_hover_links_bg":"","ocean_menu_social_links_color":"","ocean_menu_social_hover_links_color":"","ocean_disable_title":"default","ocean_disable_heading":"default","ocean_post_title":"","ocean_post_subheading":"","ocean_post_title_style":"","ocean_post_title_background_color":"","ocean_post_title_background":0,"ocean_post_title_bg_image_position":"","ocean_post_title_bg_image_attachment":"","ocean_post_title_bg_image_repeat":"","ocean_post_title_bg_image_size":"","ocean_post_title_height":0,"ocean_post_title_bg_overlay":0.5,"ocean_post_title_bg_overlay_color":"","ocean_disable_breadcrumbs":"default","ocean_breadcrumbs_color":"","ocean_breadcrumbs_separator_color":"","ocean_breadcrumbs_links_color":"","ocean_breadcrumbs_links_hover_color":"","ocean_display_footer_widgets":"default","ocean_display_footer_bottom":"default","ocean_custom_footer_template":"","ocean_post_oembed":"","ocean_post_self_hosted_media":"","ocean_post_video_embed":"","ocean_link_format":"","ocean_link_format_target":"self","ocean_quote_format":"","ocean_quote_format_link":"post","ocean_gallery_link_images":"on","ocean_gallery_id":[]},"categories":[1],"tags":[],"acf":[],"_links":{"self":[{"href":"https:\/\/www.simepe.com.br\/novo\/wp-json\/wp\/v2\/posts\/58472"}],"collection":[{"href":"https:\/\/www.simepe.com.br\/novo\/wp-json\/wp\/v2\/posts"}],"about":[{"href":"https:\/\/www.simepe.com.br\/novo\/wp-json\/wp\/v2\/types\/post"}],"author":[{"embeddable":true,"href":"https:\/\/www.simepe.com.br\/novo\/wp-json\/wp\/v2\/users\/1"}],"replies":[{"embeddable":true,"href":"https:\/\/www.simepe.com.br\/novo\/wp-json\/wp\/v2\/comments?post=58472"}],"version-history":[{"count":1,"href":"https:\/\/www.simepe.com.br\/novo\/wp-json\/wp\/v2\/posts\/58472\/revisions"}],"predecessor-version":[{"id":58473,"href":"https:\/\/www.simepe.com.br\/novo\/wp-json\/wp\/v2\/posts\/58472\/revisions\/58473"}],"wp:attachment":[{"href":"https:\/\/www.simepe.com.br\/novo\/wp-json\/wp\/v2\/media?parent=58472"}],"wp:term":[{"taxonomy":"category","embeddable":true,"href":"https:\/\/www.simepe.com.br\/novo\/wp-json\/wp\/v2\/categories?post=58472"},{"taxonomy":"post_tag","embeddable":true,"href":"https:\/\/www.simepe.com.br\/novo\/wp-json\/wp\/v2\/tags?post=58472"}],"curies":[{"name":"wp","href":"https:\/\/api.w.org\/{rel}","templated":true}]}}