{"id":58480,"date":"2021-03-14T13:24:49","date_gmt":"2021-03-14T16:24:49","guid":{"rendered":"https:\/\/www.simepe.com.br\/novo\/?p=58480"},"modified":"2021-03-15T13:28:59","modified_gmt":"2021-03-15T16:28:59","slug":"pe-entidades-medicas-falam-em-inercia-paralisante-do-governo-e-pedem-acao-contra-a-covid-19","status":"publish","type":"post","link":"https:\/\/www.simepe.com.br\/novo\/pe-entidades-medicas-falam-em-inercia-paralisante-do-governo-e-pedem-acao-contra-a-covid-19\/","title":{"rendered":"PE: entidades m\u00e9dicas falam em in\u00e9rcia paralisante do governo e pedem a\u00e7\u00e3o contra a Covid-19"},"content":{"rendered":"<p style=\"text-align: justify;\">Crempe, Simepe e AMPE destacaram, entre outras coisas, a exaust\u00e3o dos profissionais<\/p>\n<p style=\"text-align: justify;\">Neste s\u00e1bado (13), o Sindicato dos M\u00e9dicos de Pernambuco (Simepe), o Conselho Regional de Medicina de Pernambuco (Cremepe), Associa\u00e7\u00e3o M\u00e9dica de Pernambuco (AMPE) e a Academia Pernambucana de Medicina (APM) divulgaram uma nota de rep\u00fadio ao negacionismo em rela\u00e7\u00e3o \u00e0 pandemia da Covid-19 e refor\u00e7ando a necessidade da ado\u00e7\u00e3o de medidas efetivas para o enfrentamento do problema, ao qual classificaram como &#8220;uma crise nunca vista na hist\u00f3ria recente da humidade\u201d.<\/p>\n<p style=\"text-align: justify;\">Os \u00f3rg\u00e3os lamentaram ainda a falta de uma coordena\u00e7\u00e3o nacional respons\u00e1vel. Disseram tamb\u00e9m n\u00e3o admitir a falta de leitos, insumos e equipamentos. &#8220;\u00c9 hora de um esfor\u00e7o conjunto de todos, indistintamente\u201d, diz o documento.<\/p>\n<p style=\"text-align: justify;\">&#8220;Em nossa realidade, encontramos unidades municipais e estaduais em situa\u00e7\u00f5es ca\u00f3ticas; o sentimento dos profissionais de sa\u00fade \u00e9 de desalento e a sensa\u00e7\u00e3o f\u00edsica, \u00e9 a de exaust\u00e3o. Os m\u00e9dicos se sentem impotentes em n\u00e3o conseguir socorrer, de forma adequada, os pacientes, v\u00edtimas da Covid-19\u201d, continua.<\/p>\n<p style=\"text-align: justify;\">O documento fala tamb\u00e9m em &#8220;um cen\u00e1rio politizado e a falta de medidas eficazes para conter a propaga\u00e7\u00e3o do v\u00edrus\u201d e pede vacina\u00e7\u00e3o urgente.<\/p>\n<p style=\"text-align: justify;\">Os \u00f3rg\u00e3os frisaram ainda que \u00e9 importante o refor\u00e7o nas campanhas educativas, mas que s\u00f3 isso n\u00e3o \u00e9 suficiente. E elencaram medidas necess\u00e1rias, como &#8220;amplia\u00e7\u00e3o da frota de transporte p\u00fablico, hor\u00e1rios alternados de funcionamento das atividades produtivas afim de diminuir a circula\u00e7\u00e3o de indiv\u00edduos no mesmo momento; distanciamento social em ambientes p\u00fablicos de sa\u00fade, esta\u00e7\u00f5es de metr\u00f4, terminais rodovi\u00e1rios, salas de espera; linhas de cr\u00e9dito voltados \u00e0 garantia do emprego, aux\u00edlio para subsist\u00eancia dos vulner\u00e1veis, amplas medidas restritivas coordenadas em todos os estados da federa\u00e7\u00e3o, entre outras\u201d, exibe a nota, que finaliza com um chamado. &#8220;\u00c9 tempo do governo, sair da in\u00e9rcia paralisante e adotar medidas que efetivamente, visem a preserva\u00e7\u00e3o da vida!\u201d<\/p>\n<p style=\"text-align: justify;\">Pernambuco vive um cen\u00e1rio de acelera\u00e7\u00e3o exponencial de casos da Covid-19, com ocupa\u00e7\u00e3o elevada nos leitos destinados ao tratamento de pacientes com suspeita ou confirma\u00e7\u00e3o da doen\u00e7a.<\/p>\n<p style=\"text-align: justify;\">Um decreto estadual foi imposto no final de fevereiro, com a proibi\u00e7\u00e3o do funcionamento de servi\u00e7os n\u00e3o essenciais aos finais de semana e entre \u00e0s 20h e 5h nos dias \u00fateis.<\/p>\n<p style=\"text-align: justify;\">Tamb\u00e9m prev\u00ea o fechamento de parques e a proibi\u00e7\u00e3o de com\u00e9rcio e atividades de lazer na praia, bem como o banho de mar, o que n\u00e3o vem sendo respeitado pela popula\u00e7\u00e3o.<\/p>\n<p style=\"text-align: justify;\">Esse decreto se encerra na pr\u00f3xima quarta-feira (17), e o governador Paulo C\u00e2mara j\u00e1 sinalizou que pode haver prorroga\u00e7\u00e3o ou at\u00e9 medidas mais restritivas, a depender do curso da pandemia. S\u00f3 na \u00faltima semana, o n\u00famero de notifica\u00e7\u00f5es de casos de S\u00edndrome Respirat\u00f3ria Aguda Grave (SRAG), com suspeita de infec\u00e7\u00e3o pelo novo coronav\u00edrus, passou de mil.<\/p>\n<p style=\"text-align: justify;\"><a href=\"https:\/\/www.folhape.com.br\/noticias\/pe-entidades-medicas-falam-em-inercia-paralisante-do-governo-e-pedem\/176181\/\">Fonte: Folha de Pernambuco<\/a><\/p>\n","protected":false},"excerpt":{"rendered":"<p>Crempe, Simepe e AMPE destacaram, entre outras coisas, a exaust\u00e3o dos profissionais Neste s\u00e1bado (13), o Sindicato dos M\u00e9dicos de Pernambuco (Simepe), o Conselho Regional de Medicina de Pernambuco (Cremepe), Associa\u00e7\u00e3o M\u00e9dica de Pernambuco (AMPE) e a Academia Pernambucana de Medicina (APM) divulgaram uma nota de rep\u00fadio ao negacionismo em rela\u00e7\u00e3o \u00e0 pandemia da Covid-19 [&hellip;]<\/p>\n","protected":false},"author":1,"featured_media":0,"comment_status":"open","ping_status":"open","sticky":false,"template":"","format":"standard","meta":{"ocean_post_layout":"","ocean_both_sidebars_style":"","ocean_both_sidebars_content_width":0,"ocean_both_sidebars_sidebars_width":0,"ocean_sidebar":"","ocean_second_sidebar":"","ocean_disable_margins":"enable","ocean_add_body_class":"","ocean_shortcode_before_top_bar":"","ocean_shortcode_after_top_bar":"","ocean_shortcode_before_header":"","ocean_shortcode_after_header":"","ocean_has_shortcode":"","ocean_shortcode_after_title":"","ocean_shortcode_before_footer_widgets":"","ocean_shortcode_after_footer_widgets":"","ocean_shortcode_before_footer_bottom":"","ocean_shortcode_after_footer_bottom":"","ocean_display_top_bar":"default","ocean_display_header":"default","ocean_header_style":"","ocean_center_header_left_menu":"","ocean_custom_header_template":"","ocean_custom_logo":0,"ocean_custom_retina_logo":0,"ocean_custom_logo_max_width":0,"ocean_custom_logo_tablet_max_width":0,"ocean_custom_logo_mobile_max_width":0,"ocean_custom_logo_max_height":0,"ocean_custom_logo_tablet_max_height":0,"ocean_custom_logo_mobile_max_height":0,"ocean_header_custom_menu":"","ocean_menu_typo_font_family":"","ocean_menu_typo_font_subset":"","ocean_menu_typo_font_size":0,"ocean_menu_typo_font_size_tablet":0,"ocean_menu_typo_font_size_mobile":0,"ocean_menu_typo_font_size_unit":"px","ocean_menu_typo_font_weight":"","ocean_menu_typo_font_weight_tablet":"","ocean_menu_typo_font_weight_mobile":"","ocean_menu_typo_transform":"","ocean_menu_typo_transform_tablet":"","ocean_menu_typo_transform_mobile":"","ocean_menu_typo_line_height":0,"ocean_menu_typo_line_height_tablet":0,"ocean_menu_typo_line_height_mobile":0,"ocean_menu_typo_line_height_unit":"","ocean_menu_typo_spacing":0,"ocean_menu_typo_spacing_tablet":0,"ocean_menu_typo_spacing_mobile":0,"ocean_menu_typo_spacing_unit":"","ocean_menu_link_color":"","ocean_menu_link_color_hover":"","ocean_menu_link_color_active":"","ocean_menu_link_background":"","ocean_menu_link_hover_background":"","ocean_menu_link_active_background":"","ocean_menu_social_links_bg":"","ocean_menu_social_hover_links_bg":"","ocean_menu_social_links_color":"","ocean_menu_social_hover_links_color":"","ocean_disable_title":"default","ocean_disable_heading":"default","ocean_post_title":"","ocean_post_subheading":"","ocean_post_title_style":"","ocean_post_title_background_color":"","ocean_post_title_background":0,"ocean_post_title_bg_image_position":"","ocean_post_title_bg_image_attachment":"","ocean_post_title_bg_image_repeat":"","ocean_post_title_bg_image_size":"","ocean_post_title_height":0,"ocean_post_title_bg_overlay":0.5,"ocean_post_title_bg_overlay_color":"","ocean_disable_breadcrumbs":"default","ocean_breadcrumbs_color":"","ocean_breadcrumbs_separator_color":"","ocean_breadcrumbs_links_color":"","ocean_breadcrumbs_links_hover_color":"","ocean_display_footer_widgets":"default","ocean_display_footer_bottom":"default","ocean_custom_footer_template":"","ocean_post_oembed":"","ocean_post_self_hosted_media":"","ocean_post_video_embed":"","ocean_link_format":"","ocean_link_format_target":"self","ocean_quote_format":"","ocean_quote_format_link":"post","ocean_gallery_link_images":"on","ocean_gallery_id":[]},"categories":[1],"tags":[],"acf":[],"_links":{"self":[{"href":"https:\/\/www.simepe.com.br\/novo\/wp-json\/wp\/v2\/posts\/58480"}],"collection":[{"href":"https:\/\/www.simepe.com.br\/novo\/wp-json\/wp\/v2\/posts"}],"about":[{"href":"https:\/\/www.simepe.com.br\/novo\/wp-json\/wp\/v2\/types\/post"}],"author":[{"embeddable":true,"href":"https:\/\/www.simepe.com.br\/novo\/wp-json\/wp\/v2\/users\/1"}],"replies":[{"embeddable":true,"href":"https:\/\/www.simepe.com.br\/novo\/wp-json\/wp\/v2\/comments?post=58480"}],"version-history":[{"count":1,"href":"https:\/\/www.simepe.com.br\/novo\/wp-json\/wp\/v2\/posts\/58480\/revisions"}],"predecessor-version":[{"id":58481,"href":"https:\/\/www.simepe.com.br\/novo\/wp-json\/wp\/v2\/posts\/58480\/revisions\/58481"}],"wp:attachment":[{"href":"https:\/\/www.simepe.com.br\/novo\/wp-json\/wp\/v2\/media?parent=58480"}],"wp:term":[{"taxonomy":"category","embeddable":true,"href":"https:\/\/www.simepe.com.br\/novo\/wp-json\/wp\/v2\/categories?post=58480"},{"taxonomy":"post_tag","embeddable":true,"href":"https:\/\/www.simepe.com.br\/novo\/wp-json\/wp\/v2\/tags?post=58480"}],"curies":[{"name":"wp","href":"https:\/\/api.w.org\/{rel}","templated":true}]}}