{"id":58482,"date":"2021-03-13T13:29:39","date_gmt":"2021-03-13T16:29:39","guid":{"rendered":"https:\/\/www.simepe.com.br\/novo\/?p=58482"},"modified":"2021-03-15T13:31:33","modified_gmt":"2021-03-15T16:31:33","slug":"por-que-hospitais-de-campanha-foram-fechados-no-recife","status":"publish","type":"post","link":"https:\/\/www.simepe.com.br\/novo\/por-que-hospitais-de-campanha-foram-fechados-no-recife\/","title":{"rendered":"Por que hospitais de campanha foram fechados no Recife?"},"content":{"rendered":"<p style=\"text-align: justify;\">Diante do aumento de casos da Covid-19, poder p\u00fablico tentou reabrir um dos hospitais por meio de licita\u00e7\u00e3o ao custo de R$ 12,4 milh\u00f5es. N\u00e3o h\u00e1, at\u00e9 ent\u00e3o, empresa interessada e projeto pode ser deixado de lado<\/p>\n<p style=\"text-align: justify;\">Ap\u00f3s um ano de enfrentamento \u00e0 Covid-19, Pernambuco vive um dos est\u00e1gios mais cr\u00edticos no seu sistema de sa\u00fade. A ocupa\u00e7\u00e3o dos leitos de UTI atingiu cerca de 95% da capacidade total ofertada pelo Estado e n\u00e3o h\u00e1 previs\u00e3o, at\u00e9 ent\u00e3o, de abertura de novos hospitais de campanha.<\/p>\n<p style=\"text-align: justify;\">No ano passado, durante o pico de casos em Pernambuco, foram montados hospitais de campanha para atender pacientes da Covid-19 em diversas cidades pernambucanas. Por\u00e9m, ao longo do ano, houve suscet\u00edveis encerramentos da contrata\u00e7\u00e3o dessas unidades. Na \u00e9poca, o motivo dado pelo Governo do Estado para os fechamentos foi a pouca procura de pacientes pelos leitos.<\/p>\n<p style=\"text-align: justify;\">Na capital de Pernambuco, o Hospital Provis\u00f3rio Recife 1, localizado em Santo Amaro, centro da cidade, \u00e9 o \u00fanico dos sete hospitais montados na cidade que segue em funcionamento. Se, de acordo com o poder p\u00fablico, no segundo semestre de 2020 houve pouca demanda para os leitos de terapia intensiva, em 2021 o cen\u00e1rio \u00e9 diferente. O boletim de casos de Covid-19 divulgados nessa sexta-feira (12) apontou que dos 1,2 mil leitos de terapia intensiva (UTI) oferecidos pelo Estado, 95% est\u00e3o ocupados.<\/p>\n<p style=\"text-align: justify;\">O secret\u00e1rio de Sa\u00fade de Pernambuco, Andr\u00e9 Longo, acredita que a situa\u00e7\u00e3o no Estado \u00e9 de \u201cestrangulamento em todos os servi\u00e7os\u201d. O Governo, por sua vez, tem ampliado a quantidade de leitos em unidades hospitalares j\u00e1 existentes, na tentativa de comportar a quantidade de pessoas que precisam das vagas nas UTIs. Por\u00e9m, o Longo reconhece que as tentativas ser\u00e3o falhas caso n\u00e3o haja diminui\u00e7\u00e3o dos casos de infec\u00e7\u00e3o. &#8220;O v\u00edrus tamb\u00e9m est\u00e1 com uma acelera\u00e7\u00e3o recorde, que pode tornar-se, a qualquer momento, superior \u00e0 nossa capacidade de abrir leitos. Por isso, meu recado \u00e9 que ou todos cooperam, ou vai faltar leito para quem precisa, o que vai provocar a perda de vidas&#8221;, disse o gestor.<\/p>\n<p style=\"text-align: justify;\"><strong>Reabertura dos hospitais de campanha<\/strong><\/p>\n<p style=\"text-align: justify;\">Em fevereiro deste ano, a Secretaria Estadual de Sa\u00fade publicou no di\u00e1rio oficial da uni\u00e3o uma licita\u00e7\u00e3o, convocando alguma organiza\u00e7\u00e3o para reabrir o Hospital Provis\u00f3rio Recife 2, no bairro dos Coelhos, zona central de Recife. O hospital de campanha era o maior da capital, com 350 leitos e teve suas atividades encerradas em agosto.<\/p>\n<p style=\"text-align: justify;\">O or\u00e7amento previsto no preg\u00e3o eletr\u00f4nico para reabertura \u00e9 de R$ 12,4 milh\u00f5es. Contudo, segundo Andr\u00e9 Longo, nenhuma empresa se candidatou, e isso inviabiliza completamente o projeto. \u201cLan\u00e7amos por duas vezes esse projeto e foi deserto\u2026 Se n\u00e3o aparecer interessado, infelizmente o projeto vai ser deixado de lado e n\u00f3s vamos continuar abrindo leitos nas unidades j\u00e1 existentes\u201d, disse o secret\u00e1rio de Sa\u00fade em coletiva de imprensa na \u00faltima quinta-feira (11).<\/p>\n<p style=\"text-align: justify;\">A demora na reabertura dos hospitais tem sido questionada por alguns parlamentares. O vereador do Recife e ex-presidente do Sindicato dos M\u00e9dicos de Pernambuco (SIMEPE), Tadeu Calheiros (PODEMOS), tem cobrado de forma incisiva a reabertura das unidades no Recife. \u201cFicamos muito preocupados com a situa\u00e7\u00e3o da Prefeitura do Recife ter desmobilizado os hospitais provis\u00f3rios que foram colocados para o atendimento \u00e0 popula\u00e7\u00e3o\u2026 e a tamanha demora para reativa\u00e7\u00e3o dos mesmos\u201d, afirmou Tadeu Calheiros aos LeiaJ\u00e1. \u201cEstamos enfrentando o pior momento do n\u00famero de adoecimento e \u00f3bitos de Covid-19, que est\u00e1 maior que o ano passado, quando foram ofertados esses servi\u00e7os e n\u00e3o est\u00e3o sendo disponibilizados\u201d, completou o vereador.<\/p>\n<p style=\"text-align: justify;\"><a href=\"https:\/\/m.leiaja.com\/noticias\/2021\/03\/13\/por-que-hospitais-de-campanha-foram-fechados-no-recife\/\">Fonte: Leia J\u00e1<\/a><\/p>\n","protected":false},"excerpt":{"rendered":"<p>Diante do aumento de casos da Covid-19, poder p\u00fablico tentou reabrir um dos hospitais por meio de licita\u00e7\u00e3o ao custo de R$ 12,4 milh\u00f5es. N\u00e3o h\u00e1, at\u00e9 ent\u00e3o, empresa interessada e projeto pode ser deixado de lado Ap\u00f3s um ano de enfrentamento \u00e0 Covid-19, Pernambuco vive um dos est\u00e1gios mais cr\u00edticos no seu sistema de [&hellip;]<\/p>\n","protected":false},"author":1,"featured_media":0,"comment_status":"open","ping_status":"open","sticky":false,"template":"","format":"standard","meta":{"ocean_post_layout":"","ocean_both_sidebars_style":"","ocean_both_sidebars_content_width":0,"ocean_both_sidebars_sidebars_width":0,"ocean_sidebar":"","ocean_second_sidebar":"","ocean_disable_margins":"enable","ocean_add_body_class":"","ocean_shortcode_before_top_bar":"","ocean_shortcode_after_top_bar":"","ocean_shortcode_before_header":"","ocean_shortcode_after_header":"","ocean_has_shortcode":"","ocean_shortcode_after_title":"","ocean_shortcode_before_footer_widgets":"","ocean_shortcode_after_footer_widgets":"","ocean_shortcode_before_footer_bottom":"","ocean_shortcode_after_footer_bottom":"","ocean_display_top_bar":"default","ocean_display_header":"default","ocean_header_style":"","ocean_center_header_left_menu":"","ocean_custom_header_template":"","ocean_custom_logo":0,"ocean_custom_retina_logo":0,"ocean_custom_logo_max_width":0,"ocean_custom_logo_tablet_max_width":0,"ocean_custom_logo_mobile_max_width":0,"ocean_custom_logo_max_height":0,"ocean_custom_logo_tablet_max_height":0,"ocean_custom_logo_mobile_max_height":0,"ocean_header_custom_menu":"","ocean_menu_typo_font_family":"","ocean_menu_typo_font_subset":"","ocean_menu_typo_font_size":0,"ocean_menu_typo_font_size_tablet":0,"ocean_menu_typo_font_size_mobile":0,"ocean_menu_typo_font_size_unit":"px","ocean_menu_typo_font_weight":"","ocean_menu_typo_font_weight_tablet":"","ocean_menu_typo_font_weight_mobile":"","ocean_menu_typo_transform":"","ocean_menu_typo_transform_tablet":"","ocean_menu_typo_transform_mobile":"","ocean_menu_typo_line_height":0,"ocean_menu_typo_line_height_tablet":0,"ocean_menu_typo_line_height_mobile":0,"ocean_menu_typo_line_height_unit":"","ocean_menu_typo_spacing":0,"ocean_menu_typo_spacing_tablet":0,"ocean_menu_typo_spacing_mobile":0,"ocean_menu_typo_spacing_unit":"","ocean_menu_link_color":"","ocean_menu_link_color_hover":"","ocean_menu_link_color_active":"","ocean_menu_link_background":"","ocean_menu_link_hover_background":"","ocean_menu_link_active_background":"","ocean_menu_social_links_bg":"","ocean_menu_social_hover_links_bg":"","ocean_menu_social_links_color":"","ocean_menu_social_hover_links_color":"","ocean_disable_title":"default","ocean_disable_heading":"default","ocean_post_title":"","ocean_post_subheading":"","ocean_post_title_style":"","ocean_post_title_background_color":"","ocean_post_title_background":0,"ocean_post_title_bg_image_position":"","ocean_post_title_bg_image_attachment":"","ocean_post_title_bg_image_repeat":"","ocean_post_title_bg_image_size":"","ocean_post_title_height":0,"ocean_post_title_bg_overlay":0.5,"ocean_post_title_bg_overlay_color":"","ocean_disable_breadcrumbs":"default","ocean_breadcrumbs_color":"","ocean_breadcrumbs_separator_color":"","ocean_breadcrumbs_links_color":"","ocean_breadcrumbs_links_hover_color":"","ocean_display_footer_widgets":"default","ocean_display_footer_bottom":"default","ocean_custom_footer_template":"","ocean_post_oembed":"","ocean_post_self_hosted_media":"","ocean_post_video_embed":"","ocean_link_format":"","ocean_link_format_target":"self","ocean_quote_format":"","ocean_quote_format_link":"post","ocean_gallery_link_images":"on","ocean_gallery_id":[]},"categories":[1],"tags":[],"acf":[],"_links":{"self":[{"href":"https:\/\/www.simepe.com.br\/novo\/wp-json\/wp\/v2\/posts\/58482"}],"collection":[{"href":"https:\/\/www.simepe.com.br\/novo\/wp-json\/wp\/v2\/posts"}],"about":[{"href":"https:\/\/www.simepe.com.br\/novo\/wp-json\/wp\/v2\/types\/post"}],"author":[{"embeddable":true,"href":"https:\/\/www.simepe.com.br\/novo\/wp-json\/wp\/v2\/users\/1"}],"replies":[{"embeddable":true,"href":"https:\/\/www.simepe.com.br\/novo\/wp-json\/wp\/v2\/comments?post=58482"}],"version-history":[{"count":1,"href":"https:\/\/www.simepe.com.br\/novo\/wp-json\/wp\/v2\/posts\/58482\/revisions"}],"predecessor-version":[{"id":58483,"href":"https:\/\/www.simepe.com.br\/novo\/wp-json\/wp\/v2\/posts\/58482\/revisions\/58483"}],"wp:attachment":[{"href":"https:\/\/www.simepe.com.br\/novo\/wp-json\/wp\/v2\/media?parent=58482"}],"wp:term":[{"taxonomy":"category","embeddable":true,"href":"https:\/\/www.simepe.com.br\/novo\/wp-json\/wp\/v2\/categories?post=58482"},{"taxonomy":"post_tag","embeddable":true,"href":"https:\/\/www.simepe.com.br\/novo\/wp-json\/wp\/v2\/tags?post=58482"}],"curies":[{"name":"wp","href":"https:\/\/api.w.org\/{rel}","templated":true}]}}