{"id":58486,"date":"2021-03-14T13:33:53","date_gmt":"2021-03-14T16:33:53","guid":{"rendered":"https:\/\/www.simepe.com.br\/novo\/?p=58486"},"modified":"2021-03-15T13:36:52","modified_gmt":"2021-03-15T16:36:52","slug":"trabalhadores-de-saude-denunciam-superlotacao-e-falta-de-equipamentos-em-hospital-no-recife-as-maes-estao-comecando-a-perder-os-filhos","status":"publish","type":"post","link":"https:\/\/www.simepe.com.br\/novo\/trabalhadores-de-saude-denunciam-superlotacao-e-falta-de-equipamentos-em-hospital-no-recife-as-maes-estao-comecando-a-perder-os-filhos\/","title":{"rendered":"Trabalhadores de sa\u00fade denunciam superlota\u00e7\u00e3o e falta de equipamentos em hospital no Recife: &#8216;as m\u00e3es est\u00e3o come\u00e7ando a perder os filhos&#8217;"},"content":{"rendered":"<p style=\"text-align: justify;\">Funcion\u00e1rios do Hospital Bar\u00e3o de Lucena, na Zona Oeste, afirmam que situa\u00e7\u00e3o \u00e9 ca\u00f3tica. Entidades m\u00e9dicas divulgaram carta aberta e pediram socorro.<\/p>\n<p style=\"text-align: justify;\">Superlota\u00e7\u00e3o, mortes de crian\u00e7as por falta de equipamentos m\u00e9dicos e pacientes esperando atendimento dentro de ambul\u00e2ncias em meio \u00e0 pandemia da Covid-19. Essas s\u00e3o algumas das den\u00fancias de trabalhadores que atuam no Hospital Bar\u00e3o de Lucena, na Iputinga, na Zona Oeste do Recife, refer\u00eancia para casos respirat\u00f3rios graves infantis (veja v\u00eddeo acima).<\/p>\n<p style=\"text-align: justify;\">Diante desse cen\u00e1rio, entidades m\u00e9dicas divulgaram carta aberta \u00e0 sociedade e pediram &#8220;socorro&#8221;. No texto, elas apontam &#8220;situa\u00e7\u00e3o ca\u00f3tica&#8221; na rede de sa\u00fade p\u00fablica.<\/p>\n<p style=\"text-align: justify;\">De acordo com um funcion\u00e1rio do Bar\u00e3o de Lucena que preferiu n\u00e3o ser identificado, o hospital registrou, dificuldades na assist\u00eancia m\u00e9dica a pacientes devido \u00e0 falta de equipamentos que funcionassem.<\/p>\n<p style=\"text-align: justify;\">\u201cEssa demora faz toda uma diferen\u00e7a no atendimento e assist\u00eancia. As m\u00e3es est\u00e3o come\u00e7ando a perder os filhos por falhas t\u00e9cnicas que podiam ser evitadas\u201d, afirmou o trabalhador.<\/p>\n<p style=\"text-align: justify;\">De acordo com o trabalhador, pacientes com suspeita de Covid-19 ficam em um mesmo local. &#8220;Todos os quadros respirat\u00f3rios ficam juntos, sendo Covid ou n\u00e3o, porque s\u00e3o considerados suspeitos. Quando sai o resultado [do teste], se tiver vaga na enfermaria, sobe para a enfermaria Covid. Se n\u00e3o tiver, continua onde est\u00e1&#8221;, disse.<\/p>\n<p style=\"text-align: justify;\">Segundo o funcion\u00e1rio do hospital, as enfermarias est\u00e3o lotadas de pacientes, independentemente do dia. Em alguns casos, ber\u00e7os s\u00e3o colocados entre os leitos para atender \u00e0 demanda de pacientes, o que desrespeita o distanciamento social (veja v\u00eddeo abaixo).<\/p>\n<p style=\"text-align: justify;\">\u201c\u00c9 preciso de mais leitos de enfermaria para dar vaz\u00e3o a tantos pacientes internados na emerg\u00eancia\u201d, contou.<\/p>\n<p style=\"text-align: justify;\">Uma outra funcion\u00e1ria que tamb\u00e9m preferiu n\u00e3o ser identificada alegou que, nos meses de mar\u00e7o, a situa\u00e7\u00e3o se agrava devido ao aumento natural de quadros respirat\u00f3rios, mas, este ano, piorou devido ao novo coronav\u00edrus. \u201cNessa \u00e9poca, j\u00e1 \u00e9 normal um aumento de doen\u00e7as respirat\u00f3rias, e com a Covid, a situa\u00e7\u00e3o est\u00e1 muito pior\u201d, afirmou.<\/p>\n<p style=\"text-align: justify;\">Os trabalhadores tamb\u00e9m afirmam que a unidade de sa\u00fade n\u00e3o teve espa\u00e7o, ao longo da semana, para receber pacientes e, por isso, as pessoas transferidas ao Hospital Bar\u00e3o de Lucena precisavam aguardar dentro de ambul\u00e2ncias.<\/p>\n<p style=\"text-align: justify;\">\u201cN\u00e3o havia lugar onde colocar paciente na emerg\u00eancia, ent\u00e3o eles tinham que esperar dentro da ambul\u00e2ncia. Algumas ambul\u00e2ncias estavam trazendo duas, tr\u00eas crian\u00e7as, o que n\u00e3o deveria\u201d, afirmou o funcion\u00e1rio.<br \/>\nResposta do governo<br \/>\nPor meio de nota, a Secretaria Estadual de Sa\u00fade disse que a dire\u00e7\u00e3o do Bar\u00e3o de Lucena \u201creconheceu a demanda de pacientes pedi\u00e1tricos na emerg\u00eancia\u201d.<\/p>\n<p style=\"text-align: justify;\">A unidade afirmou que, \u201cmesmo diante do atual contexto da pandemia da Covid-19 em todo o Pa\u00eds\u201d, \u201cn\u00e3o nega atendimento aos seus usu\u00e1rios e que t\u00eam acolhido todos os pacientes admitidos no servi\u00e7o\u201d.<\/p>\n<p style=\"text-align: justify;\">Ainda de acordo com o governo, a maioria dos casos que chegaram \u00e0 unidade hospitalar nas \u00faltimas semanas \u201cest\u00e1 relacionada a viroses sazonais desse per\u00edodo do ano\u201d.<\/p>\n<p style=\"text-align: justify;\">O hospital informou que, dos 164 pacientes pedi\u00e1tricos com sintomas respirat\u00f3rios atendidos no m\u00eas de fevereiro, \u201capenas 6,5% teve resultado confirmado para Covid-19\u201d.<\/p>\n<p style=\"text-align: justify;\">Nas \u00faltimas 24 horas, informou o Bar\u00e3o de Lucena, foram realizados 29 atendimentos na emerg\u00eancia pedi\u00e1trica do servi\u00e7o.<\/p>\n<p style=\"text-align: justify;\">A dire\u00e7\u00e3o da unidade disse, ainda, que &#8220;n\u00e3o procede a informa\u00e7\u00e3o de que pacientes n\u00e3o estariam sendo atendidos por falta de medica\u00e7\u00e3o, ou de funcion\u00e1rios&#8221;.<\/p>\n<p style=\"text-align: justify;\">\u201cO servi\u00e7o conta com todos os insumos necess\u00e1rios para assist\u00eancia aos usu\u00e1rios e, em caso de faltas pontuais, as medica\u00e7\u00f5es s\u00e3o substitu\u00eddas, de acordo com protocolo m\u00e9dico j\u00e1 estabelecido. A escala de m\u00e9dicos e demais profissionais da equipe multidisciplinar dos plant\u00f5es tamb\u00e9m est\u00e1 completa\u201d, afirmou.<\/p>\n<p style=\"text-align: justify;\">Atualmente, emerg\u00eancia pedi\u00e1trica conta com 19 leitos voltados exclusivamente para pacientes que est\u00e3o com sintomas respirat\u00f3rios e precisam ficar em observa\u00e7\u00e3o, de acordo com a dire\u00e7\u00e3o.<\/p>\n<p style=\"text-align: justify;\">\u201cO hospital conta, ainda, com 28 leitos de internamento para estes pacientes, sendo 20 vagas de enfermaria e oito de terapia intensiva pedi\u00e1trica (Covid). Al\u00e9m disso, a unidade tamb\u00e9m disp\u00f5e de leitos de retaguarda em uma de suas enfermarias para acolher essas crian\u00e7as\u201d, afirmou Secretaria de Sa\u00fade.<\/p>\n<p style=\"text-align: justify;\">Por fim, a dire\u00e7\u00e3o informou que a m\u00e9dia de pacientes atendidos por m\u00eas na emerg\u00eancia pedi\u00e1trica \u00e9 de 500 crian\u00e7as. &#8220;Grande parte dos casos poderia ser tratada nos servi\u00e7os de baixa e m\u00e9dia complexidade das redes municipais&#8221;, afirmou.<\/p>\n<p style=\"text-align: justify;\">\u201cE, buscando diminuir esse fluxo na refer\u00eancia estadual, a equipe tem trabalhado para melhorar a rotatividade dos leitos, agilizando a realiza\u00e7\u00e3o de exames e procedimentos para posterior alta m\u00e9dica, quando s\u00e3o casos leves; e se necess\u00e1rio, fazendo o encaminhamento para outros servi\u00e7os da rede de assist\u00eancia\u201d, acrescentou.<\/p>\n<p style=\"text-align: justify;\">Tamb\u00e9m por meio de nota, a Secretaria Estadual de Sa\u00fade informou que \u201ctem monitorado permanentemente os indicadores de doen\u00e7as respirat\u00f3rias em crian\u00e7as, atuando para expandir a rede de assist\u00eancia e garantir o atendimento dos usu\u00e1rios\u201d.<\/p>\n<p style=\"text-align: justify;\">Segundo a pasta, \u201catualmente, Pernambuco conta com 143 leitos voltados para beb\u00eas e crian\u00e7as acometidas com s\u00edndrome respirat\u00f3ria aguda grave (SRAG), sendo 51 leitos de UTI\u201d.<\/p>\n<p style=\"text-align: justify;\">O governo anunciou que \u201cnos pr\u00f3ximos dias\u201d, a rede de sa\u00fade ser\u00e1 refor\u00e7ada com dez leitos de enfermaria e dez de UTI pedi\u00e1trica no Instituto de Medicina Integral Professor Fernando Figueira (Imip).<\/p>\n<p style=\"text-align: justify;\">\u201cAo longo das pr\u00f3ximas semanas, ainda ser\u00e3o abertos novos leitos pedi\u00e1tricos no munic\u00edpio de Araripina, no Sert\u00e3o de Pernambuco. Al\u00e9m disso, est\u00e1 aberto edital de contratualiza\u00e7\u00e3o de leitos na rede privada com vagas tamb\u00e9m voltadas para crian\u00e7as\u201d, informou.<\/p>\n<p style=\"text-align: justify;\"><strong>Entidades m\u00e9dicas pedem socorro<\/strong><br \/>\nEm uma carta aberta divulgada no s\u00e1bado (13), o Sindicato dos M\u00e9dicos de Pernambuco (Simepe), o Conselho Regional de Medicina de Pernambuco (Cremepe), a Academia Pernambucana de Medicina (APM) e a Associa\u00e7\u00e3o M\u00e9dica de Pernambuco (AMPE) afirmaram que &#8220;\u00e9 hora de um esfor\u00e7o conjunto de todos, indistintamente&#8221;, e que n\u00e3o podem admitir &#8220;a falta de leitos, insumos e equipamentos&#8221;.<\/p>\n<p style=\"text-align: justify;\">&#8220;Em nossa realidade, encontramos unidades municipais e estaduais em situa\u00e7\u00f5es ca\u00f3ticas; o sentimento dos profissionais de sa\u00fade \u00e9 de desalento e a sensa\u00e7\u00e3o f\u00edsica, \u00e9 a de exaust\u00e3o. Os m\u00e9dicos se sentem impotentes em n\u00e3o conseguir socorrer, de forma adequada, os pacientes, v\u00edtimas da Covid-19&#8221;, afirmaram as entidades, na nota.<\/p>\n<p style=\"text-align: justify;\"><strong>Urg\u00eancia pedi\u00e1trica desativada temporariamente no Recife<\/strong><br \/>\nA urg\u00eancia pedi\u00e1trica da Policl\u00ednica Barros Lima, no bairro de Casa Amarela, na Zona Norte do Recife, foi desativada temporariamente na ter\u00e7a-feira (9) para que o espa\u00e7o receba leitos de Covid-19, segundo a prefeitura (veja v\u00eddeo acima).<\/p>\n<p style=\"text-align: justify;\">Trabalhadores da sa\u00fade que atuavam no local foram transferidos para outras unidades e falam em superlota\u00e7\u00e3o e demora nos atendimentos, pois, entre mar\u00e7o e junho, h\u00e1 aumento natural de pacientes com quadros respirat\u00f3rios.<\/p>\n<p style=\"text-align: justify;\"><a href=\"https:\/\/g1.globo.com\/pe\/pernambuco\/noticia\/2021\/03\/14\/trabalhadores-de-saude-denunciam-superlotacao-e-falta-de-equipamentos-em-hospital-no-recife-as-maes-estao-comecando-a-perder-os-filhos.ghtml\">Fonte: G1<\/a><\/p>\n","protected":false},"excerpt":{"rendered":"<p>Funcion\u00e1rios do Hospital Bar\u00e3o de Lucena, na Zona Oeste, afirmam que situa\u00e7\u00e3o \u00e9 ca\u00f3tica. Entidades m\u00e9dicas divulgaram carta aberta e pediram socorro. Superlota\u00e7\u00e3o, mortes de crian\u00e7as por falta de equipamentos m\u00e9dicos e pacientes esperando atendimento dentro de ambul\u00e2ncias em meio \u00e0 pandemia da Covid-19. Essas s\u00e3o algumas das den\u00fancias de trabalhadores que atuam no Hospital [&hellip;]<\/p>\n","protected":false},"author":1,"featured_media":0,"comment_status":"open","ping_status":"open","sticky":false,"template":"","format":"standard","meta":{"ocean_post_layout":"","ocean_both_sidebars_style":"","ocean_both_sidebars_content_width":0,"ocean_both_sidebars_sidebars_width":0,"ocean_sidebar":"","ocean_second_sidebar":"","ocean_disable_margins":"enable","ocean_add_body_class":"","ocean_shortcode_before_top_bar":"","ocean_shortcode_after_top_bar":"","ocean_shortcode_before_header":"","ocean_shortcode_after_header":"","ocean_has_shortcode":"","ocean_shortcode_after_title":"","ocean_shortcode_before_footer_widgets":"","ocean_shortcode_after_footer_widgets":"","ocean_shortcode_before_footer_bottom":"","ocean_shortcode_after_footer_bottom":"","ocean_display_top_bar":"default","ocean_display_header":"default","ocean_header_style":"","ocean_center_header_left_menu":"","ocean_custom_header_template":"","ocean_custom_logo":0,"ocean_custom_retina_logo":0,"ocean_custom_logo_max_width":0,"ocean_custom_logo_tablet_max_width":0,"ocean_custom_logo_mobile_max_width":0,"ocean_custom_logo_max_height":0,"ocean_custom_logo_tablet_max_height":0,"ocean_custom_logo_mobile_max_height":0,"ocean_header_custom_menu":"","ocean_menu_typo_font_family":"","ocean_menu_typo_font_subset":"","ocean_menu_typo_font_size":0,"ocean_menu_typo_font_size_tablet":0,"ocean_menu_typo_font_size_mobile":0,"ocean_menu_typo_font_size_unit":"px","ocean_menu_typo_font_weight":"","ocean_menu_typo_font_weight_tablet":"","ocean_menu_typo_font_weight_mobile":"","ocean_menu_typo_transform":"","ocean_menu_typo_transform_tablet":"","ocean_menu_typo_transform_mobile":"","ocean_menu_typo_line_height":0,"ocean_menu_typo_line_height_tablet":0,"ocean_menu_typo_line_height_mobile":0,"ocean_menu_typo_line_height_unit":"","ocean_menu_typo_spacing":0,"ocean_menu_typo_spacing_tablet":0,"ocean_menu_typo_spacing_mobile":0,"ocean_menu_typo_spacing_unit":"","ocean_menu_link_color":"","ocean_menu_link_color_hover":"","ocean_menu_link_color_active":"","ocean_menu_link_background":"","ocean_menu_link_hover_background":"","ocean_menu_link_active_background":"","ocean_menu_social_links_bg":"","ocean_menu_social_hover_links_bg":"","ocean_menu_social_links_color":"","ocean_menu_social_hover_links_color":"","ocean_disable_title":"default","ocean_disable_heading":"default","ocean_post_title":"","ocean_post_subheading":"","ocean_post_title_style":"","ocean_post_title_background_color":"","ocean_post_title_background":0,"ocean_post_title_bg_image_position":"","ocean_post_title_bg_image_attachment":"","ocean_post_title_bg_image_repeat":"","ocean_post_title_bg_image_size":"","ocean_post_title_height":0,"ocean_post_title_bg_overlay":0.5,"ocean_post_title_bg_overlay_color":"","ocean_disable_breadcrumbs":"default","ocean_breadcrumbs_color":"","ocean_breadcrumbs_separator_color":"","ocean_breadcrumbs_links_color":"","ocean_breadcrumbs_links_hover_color":"","ocean_display_footer_widgets":"default","ocean_display_footer_bottom":"default","ocean_custom_footer_template":"","ocean_post_oembed":"","ocean_post_self_hosted_media":"","ocean_post_video_embed":"","ocean_link_format":"","ocean_link_format_target":"self","ocean_quote_format":"","ocean_quote_format_link":"post","ocean_gallery_link_images":"on","ocean_gallery_id":[]},"categories":[1],"tags":[],"acf":[],"_links":{"self":[{"href":"https:\/\/www.simepe.com.br\/novo\/wp-json\/wp\/v2\/posts\/58486"}],"collection":[{"href":"https:\/\/www.simepe.com.br\/novo\/wp-json\/wp\/v2\/posts"}],"about":[{"href":"https:\/\/www.simepe.com.br\/novo\/wp-json\/wp\/v2\/types\/post"}],"author":[{"embeddable":true,"href":"https:\/\/www.simepe.com.br\/novo\/wp-json\/wp\/v2\/users\/1"}],"replies":[{"embeddable":true,"href":"https:\/\/www.simepe.com.br\/novo\/wp-json\/wp\/v2\/comments?post=58486"}],"version-history":[{"count":1,"href":"https:\/\/www.simepe.com.br\/novo\/wp-json\/wp\/v2\/posts\/58486\/revisions"}],"predecessor-version":[{"id":58487,"href":"https:\/\/www.simepe.com.br\/novo\/wp-json\/wp\/v2\/posts\/58486\/revisions\/58487"}],"wp:attachment":[{"href":"https:\/\/www.simepe.com.br\/novo\/wp-json\/wp\/v2\/media?parent=58486"}],"wp:term":[{"taxonomy":"category","embeddable":true,"href":"https:\/\/www.simepe.com.br\/novo\/wp-json\/wp\/v2\/categories?post=58486"},{"taxonomy":"post_tag","embeddable":true,"href":"https:\/\/www.simepe.com.br\/novo\/wp-json\/wp\/v2\/tags?post=58486"}],"curies":[{"name":"wp","href":"https:\/\/api.w.org\/{rel}","templated":true}]}}