{"id":58492,"date":"2021-03-15T13:51:40","date_gmt":"2021-03-15T16:51:40","guid":{"rendered":"https:\/\/www.simepe.com.br\/novo\/?p=58492"},"modified":"2021-03-15T13:51:40","modified_gmt":"2021-03-15T16:51:40","slug":"gravidas-maes-e-recem-nascidos-sao-colocados-em-corredor-em-hospital-no-recife-denunciam-acompanhantes","status":"publish","type":"post","link":"https:\/\/www.simepe.com.br\/novo\/gravidas-maes-e-recem-nascidos-sao-colocados-em-corredor-em-hospital-no-recife-denunciam-acompanhantes\/","title":{"rendered":"Gr\u00e1vidas, m\u00e3es e rec\u00e9m-nascidos s\u00e3o colocados em corredor em hospital no Recife, denunciam acompanhantes"},"content":{"rendered":"<p style=\"text-align: justify;\">Superlota\u00e7\u00e3o foi criticada por pessoas que acompanharam gestantes e pu\u00e9rperas no Hospital Agamenon Magalh\u00e3es, na Zona Norte, no domingo (14).<\/p>\n<p style=\"text-align: justify;\">Acompanhantes de pacientes denunciaram, nesta segunda-feira (15), a superlota\u00e7\u00e3o na maternidade do Hospital Agamenon Magalh\u00e3es, em Casa Amarela, na Zona Norte do Recife. Segundo quem esteve no local, o domingo (14) foi &#8220;ca\u00f3tico&#8221;, com macas e ber\u00e7os colocados nos corredores (veja v\u00eddeo acima).<\/p>\n<p style=\"text-align: justify;\">\u201cA situa\u00e7\u00e3o \u00e9 uma bomba-rel\u00f3gio. Se alguma pessoa infectada [com Covid-19] entrar l\u00e1, vai ser uma cat\u00e1strofe. As mulheres ficam deitadas no corredor, sejam as gr\u00e1vidas ou as que acabaram de sair do bloco cir\u00fargico. O n\u00edvel de descuido \u00e9 uma coisa que nunca vi na minha vida\u201d, declarou o analista de sistemas Jean Rei, que acompanhou uma paciente no domingo (14).<\/p>\n<p style=\"text-align: justify;\">\nO acompanhante tamb\u00e9m sentiu falta de protocolos sanit\u00e1rios contra a Covid-19 ou de seguran\u00e7a, para controle da entrada de pessoas na unidade de sa\u00fade.<\/p>\n<p style=\"text-align: justify;\">\u201cN\u00e3o pediram minha identifica\u00e7\u00e3o e n\u00e3o mediram minha temperatura. Os acompanhantes entram l\u00e1 com sacolas de supermercado, n\u00e3o tem um controle da higiene\u201d, afirmou.<\/p>\n<p style=\"text-align: justify;\">\u201cConversei com uma enfermeira e ela disse que a Maternidade Barros Lima [da rede municipal do Recife] fechou e est\u00e1 todo mundo indo para l\u00e1. Entendo a situa\u00e7\u00e3o da sa\u00fade no momento, o estado em que se encontra o Hospital Agamenon Magalh\u00e3es \u00e9 uma situa\u00e7\u00e3o surreal\u201d, afirmou.<\/p>\n<p style=\"text-align: justify;\">As mesmas queixas s\u00e3o da comerciante Lila Almeida, que, em vez de celebrar o nascimento do sobrinho-neto no domingo (14), se indignou com a superlota\u00e7\u00e3o na \u00e1rea de maternidade.<\/p>\n<p style=\"text-align: justify;\">\u201cQuando a gente chegou l\u00e1 no s\u00e1bado [13] e conseguiu subir, notou uma quantidade exorbitante de pessoas. No domingo [14] pela manh\u00e3, meu sobrinho-neto nasceu. Na euforia, n\u00e3o olhei para nada, mas quando sa\u00ed, colocaram a m\u00e3e dele na maca no meio do corredor e informaram que n\u00e3o tinha leito para ela ir com a crian\u00e7a\u201d, afirmou a acompanhante.<\/p>\n<p style=\"text-align: justify;\">\nA comerciante relatou, ainda, que h\u00e1 poucos trabalhadores de sa\u00fade para dar conta da demanda de pacientes. \u201cAs enfermeiras s\u00e3o poucas para a quantidade de m\u00e3es que est\u00e3o l\u00e1\u201d, disse.<\/p>\n<p style=\"text-align: justify;\">A t\u00e9cnica em seguran\u00e7a do trabalho Lenny Maria da Silva precisou acompanhar a irm\u00e3, que deu \u00e0 luz no hospital. S\u00f3 ap\u00f3s o nascimento do sobrinho ela teve autoriza\u00e7\u00e3o para ir at\u00e9 o andar em que a irm\u00e3 estava, mas disse n\u00e3o ter conseguido ficar.<\/p>\n<p style=\"text-align: justify;\">\u201cN\u00e3o tinham condi\u00e7\u00f5es f\u00edsicas. E l\u00e1 no Agamenon tem uma \u00e1rea de Covid, ent\u00e3o estamos vulner\u00e1veis\u201d, afirmou.<\/p>\n<p style=\"text-align: justify;\">&#8220;Est\u00e1 um caos. Eu fiquei totalmente desamparada, n\u00e3o tive direito a uma cadeira. Quando consegui uma, quebrada, n\u00e3o tinha espa\u00e7o para colocar. Num espa\u00e7o que n\u00e3o era para ficar obstru\u00eddo, o corredor, havia 47 mulheres&#8221;, disse.<\/p>\n<p style=\"text-align: justify;\"><strong>Resposta do hospital<\/strong><br \/>\nPor meio de nota, a dire\u00e7\u00e3o do Hospital Agamenon Magalh\u00e3es (HAM) \u201creconheceu a grande demanda registrada na maternidade, mas ressaltou que o servi\u00e7o, uma das principais refer\u00eancias estaduais, e diante do atual cen\u00e1rio de pandemia no Pa\u00eds, vem garantindo o atendimento \u00e0 popula\u00e7\u00e3o\u201d.<\/p>\n<p style=\"text-align: justify;\">Ainda segundo a unidade, \u201ca demanda \u00e9 motivada, principalmente, pela retra\u00e7\u00e3o no atendimento de outras unidades da rede em decorr\u00eancia do novo coronav\u00edrus\u201d.<\/p>\n<p style=\"text-align: justify;\">O hospital infirmou que, \u201cal\u00e9m da pouca oferta de servi\u00e7os municipais especializados\u201d, o Agamenon Magalh\u00e3es realiza cerca de 350 partos por m\u00eas.<\/p>\n<p style=\"text-align: justify;\">Sobre a\u00e7\u00f5es para melhorar a situa\u00e7\u00e3o, o hospital disse que \u201cvem adotando uma s\u00e9rie de medidas na maternidade\u201d.<\/p>\n<p style=\"text-align: justify;\">Entre elas est\u00e3o, de acordo com a Secretaria de Sa\u00fade, a restri\u00e7\u00e3o de acompanhantes, \u201cmediante di\u00e1logo com os familiares das pacientes, nos casos em que n\u00e3o \u00e9 necess\u00e1ria a presen\u00e7a\u201d.<\/p>\n<p style=\"text-align: justify;\">Tamb\u00e9m est\u00e3o sendo feitos mutir\u00f5es de avalia\u00e7\u00e3o para altas hospitalares das pacientes e transfer\u00eancias de usu\u00e1rias para outros setores.<\/p>\n<p style=\"text-align: justify;\">\u201cA Central Estadual de Regula\u00e7\u00e3o de Leitos tamb\u00e9m tem atuado para encaminhar pacientes para outras unidades, enquanto h\u00e1 a absor\u00e7\u00e3o das que j\u00e1 est\u00e3o em atendimento\u201d, disse o comunicado.<\/p>\n<p style=\"text-align: justify;\"><strong>Problemas em outro hospital<\/strong><br \/>\nNo Hospital Bar\u00e3o de Lucena, na Zona Oeste do Recife, trabalhadores que preferiram n\u00e3o ser identificados informaram, no domingo (14), que pacientes com suspeita ou confirma\u00e7\u00e3o de Covid-19 ficam em um mesmo local (veja v\u00eddeo acima).<\/p>\n<p style=\"text-align: justify;\">Segundo o funcion\u00e1rio do hospital, as enfermarias est\u00e3o lotadas de pacientes, independentemente do dia. Em alguns casos, ber\u00e7os s\u00e3o colocados entre os leitos para atender \u00e0 demanda de pacientes, o que desrespeita o distanciamento social.<\/p>\n<p style=\"text-align: justify;\"><strong>Entidades m\u00e9dicas pedem socorro<\/strong><br \/>\nEm um pronunciamento divulgado no s\u00e1bado (13), o Sindicato dos M\u00e9dicos de Pernambuco (Simepe), o Conselho Regional de Medicina de Pernambuco (Cremepe), a Academia Pernambucana de Medicina (APM) e a Associa\u00e7\u00e3o M\u00e9dica de Pernambuco (AMPE) afirmaram que &#8220;\u00e9 hora de um esfor\u00e7o conjunto de todos, indistintamente&#8221;, e que n\u00e3o podem admitir &#8220;a falta de leitos, insumos e equipamentos&#8221;.<\/p>\n<p style=\"text-align: justify;\">&#8220;Em nossa realidade, encontramos unidades municipais e estaduais em situa\u00e7\u00f5es ca\u00f3ticas; o sentimento dos profissionais de sa\u00fade \u00e9 de desalento e a sensa\u00e7\u00e3o f\u00edsica, \u00e9 a de exaust\u00e3o. Os m\u00e9dicos se sentem impotentes em n\u00e3o conseguir socorrer, de forma adequada, os pacientes, v\u00edtimas da Covid-19&#8221;, afirmaram as entidades, na nota.<\/p>\n<p style=\"text-align: justify;\"><strong>Coronav\u00edrus em Pernambuco<\/strong><br \/>\nNo domingo (14), com a confirma\u00e7\u00e3o de mais 1.104 casos e 26 \u00f3bitos por Covid-19 em Pernambuco, o estado passou a totalizar 317.528 casos confirmados e 11.383 mortes de pessoas infectadas pelo novo coronav\u00edrus (veja v\u00eddeo acima). Os registros come\u00e7aram em 12 de mar\u00e7o de 2020.<\/p>\n<p style=\"text-align: justify;\"><a href=\"https:\/\/g1.globo.com\/pe\/pernambuco\/noticia\/2021\/03\/15\/gravidas-maes-e-recem-nascidos-sao-colocados-em-corredor-em-hospital-no-recife-denunciam-acompanhantes.ghtml\">Fonte: G1<\/a><\/p>\n","protected":false},"excerpt":{"rendered":"<p>Superlota\u00e7\u00e3o foi criticada por pessoas que acompanharam gestantes e pu\u00e9rperas no Hospital Agamenon Magalh\u00e3es, na Zona Norte, no domingo (14). Acompanhantes de pacientes denunciaram, nesta segunda-feira (15), a superlota\u00e7\u00e3o na maternidade do Hospital Agamenon Magalh\u00e3es, em Casa Amarela, na Zona Norte do Recife. Segundo quem esteve no local, o domingo (14) foi &#8220;ca\u00f3tico&#8221;, com macas [&hellip;]<\/p>\n","protected":false},"author":1,"featured_media":0,"comment_status":"open","ping_status":"open","sticky":false,"template":"","format":"standard","meta":{"ocean_post_layout":"","ocean_both_sidebars_style":"","ocean_both_sidebars_content_width":0,"ocean_both_sidebars_sidebars_width":0,"ocean_sidebar":"","ocean_second_sidebar":"","ocean_disable_margins":"enable","ocean_add_body_class":"","ocean_shortcode_before_top_bar":"","ocean_shortcode_after_top_bar":"","ocean_shortcode_before_header":"","ocean_shortcode_after_header":"","ocean_has_shortcode":"","ocean_shortcode_after_title":"","ocean_shortcode_before_footer_widgets":"","ocean_shortcode_after_footer_widgets":"","ocean_shortcode_before_footer_bottom":"","ocean_shortcode_after_footer_bottom":"","ocean_display_top_bar":"default","ocean_display_header":"default","ocean_header_style":"","ocean_center_header_left_menu":"","ocean_custom_header_template":"","ocean_custom_logo":0,"ocean_custom_retina_logo":0,"ocean_custom_logo_max_width":0,"ocean_custom_logo_tablet_max_width":0,"ocean_custom_logo_mobile_max_width":0,"ocean_custom_logo_max_height":0,"ocean_custom_logo_tablet_max_height":0,"ocean_custom_logo_mobile_max_height":0,"ocean_header_custom_menu":"","ocean_menu_typo_font_family":"","ocean_menu_typo_font_subset":"","ocean_menu_typo_font_size":0,"ocean_menu_typo_font_size_tablet":0,"ocean_menu_typo_font_size_mobile":0,"ocean_menu_typo_font_size_unit":"px","ocean_menu_typo_font_weight":"","ocean_menu_typo_font_weight_tablet":"","ocean_menu_typo_font_weight_mobile":"","ocean_menu_typo_transform":"","ocean_menu_typo_transform_tablet":"","ocean_menu_typo_transform_mobile":"","ocean_menu_typo_line_height":0,"ocean_menu_typo_line_height_tablet":0,"ocean_menu_typo_line_height_mobile":0,"ocean_menu_typo_line_height_unit":"","ocean_menu_typo_spacing":0,"ocean_menu_typo_spacing_tablet":0,"ocean_menu_typo_spacing_mobile":0,"ocean_menu_typo_spacing_unit":"","ocean_menu_link_color":"","ocean_menu_link_color_hover":"","ocean_menu_link_color_active":"","ocean_menu_link_background":"","ocean_menu_link_hover_background":"","ocean_menu_link_active_background":"","ocean_menu_social_links_bg":"","ocean_menu_social_hover_links_bg":"","ocean_menu_social_links_color":"","ocean_menu_social_hover_links_color":"","ocean_disable_title":"default","ocean_disable_heading":"default","ocean_post_title":"","ocean_post_subheading":"","ocean_post_title_style":"","ocean_post_title_background_color":"","ocean_post_title_background":0,"ocean_post_title_bg_image_position":"","ocean_post_title_bg_image_attachment":"","ocean_post_title_bg_image_repeat":"","ocean_post_title_bg_image_size":"","ocean_post_title_height":0,"ocean_post_title_bg_overlay":0.5,"ocean_post_title_bg_overlay_color":"","ocean_disable_breadcrumbs":"default","ocean_breadcrumbs_color":"","ocean_breadcrumbs_separator_color":"","ocean_breadcrumbs_links_color":"","ocean_breadcrumbs_links_hover_color":"","ocean_display_footer_widgets":"default","ocean_display_footer_bottom":"default","ocean_custom_footer_template":"","ocean_post_oembed":"","ocean_post_self_hosted_media":"","ocean_post_video_embed":"","ocean_link_format":"","ocean_link_format_target":"self","ocean_quote_format":"","ocean_quote_format_link":"post","ocean_gallery_link_images":"on","ocean_gallery_id":[]},"categories":[1],"tags":[],"acf":[],"_links":{"self":[{"href":"https:\/\/www.simepe.com.br\/novo\/wp-json\/wp\/v2\/posts\/58492"}],"collection":[{"href":"https:\/\/www.simepe.com.br\/novo\/wp-json\/wp\/v2\/posts"}],"about":[{"href":"https:\/\/www.simepe.com.br\/novo\/wp-json\/wp\/v2\/types\/post"}],"author":[{"embeddable":true,"href":"https:\/\/www.simepe.com.br\/novo\/wp-json\/wp\/v2\/users\/1"}],"replies":[{"embeddable":true,"href":"https:\/\/www.simepe.com.br\/novo\/wp-json\/wp\/v2\/comments?post=58492"}],"version-history":[{"count":1,"href":"https:\/\/www.simepe.com.br\/novo\/wp-json\/wp\/v2\/posts\/58492\/revisions"}],"predecessor-version":[{"id":58493,"href":"https:\/\/www.simepe.com.br\/novo\/wp-json\/wp\/v2\/posts\/58492\/revisions\/58493"}],"wp:attachment":[{"href":"https:\/\/www.simepe.com.br\/novo\/wp-json\/wp\/v2\/media?parent=58492"}],"wp:term":[{"taxonomy":"category","embeddable":true,"href":"https:\/\/www.simepe.com.br\/novo\/wp-json\/wp\/v2\/categories?post=58492"},{"taxonomy":"post_tag","embeddable":true,"href":"https:\/\/www.simepe.com.br\/novo\/wp-json\/wp\/v2\/tags?post=58492"}],"curies":[{"name":"wp","href":"https:\/\/api.w.org\/{rel}","templated":true}]}}