{"id":58497,"date":"2021-03-12T14:00:42","date_gmt":"2021-03-12T17:00:42","guid":{"rendered":"https:\/\/www.simepe.com.br\/novo\/?p=58497"},"modified":"2021-03-15T14:11:12","modified_gmt":"2021-03-15T17:11:12","slug":"medicos-e-pacientes-denunciam-superlotacao-na-emergencia-pediatrica-do-hospital-barao-de-lucena","status":"publish","type":"post","link":"https:\/\/www.simepe.com.br\/novo\/medicos-e-pacientes-denunciam-superlotacao-na-emergencia-pediatrica-do-hospital-barao-de-lucena\/","title":{"rendered":"M\u00e9dicos e pacientes denunciam superlota\u00e7\u00e3o na emerg\u00eancia pedi\u00e1trica do Hospital Bar\u00e3o de Lucena"},"content":{"rendered":"<p style=\"text-align: justify;\">Sindicato dos M\u00e9dicos esteve no local e confirmou a den\u00fancia. Dire\u00e7\u00e3o da unidade de sa\u00fade reconhece a demanda de pacientes<\/p>\n<p style=\"text-align: justify;\">M\u00e9dicos e familiares de crian\u00e7as que necessitam de atendimento no Hospital Bar\u00e3o de Lucena, unidade da rede p\u00fablica estadual que funciona na Iputinga, Zona Oeste do Recife, denunciam que a emerg\u00eancia pedi\u00e1trica tem estado superlotada nas \u00faltimas semanas. A preocupa\u00e7\u00e3o \u00e9 maior por causa da pandemia de covid-19, que exige, entre outras medidas para evitar a contamina\u00e7\u00e3o, que n\u00e3o haja aglomera\u00e7\u00e3o. Na quinta-feira passada (11), a situa\u00e7\u00e3o se complicou porque pacientes graves demoraram a ser transferidos para a UTI porque havia uma infesta\u00e7\u00e3o de formigas no local.<\/p>\n<p style=\"text-align: justify;\">&#8220;\u00c9 esperado, todos os anos, nesta \u00e9poca de mar\u00e7o a julho, que haja mais procura porque surgem mais doen\u00e7as respirat\u00f3rias nas crian\u00e7as. \u00c9 uma realidade em todas as emerg\u00eancias pedi\u00e1tricas e n\u00e3o s\u00f3 no Bar\u00e3o de Lucena. Somado a isso, tem a pandemia, o que aumenta o risco de adoecimento. Infelizmente a superlota\u00e7\u00e3o vai persistir, porque o povo est\u00e1 adoecendo e os governos n\u00e3o se programaram para esse momento que estamos vivendo, embora tenham conhecimento do cen\u00e1rio&#8221;, ressalta a presidente do Sindicato dos M\u00e9dicos de Pernambuco (Simepe), Cl\u00e1udia Beatriz Andrade.<\/p>\n<p style=\"text-align: justify;\">\nA inexist\u00eancia de emerg\u00eancias pedi\u00e1tricas em muitos munic\u00edpios, diz Cl\u00e1udia, \u00e9 outro motivo para explicar a superlota\u00e7\u00e3o nas unidades de sa\u00fade que oferecem o servi\u00e7o no Recife. &#8220;Cidades como Abreu e Lima, Paulista e Camaragibe, por exemplo, fecharam as emerg\u00eancias que atendem crian\u00e7as. Isso obriga os pacientes dessas cidades a procurarem os hospitais da capital&#8221;, observa a presidente do Simepe. &#8220;Outro problema \u00e9 que o governo estadual focou muito na estrutura para atender os doentes de covid-19, o que \u00e9 correto. Mas n\u00e3o pode deixar de investir nas outras \u00e1reas&#8221;, diz Cl\u00e1udia.<\/p>\n<p style=\"text-align: justify;\">\nA partir das den\u00fancias, o Simepe fez uma fiscaliza\u00e7\u00e3o no Bar\u00e3o de Lucena na semana passada e constatou a superlota\u00e7\u00e3o. Segundo Cl\u00e1udia, outra queixa foi na demora da libera\u00e7\u00e3o de resultados dos exames. &#8220;Tivemos uma reuni\u00e3o com o secret\u00e1rio estadual de Sa\u00fade, Andr\u00e9 Longo, e ele informou que ser\u00e3o abertos novos leitos de pediatria nos pr\u00f3ximos dias. Citou aumento em pelo menos duas unidades: 10 vagas no Imip, no Recife, e 10 no Tricenten\u00e1rio, em Olinda&#8221;, afirma a presidente do Simepe.<\/p>\n<p style=\"text-align: justify;\">\nAtualmente, o Hospital Bar\u00e3o de Lucena \u00e9 um hospital geral da alta complexidade com foco em atendimento materno-infantil. Possui 340 leitos. No ambulat\u00f3rio, segundo a Secretaria de Sa\u00fade,\u00a0s\u00e3o realizadas consultas com v\u00e1rias especialidades pedi\u00e1tricas, vascular, cirurgia geral, ginecologia, mastologia, proctologia e pr\u00e9-natal de alto risco.<\/p>\n<p style=\"text-align: justify;\">\n<strong> RESPOSTA<\/strong><\/p>\n<p style=\"text-align: justify;\">A Secretaria Estadual de Sa\u00fade informa, por meio de nota, que &#8220;a dire\u00e7\u00e3o do Hospital Bar\u00e3o de Lucena (HBL) reconhece a demanda de pacientes pedi\u00e1tricos na emerg\u00eancia e ressalta que n\u00e3o nega acolhimento a nenhum usu\u00e1rio que procure atendimento m\u00e9dico. A maioria dos casos que chegaram \u00e0 unidade hospitalar, nas \u00faltimas semanas, est\u00e1 relacionado \u00e0s viroses sazonais desse per\u00edodo do ano&#8221;.<\/p>\n<p style=\"text-align: justify;\">\nO \u00f3rg\u00e3o diz ainda que &#8220;a m\u00e9dia de pacientes atendidos por m\u00eas na emerg\u00eancia pedi\u00e1trica \u00e9 de 500 crian\u00e7as, sendo que menos de 50% correspondem a moradores da Regi\u00e3o Metropolitana do Recife (RMR) e grande parte dos casos poderiam ser tratados nos servi\u00e7os de baixa e m\u00e9dia complexidade das redes municipais&#8221;, enfatiza.<\/p>\n<p style=\"text-align: justify;\">\n&#8220;A dire\u00e7\u00e3o do HBL destaca que, devido ao crescente n\u00famero de pacientes que buscaram a unidade, tem trabalhado para melhorar a rotatividade dos leitos, agilizando a realiza\u00e7\u00e3o de exames e procedimentos para posterior alta m\u00e9dica, quando s\u00e3o casos leves; e se necess\u00e1rio, fazendo o encaminhamento para outros servi\u00e7os da rede de assist\u00eancia&#8221;, complementa.<\/p>\n<p style=\"text-align: justify;\">\n<strong>FORMIGAS<\/strong><br \/>\nPor fim, sobre a den\u00fancia da infesta\u00e7\u00e3o de formigas na UTI, na \u00faltima quinta-feira, a Secretaria de Sa\u00fade de Pernambuco esclarece que o Hospital Bar\u00e3o de Lucena realizada, &#8220;de forma rotineira, limpeza e dedetiza\u00e7\u00e3o em diversos setores da unidade. A dire\u00e7\u00e3o pediu refor\u00e7o para a empresa dedetizadora e de limpeza terceirizadas para manuten\u00e7\u00e3o dos servi\u00e7os. Ap\u00f3s conclus\u00e3o, todas as transfer\u00eancias foram realizadas e nenhum paciente deixou de ser admitido no setor.<\/p>\n<p style=\"text-align: justify;\"><a href=\"https:\/\/jc.ne10.uol.com.br\/pernambuco\/2021\/03\/12039737-medicos-e-pacientes-denunciam-superlotacao-na-emergencia-pediatrica-do-hospital-barao-de-lucena.html\">Fonte: Jornal do Commercio<\/a><\/p>\n","protected":false},"excerpt":{"rendered":"<p>Sindicato dos M\u00e9dicos esteve no local e confirmou a den\u00fancia. Dire\u00e7\u00e3o da unidade de sa\u00fade reconhece a demanda de pacientes M\u00e9dicos e familiares de crian\u00e7as que necessitam de atendimento no Hospital Bar\u00e3o de Lucena, unidade da rede p\u00fablica estadual que funciona na Iputinga, Zona Oeste do Recife, denunciam que a emerg\u00eancia pedi\u00e1trica tem estado superlotada [&hellip;]<\/p>\n","protected":false},"author":1,"featured_media":0,"comment_status":"open","ping_status":"open","sticky":false,"template":"","format":"standard","meta":{"ocean_post_layout":"","ocean_both_sidebars_style":"","ocean_both_sidebars_content_width":0,"ocean_both_sidebars_sidebars_width":0,"ocean_sidebar":"","ocean_second_sidebar":"","ocean_disable_margins":"enable","ocean_add_body_class":"","ocean_shortcode_before_top_bar":"","ocean_shortcode_after_top_bar":"","ocean_shortcode_before_header":"","ocean_shortcode_after_header":"","ocean_has_shortcode":"","ocean_shortcode_after_title":"","ocean_shortcode_before_footer_widgets":"","ocean_shortcode_after_footer_widgets":"","ocean_shortcode_before_footer_bottom":"","ocean_shortcode_after_footer_bottom":"","ocean_display_top_bar":"default","ocean_display_header":"default","ocean_header_style":"","ocean_center_header_left_menu":"","ocean_custom_header_template":"","ocean_custom_logo":0,"ocean_custom_retina_logo":0,"ocean_custom_logo_max_width":0,"ocean_custom_logo_tablet_max_width":0,"ocean_custom_logo_mobile_max_width":0,"ocean_custom_logo_max_height":0,"ocean_custom_logo_tablet_max_height":0,"ocean_custom_logo_mobile_max_height":0,"ocean_header_custom_menu":"","ocean_menu_typo_font_family":"","ocean_menu_typo_font_subset":"","ocean_menu_typo_font_size":0,"ocean_menu_typo_font_size_tablet":0,"ocean_menu_typo_font_size_mobile":0,"ocean_menu_typo_font_size_unit":"px","ocean_menu_typo_font_weight":"","ocean_menu_typo_font_weight_tablet":"","ocean_menu_typo_font_weight_mobile":"","ocean_menu_typo_transform":"","ocean_menu_typo_transform_tablet":"","ocean_menu_typo_transform_mobile":"","ocean_menu_typo_line_height":0,"ocean_menu_typo_line_height_tablet":0,"ocean_menu_typo_line_height_mobile":0,"ocean_menu_typo_line_height_unit":"","ocean_menu_typo_spacing":0,"ocean_menu_typo_spacing_tablet":0,"ocean_menu_typo_spacing_mobile":0,"ocean_menu_typo_spacing_unit":"","ocean_menu_link_color":"","ocean_menu_link_color_hover":"","ocean_menu_link_color_active":"","ocean_menu_link_background":"","ocean_menu_link_hover_background":"","ocean_menu_link_active_background":"","ocean_menu_social_links_bg":"","ocean_menu_social_hover_links_bg":"","ocean_menu_social_links_color":"","ocean_menu_social_hover_links_color":"","ocean_disable_title":"default","ocean_disable_heading":"default","ocean_post_title":"","ocean_post_subheading":"","ocean_post_title_style":"","ocean_post_title_background_color":"","ocean_post_title_background":0,"ocean_post_title_bg_image_position":"","ocean_post_title_bg_image_attachment":"","ocean_post_title_bg_image_repeat":"","ocean_post_title_bg_image_size":"","ocean_post_title_height":0,"ocean_post_title_bg_overlay":0.5,"ocean_post_title_bg_overlay_color":"","ocean_disable_breadcrumbs":"default","ocean_breadcrumbs_color":"","ocean_breadcrumbs_separator_color":"","ocean_breadcrumbs_links_color":"","ocean_breadcrumbs_links_hover_color":"","ocean_display_footer_widgets":"default","ocean_display_footer_bottom":"default","ocean_custom_footer_template":"","ocean_post_oembed":"","ocean_post_self_hosted_media":"","ocean_post_video_embed":"","ocean_link_format":"","ocean_link_format_target":"self","ocean_quote_format":"","ocean_quote_format_link":"post","ocean_gallery_link_images":"on","ocean_gallery_id":[]},"categories":[1],"tags":[],"acf":[],"_links":{"self":[{"href":"https:\/\/www.simepe.com.br\/novo\/wp-json\/wp\/v2\/posts\/58497"}],"collection":[{"href":"https:\/\/www.simepe.com.br\/novo\/wp-json\/wp\/v2\/posts"}],"about":[{"href":"https:\/\/www.simepe.com.br\/novo\/wp-json\/wp\/v2\/types\/post"}],"author":[{"embeddable":true,"href":"https:\/\/www.simepe.com.br\/novo\/wp-json\/wp\/v2\/users\/1"}],"replies":[{"embeddable":true,"href":"https:\/\/www.simepe.com.br\/novo\/wp-json\/wp\/v2\/comments?post=58497"}],"version-history":[{"count":1,"href":"https:\/\/www.simepe.com.br\/novo\/wp-json\/wp\/v2\/posts\/58497\/revisions"}],"predecessor-version":[{"id":58498,"href":"https:\/\/www.simepe.com.br\/novo\/wp-json\/wp\/v2\/posts\/58497\/revisions\/58498"}],"wp:attachment":[{"href":"https:\/\/www.simepe.com.br\/novo\/wp-json\/wp\/v2\/media?parent=58497"}],"wp:term":[{"taxonomy":"category","embeddable":true,"href":"https:\/\/www.simepe.com.br\/novo\/wp-json\/wp\/v2\/categories?post=58497"},{"taxonomy":"post_tag","embeddable":true,"href":"https:\/\/www.simepe.com.br\/novo\/wp-json\/wp\/v2\/tags?post=58497"}],"curies":[{"name":"wp","href":"https:\/\/api.w.org\/{rel}","templated":true}]}}