{"id":58505,"date":"2021-03-16T09:34:58","date_gmt":"2021-03-16T12:34:58","guid":{"rendered":"https:\/\/www.simepe.com.br\/novo\/?p=58505"},"modified":"2021-03-16T09:34:58","modified_gmt":"2021-03-16T12:34:58","slug":"secretarios-apresentam-cenario-da-covid-19","status":"publish","type":"post","link":"https:\/\/www.simepe.com.br\/novo\/secretarios-apresentam-cenario-da-covid-19\/","title":{"rendered":"Secret\u00e1rios apresentam cen\u00e1rio da Covid-19"},"content":{"rendered":"<p>Ap\u00f3s o governador Paulo C\u00e2mara decretar quarentena a partir da pr\u00f3xima quinta-feira (18.03), o secret\u00e1rio de Sa\u00fade, Andr\u00e9 Longo, refor\u00e7ou, em coletiva online nesta segunda-feira (15.03), a import\u00e2ncia de todos os pernambucanos seguirem as medidas sanit\u00e1rias. Longo e o secret\u00e1rio de Planejamento e Gest\u00e3o, Alexandre Rebelo, apresentaram o cen\u00e1rio atual da Covid-19 em todo o Estado, assim como o quadro geral de leitos de UTI vagos e ocupados, n\u00fameros de interna\u00e7\u00f5es por semana e de pessoas vacinadas de acordo com cada uma das Ger\u00eancias Regionais de Sa\u00fade do Estado(Geres).<\/p>\n<p>\u201cO Governo de Pernambuco vai continuar fazendo sua parte. Mas, sozinho, esse esfor\u00e7o vai ter um impacto muito limitado. \u00c9 preciso a compreens\u00e3o de todos. Volto a fazer um apelo em nome da sa\u00fade de Pernambuco e pela da vida dos pernambucanos: seja um agente de prote\u00e7\u00e3o. Fa\u00e7a sua parte, fique em casa. A miss\u00e3o de cada um de n\u00f3s, durante estes pr\u00f3ximos dias, \u00e9 proteger a vida e evitar que ainda mais pessoas se contaminem e morram v\u00edtimas da covid-19\u201d, afirmou Andr\u00e9 Longo.<\/p>\n<p>Entre os dados apresentados por Alexandre Rebelo sobre a pandemia est\u00e1 o de que, h\u00e1 cinco dias, Pernambuco vem internando mais de 100 pessoas em leitos de UTI, representando uma grande demanda. \u201cN\u00f3s nunca tivemos tantas pessoas internadas em leitos p\u00fablicos de UTI desde 12 de mar\u00e7o de 2020. Foi por esse motivo e pela enorme press\u00e3o sobre o sistema de sa\u00fade do Estado que o Governo de Pernambuco decretou a quarentena\u201d, disse Rebelo.<\/p>\n<p>O procurador-geral do Estado, Ernani Medicis, tamb\u00e9m participou da coletiva online e detalhou atividades com servi\u00e7os suspensos e outras que continuar\u00e3o funcionando no Estado durante o per\u00edodo de quarentena. Ele esclareceu, entre outros pontos, que os servi\u00e7os de delivery de qualquer produto ou mercadoria est\u00e3o autorizados.<\/p>\n<p>Medicis informou ainda que consult\u00f3rios m\u00e9dicos, odontol\u00f3gicos, cl\u00ednicas e hospitais, laborat\u00f3rios e demais estabelecimentos relacionados \u00e0 \u00e1rea de sa\u00fade dever\u00e3o observar a portaria do secret\u00e1rio de sa\u00fade, uma vez que ser\u00e3o divulgadas v\u00e1rias restri\u00e7\u00f5es relacionadas a esse tipo de presta\u00e7\u00e3o de servi\u00e7o. O procurador-geral acrescentou que a lista completa de estabelecimentos que poder\u00e3o continuar funcionando de forma presencial estar\u00e1 no decreto do governador que ser\u00e1 publicado no Di\u00e1rio Oficial do Estado nesta ter\u00e7a-feira (17.03).<\/p>\n<p><strong>REFOR\u00c7O<\/strong>\u00a0\u2013 Na coletiva online, Andr\u00e9 Longo informou que Pernambuco recebeu mais 75 respiradores para refor\u00e7ar a rede de assist\u00eancia aos pacientes suspeitos e confirmados da Covid-19. Os novos equipamentos ser\u00e3o enviados para os hospitais regionais de Afogados da Ingazeira, Arcoverde, Salgueiro e Palmares, al\u00e9m do Hospital Eduardo Campos, em Serra Talhada. A Secretaria de Sa\u00fade j\u00e1 tinha adquirido outros 79 respiradores na semana passada, totalizando 519 desde o in\u00edcio da pandemia. Ainda s\u00e3o esperados mais 75 aparelhos nos pr\u00f3ximos dias. Tamb\u00e9m detalhou a abertura de mais leitos de UTI em todo o Estado. Na \u00faltima semana, 180 novas vagas foram disponibilizadas, e ao todo j\u00e1 s\u00e3o 2.321 leitos no territ\u00f3rio pernambucano, sendo 1.253 de UTI.<\/p>\n<p>A expectativa \u00e9 que, nas pr\u00f3ximas horas, mais 12 vagas de UTI do Hospital Eduardo Campos da Pessoa Idosa, no Recife, passem a receber pacientes encaminhados pela Central de Regula\u00e7\u00e3o de Leitos. Para esta ter\u00e7a, outros dez leitos de UTI pedi\u00e1trica devem entrar em funcionamento no Imip. Al\u00e9m disso, continua aberto o edital para contratar vagas nas redes privada e filantr\u00f3pica.<\/p>\n<p>Fonte: Secretaria Estadual de Sa\u00fade (SES)<\/p>\n","protected":false},"excerpt":{"rendered":"<p>Ap\u00f3s o governador Paulo C\u00e2mara decretar quarentena a partir da pr\u00f3xima quinta-feira (18.03), o secret\u00e1rio de Sa\u00fade, Andr\u00e9 Longo, refor\u00e7ou, em coletiva online nesta segunda-feira (15.03), a import\u00e2ncia de todos os pernambucanos seguirem as medidas sanit\u00e1rias. Longo e o secret\u00e1rio de Planejamento e Gest\u00e3o, Alexandre Rebelo, apresentaram o cen\u00e1rio atual da Covid-19 em todo o [&hellip;]<\/p>\n","protected":false},"author":1,"featured_media":0,"comment_status":"open","ping_status":"open","sticky":false,"template":"","format":"standard","meta":{"ocean_post_layout":"","ocean_both_sidebars_style":"","ocean_both_sidebars_content_width":0,"ocean_both_sidebars_sidebars_width":0,"ocean_sidebar":"","ocean_second_sidebar":"","ocean_disable_margins":"enable","ocean_add_body_class":"","ocean_shortcode_before_top_bar":"","ocean_shortcode_after_top_bar":"","ocean_shortcode_before_header":"","ocean_shortcode_after_header":"","ocean_has_shortcode":"","ocean_shortcode_after_title":"","ocean_shortcode_before_footer_widgets":"","ocean_shortcode_after_footer_widgets":"","ocean_shortcode_before_footer_bottom":"","ocean_shortcode_after_footer_bottom":"","ocean_display_top_bar":"default","ocean_display_header":"default","ocean_header_style":"","ocean_center_header_left_menu":"","ocean_custom_header_template":"","ocean_custom_logo":0,"ocean_custom_retina_logo":0,"ocean_custom_logo_max_width":0,"ocean_custom_logo_tablet_max_width":0,"ocean_custom_logo_mobile_max_width":0,"ocean_custom_logo_max_height":0,"ocean_custom_logo_tablet_max_height":0,"ocean_custom_logo_mobile_max_height":0,"ocean_header_custom_menu":"","ocean_menu_typo_font_family":"","ocean_menu_typo_font_subset":"","ocean_menu_typo_font_size":0,"ocean_menu_typo_font_size_tablet":0,"ocean_menu_typo_font_size_mobile":0,"ocean_menu_typo_font_size_unit":"px","ocean_menu_typo_font_weight":"","ocean_menu_typo_font_weight_tablet":"","ocean_menu_typo_font_weight_mobile":"","ocean_menu_typo_transform":"","ocean_menu_typo_transform_tablet":"","ocean_menu_typo_transform_mobile":"","ocean_menu_typo_line_height":0,"ocean_menu_typo_line_height_tablet":0,"ocean_menu_typo_line_height_mobile":0,"ocean_menu_typo_line_height_unit":"","ocean_menu_typo_spacing":0,"ocean_menu_typo_spacing_tablet":0,"ocean_menu_typo_spacing_mobile":0,"ocean_menu_typo_spacing_unit":"","ocean_menu_link_color":"","ocean_menu_link_color_hover":"","ocean_menu_link_color_active":"","ocean_menu_link_background":"","ocean_menu_link_hover_background":"","ocean_menu_link_active_background":"","ocean_menu_social_links_bg":"","ocean_menu_social_hover_links_bg":"","ocean_menu_social_links_color":"","ocean_menu_social_hover_links_color":"","ocean_disable_title":"default","ocean_disable_heading":"default","ocean_post_title":"","ocean_post_subheading":"","ocean_post_title_style":"","ocean_post_title_background_color":"","ocean_post_title_background":0,"ocean_post_title_bg_image_position":"","ocean_post_title_bg_image_attachment":"","ocean_post_title_bg_image_repeat":"","ocean_post_title_bg_image_size":"","ocean_post_title_height":0,"ocean_post_title_bg_overlay":0.5,"ocean_post_title_bg_overlay_color":"","ocean_disable_breadcrumbs":"default","ocean_breadcrumbs_color":"","ocean_breadcrumbs_separator_color":"","ocean_breadcrumbs_links_color":"","ocean_breadcrumbs_links_hover_color":"","ocean_display_footer_widgets":"default","ocean_display_footer_bottom":"default","ocean_custom_footer_template":"","ocean_post_oembed":"","ocean_post_self_hosted_media":"","ocean_post_video_embed":"","ocean_link_format":"","ocean_link_format_target":"self","ocean_quote_format":"","ocean_quote_format_link":"post","ocean_gallery_link_images":"on","ocean_gallery_id":[]},"categories":[9],"tags":[1420,1490,82],"acf":[],"_links":{"self":[{"href":"https:\/\/www.simepe.com.br\/novo\/wp-json\/wp\/v2\/posts\/58505"}],"collection":[{"href":"https:\/\/www.simepe.com.br\/novo\/wp-json\/wp\/v2\/posts"}],"about":[{"href":"https:\/\/www.simepe.com.br\/novo\/wp-json\/wp\/v2\/types\/post"}],"author":[{"embeddable":true,"href":"https:\/\/www.simepe.com.br\/novo\/wp-json\/wp\/v2\/users\/1"}],"replies":[{"embeddable":true,"href":"https:\/\/www.simepe.com.br\/novo\/wp-json\/wp\/v2\/comments?post=58505"}],"version-history":[{"count":1,"href":"https:\/\/www.simepe.com.br\/novo\/wp-json\/wp\/v2\/posts\/58505\/revisions"}],"predecessor-version":[{"id":58506,"href":"https:\/\/www.simepe.com.br\/novo\/wp-json\/wp\/v2\/posts\/58505\/revisions\/58506"}],"wp:attachment":[{"href":"https:\/\/www.simepe.com.br\/novo\/wp-json\/wp\/v2\/media?parent=58505"}],"wp:term":[{"taxonomy":"category","embeddable":true,"href":"https:\/\/www.simepe.com.br\/novo\/wp-json\/wp\/v2\/categories?post=58505"},{"taxonomy":"post_tag","embeddable":true,"href":"https:\/\/www.simepe.com.br\/novo\/wp-json\/wp\/v2\/tags?post=58505"}],"curies":[{"name":"wp","href":"https:\/\/api.w.org\/{rel}","templated":true}]}}