{"id":58510,"date":"2021-03-16T09:49:46","date_gmt":"2021-03-16T12:49:46","guid":{"rendered":"https:\/\/www.simepe.com.br\/novo\/?p=58510"},"modified":"2021-03-16T09:49:46","modified_gmt":"2021-03-16T12:49:46","slug":"pazuello-deixa-ministerio-investigado-pela-pf-e-durante-pior-momento-da-pandemia","status":"publish","type":"post","link":"https:\/\/www.simepe.com.br\/novo\/pazuello-deixa-ministerio-investigado-pela-pf-e-durante-pior-momento-da-pandemia\/","title":{"rendered":"Pazuello deixa minist\u00e9rio investigado pela PF e durante pior momento da pandemia"},"content":{"rendered":"<p><em>O general alegou problemas de sa\u00fade ao sair do minist\u00e9rio.<\/em><\/p>\n<p>Respons\u00e1vel pela gest\u00e3o da sa\u00fade no Brasil durante a maior parte da pandemia da Covid-19, o general Eduardo Pazuello deixa o cargo de ministro suspeito de crimes, investigado pela Pol\u00edcia Federal e com o pa\u00eds batendo recorde de mortes pela doen\u00e7a.<\/p>\n<p>General da ativa do Ex\u00e9rcito, Pazuello chegou ao Minist\u00e9rio da Sa\u00fade em abril de 2020, na demiss\u00e3o de Luiz Henrique Mandetta (DEM) da pasta, que discordava publicamente do presidente Jair Bolsonaro (sem partido) sobre a necessidade de medidas de distanciamento social para conter o avan\u00e7o da pandemia.<\/p>\n<p>Ao escolher o m\u00e9dico Nelson Teich para ficar no lugar do democrata, Bolsonaro colocou Pazuello, que n\u00e3o tinha experi\u00eancia em gest\u00e3o de sa\u00fade, como secret\u00e1rio-executivo do minist\u00e9rio, sob a justificativa de &#8220;coordenar a transi\u00e7\u00e3o&#8221; entre os dois ministros.<\/p>\n<p>Na pr\u00e1tica, por\u00e9m, Pazuello se tornou uma esp\u00e9cie de representante do presidente dentro da pasta para evitar que Bolsonaro fosse desautorizado novamente por um subordinado. \u00c0 \u00e9poca, o general foi incensado como um &#8220;especialista em log\u00edstica&#8221;, representante da &#8220;expertise&#8221; dos militares em lidar com situa\u00e7\u00f5es de crise.<\/p>\n<p>Menos de um m\u00eas depois, quando Teich pediu demiss\u00e3o, em 15 de maio, o general assumiu o posto titular \u2013 a princ\u00edpio provisoriamente, e em setembro, efetivado.<\/p>\n<p>O terceiro ministro da Sa\u00fade de Bolsonaro passou a acumular pol\u00eamicas logo no in\u00edcio da sua gest\u00e3o.<br \/>\nSob seu comando, o minist\u00e9rio deixou de divulgar informa\u00e7\u00f5es sobre o total de casos e mortes pela Covid no pa\u00eds, o que levou ve\u00edculos de imprensa a criarem um cons\u00f3rcio para divulgar os dados por conta pr\u00f3pria.<\/p>\n<p>Desde o in\u00edcio de sua gest\u00e3o, Pazuello defendeu a cloroquina e da hidroxicloroquina como medicamentos eficientes para o tratamento da Covid-19, mesmo sem evid\u00eancias cient\u00edficas que corroborem, inclusive com risco \u00e0 sa\u00fade dos pacientes.<br \/>\nLogo que assumiu, o Minist\u00e9rio da Sa\u00fade divulgou um documento que amplia a possibilidade do uso dos rem\u00e9dios, usados contra a mal\u00e1ria l\u00fapus, para casos leves de pacientes com Covid-19.<\/p>\n<p>Sob a gest\u00e3o do general, o Brasil recebeu 3 milh\u00f5es de comprimidos dos Estados Unidos e usou recursos do SUS para distribu\u00ed-los pelo pa\u00eds.<\/p>\n<p>Ap\u00f3s questionamentos do Tribunal de Contas da Uni\u00e3o, Pazuello afirmou, em janeiro deste ano, que nunca indicou medicamentos para tratamento da doen\u00e7a. &#8220;Eu nunca indiquei medicamentos para ningu\u00e9m, nunca autorizei o Minist\u00e9rio da Sa\u00fade a fazer protocolos indicando medicamentos.&#8221;<\/p>\n<p>Apesar da declara\u00e7\u00e3o do ministro, a Sa\u00fade tem em seu site um guia com orienta\u00e7\u00e3o para &#8220;manuseio medicamentoso precoce de pacientes com diagn\u00f3stico da Covid-19&#8221;.<\/p>\n<p>O pr\u00f3prio Pazuello em janeiro lan\u00e7ou em Manaus um aplicativo, voltado a profissionais de sa\u00fade, que estimula a prescri\u00e7\u00e3o dos medicamentos sem efic\u00e1cia comprovada contra o coronav\u00edrus.<\/p>\n<p>O TrateCov sugeria a prescri\u00e7\u00e3o de hidroxicloroquina, cloroquina, ivermectina, azitromicina e doxiciclina, a partir de uma pontua\u00e7\u00e3o definida pelos sintomas do paciente ap\u00f3s o diagn\u00f3stico de Covid \u2014 a recomenda\u00e7\u00e3o era feita mesmo a pacientes com sintomas leves, como dor de cabe\u00e7a, e crian\u00e7as.<br \/>\nReportagem do jornal Folha de S.Paulo em janeiro deste ano mostrou, tamb\u00e9m, que o minist\u00e9rio pressionou a Prefeitura de Manaus a distribuir o medicamento, afirmando ser &#8220;inadmiss\u00edvel&#8221; a n\u00e3o ado\u00e7\u00e3o do chamado &#8220;tratamento precoce&#8221;, coquetel de medicamentos que a ci\u00eancia considera ineficazes para tratar a doen\u00e7a.<br \/>\nA crise em Manaus acabou por catalisar o desgaste do ministro. Com a explos\u00e3o de novos casos e mortes pela doen\u00e7a no come\u00e7o deste ano na capital amazonense, a cidade ficou desabastecida de oxig\u00eanio hospitalar e doentes come\u00e7aram a morrer asfixiados.<\/p>\n<p>Reportagem publicada na Folha de S.Paulo mostrou que h\u00e1 pelo menos 11 ind\u00edcios de que a c\u00fapula do minist\u00e9rio tinha conhecimento pr\u00e9vio sobre a escassez do g\u00e1s e se omitiu.<\/p>\n<p>Pela crise em Manaus, Pazuello \u00e9 investigado pela Pol\u00edcia Federal, com autoriza\u00e7\u00e3o do Supremo Tribunal Federal. Na peti\u00e7\u00e3o em que pediu a instaura\u00e7\u00e3o do inqu\u00e9rito, o procurador-geral da Rep\u00fablica, Augusto Aras, disse que que Pazuello tinha &#8220;dever legal e possibilidade de agir para mitigar os resultados&#8221; e que uma eventual omiss\u00e3o seria pass\u00edvel de responsabiliza\u00e7\u00e3o c\u00edvel, administrativa ou criminal.<\/p>\n<p>Como general fora do cargo, por\u00e9m, o caso pode passar \u00e0 primeira inst\u00e2ncia.<\/p>\n<p>Al\u00e9m dessa investiga\u00e7\u00e3o, senadores tentam abrir uma CPI (Comiss\u00e3o Parlamentar de Inqu\u00e9rito) para apurar as a\u00e7\u00f5es e omiss\u00f5es do governo federal no enfrentamento \u00e0 pandemia.<\/p>\n<p>O ministro tem sido o principal alvo de cr\u00edticas pela escassez de vacinas contra a Covid-19 no Brasil.<\/p>\n<p>O governo brasileiro rejeitou no ano passado proposta da farmac\u00eautica Pfizer que previa 70 milh\u00f5es de doses do imunizante at\u00e9 dezembro deste ano. Do total, 3 milh\u00f5es poderiam ter sido entregues em fevereiro. A farmac\u00eautica fez a primeira oferta em 14 de agosto de 2020, conforme mostrou reportagem da Folha de S.Paulo, mas os contratos n\u00e3o foram assinados.<br \/>\nAntes disso, em outubro do ano passado, Pazuello chegou a anunciar que o Minist\u00e9rio da Sa\u00fade havia comprado as 46 milh\u00f5es de doses da Coronavac, vacina desenvolvida pelo laborat\u00f3rio chin\u00eas Sinovac e importada pelo governador de S\u00e3o Paulo, Jo\u00e3o Doria (PSDB).<br \/>\nEm meio \u00e0 briga pol\u00edtica entre Doria e Bolsonaro, o presidente desautorizou o ministro da Sa\u00fade em rede social, falou em trai\u00e7\u00e3o e disse que o pa\u00eds n\u00e3o compraria &#8220;a vacina chinesa de Jo\u00e3o Doria&#8221;. Em janeiro deste ano, por\u00e9m, o governo voltou atr\u00e1s e fechou acordo para comprar o imunizante, em contrato estendido para 100 milh\u00f5es de doses no m\u00eas seguinte.<\/p>\n<p>A vacina\u00e7\u00e3o no pa\u00eds ainda inclui outro epis\u00f3dio aned\u00f3tico. No fim de fevereiro, o estado do Amazonas esperava receber 78 mil doses do imunizante, mas chegaram apenas 2.000. J\u00e1 o Amap\u00e1, com popula\u00e7\u00e3o bem menor, viu chegarem 78 mil doses, n\u00e3o as 2.000 previstas. Secret\u00e1rios de sa\u00fade na ocasi\u00e3o afirmaram que a pasta confundiu os dois estados do norte do pa\u00eds.<br \/>\nAgora, quando o general deixa a Esplanada dos Minist\u00e9rios, o pa\u00eds enfrenta o pior momento da pandemia, sem vislumbre de uma situa\u00e7\u00e3o melhor no horizonte pr\u00f3ximo. O Brasil \u00e9 atualmente o pa\u00eds onde mais se morre pela doen\u00e7a.<br \/>\nAt\u00e9 esta segunda-feira (15), 279.602 pessoas haviam morrido de Covid em pouco mais de um ano de pandemia, e a doen\u00e7a est\u00e1 em acelera\u00e7\u00e3o em boa parte das cidades brasileiras.<\/p>\n<p>Fonte: Folha de Pernambuco<\/p>\n","protected":false},"excerpt":{"rendered":"<p>O general alegou problemas de sa\u00fade ao sair do minist\u00e9rio. Respons\u00e1vel pela gest\u00e3o da sa\u00fade no Brasil durante a maior parte da pandemia da Covid-19, o general Eduardo Pazuello deixa o cargo de ministro suspeito de crimes, investigado pela Pol\u00edcia Federal e com o pa\u00eds batendo recorde de mortes pela doen\u00e7a. General da ativa do [&hellip;]<\/p>\n","protected":false},"author":1,"featured_media":0,"comment_status":"open","ping_status":"open","sticky":false,"template":"","format":"standard","meta":{"ocean_post_layout":"","ocean_both_sidebars_style":"","ocean_both_sidebars_content_width":0,"ocean_both_sidebars_sidebars_width":0,"ocean_sidebar":"","ocean_second_sidebar":"","ocean_disable_margins":"enable","ocean_add_body_class":"","ocean_shortcode_before_top_bar":"","ocean_shortcode_after_top_bar":"","ocean_shortcode_before_header":"","ocean_shortcode_after_header":"","ocean_has_shortcode":"","ocean_shortcode_after_title":"","ocean_shortcode_before_footer_widgets":"","ocean_shortcode_after_footer_widgets":"","ocean_shortcode_before_footer_bottom":"","ocean_shortcode_after_footer_bottom":"","ocean_display_top_bar":"default","ocean_display_header":"default","ocean_header_style":"","ocean_center_header_left_menu":"","ocean_custom_header_template":"","ocean_custom_logo":0,"ocean_custom_retina_logo":0,"ocean_custom_logo_max_width":0,"ocean_custom_logo_tablet_max_width":0,"ocean_custom_logo_mobile_max_width":0,"ocean_custom_logo_max_height":0,"ocean_custom_logo_tablet_max_height":0,"ocean_custom_logo_mobile_max_height":0,"ocean_header_custom_menu":"","ocean_menu_typo_font_family":"","ocean_menu_typo_font_subset":"","ocean_menu_typo_font_size":0,"ocean_menu_typo_font_size_tablet":0,"ocean_menu_typo_font_size_mobile":0,"ocean_menu_typo_font_size_unit":"px","ocean_menu_typo_font_weight":"","ocean_menu_typo_font_weight_tablet":"","ocean_menu_typo_font_weight_mobile":"","ocean_menu_typo_transform":"","ocean_menu_typo_transform_tablet":"","ocean_menu_typo_transform_mobile":"","ocean_menu_typo_line_height":0,"ocean_menu_typo_line_height_tablet":0,"ocean_menu_typo_line_height_mobile":0,"ocean_menu_typo_line_height_unit":"","ocean_menu_typo_spacing":0,"ocean_menu_typo_spacing_tablet":0,"ocean_menu_typo_spacing_mobile":0,"ocean_menu_typo_spacing_unit":"","ocean_menu_link_color":"","ocean_menu_link_color_hover":"","ocean_menu_link_color_active":"","ocean_menu_link_background":"","ocean_menu_link_hover_background":"","ocean_menu_link_active_background":"","ocean_menu_social_links_bg":"","ocean_menu_social_hover_links_bg":"","ocean_menu_social_links_color":"","ocean_menu_social_hover_links_color":"","ocean_disable_title":"default","ocean_disable_heading":"default","ocean_post_title":"","ocean_post_subheading":"","ocean_post_title_style":"","ocean_post_title_background_color":"","ocean_post_title_background":0,"ocean_post_title_bg_image_position":"","ocean_post_title_bg_image_attachment":"","ocean_post_title_bg_image_repeat":"","ocean_post_title_bg_image_size":"","ocean_post_title_height":0,"ocean_post_title_bg_overlay":0.5,"ocean_post_title_bg_overlay_color":"","ocean_disable_breadcrumbs":"default","ocean_breadcrumbs_color":"","ocean_breadcrumbs_separator_color":"","ocean_breadcrumbs_links_color":"","ocean_breadcrumbs_links_hover_color":"","ocean_display_footer_widgets":"default","ocean_display_footer_bottom":"default","ocean_custom_footer_template":"","ocean_post_oembed":"","ocean_post_self_hosted_media":"","ocean_post_video_embed":"","ocean_link_format":"","ocean_link_format_target":"self","ocean_quote_format":"","ocean_quote_format_link":"post","ocean_gallery_link_images":"on","ocean_gallery_id":[]},"categories":[9],"tags":[82],"acf":[],"_links":{"self":[{"href":"https:\/\/www.simepe.com.br\/novo\/wp-json\/wp\/v2\/posts\/58510"}],"collection":[{"href":"https:\/\/www.simepe.com.br\/novo\/wp-json\/wp\/v2\/posts"}],"about":[{"href":"https:\/\/www.simepe.com.br\/novo\/wp-json\/wp\/v2\/types\/post"}],"author":[{"embeddable":true,"href":"https:\/\/www.simepe.com.br\/novo\/wp-json\/wp\/v2\/users\/1"}],"replies":[{"embeddable":true,"href":"https:\/\/www.simepe.com.br\/novo\/wp-json\/wp\/v2\/comments?post=58510"}],"version-history":[{"count":1,"href":"https:\/\/www.simepe.com.br\/novo\/wp-json\/wp\/v2\/posts\/58510\/revisions"}],"predecessor-version":[{"id":58511,"href":"https:\/\/www.simepe.com.br\/novo\/wp-json\/wp\/v2\/posts\/58510\/revisions\/58511"}],"wp:attachment":[{"href":"https:\/\/www.simepe.com.br\/novo\/wp-json\/wp\/v2\/media?parent=58510"}],"wp:term":[{"taxonomy":"category","embeddable":true,"href":"https:\/\/www.simepe.com.br\/novo\/wp-json\/wp\/v2\/categories?post=58510"},{"taxonomy":"post_tag","embeddable":true,"href":"https:\/\/www.simepe.com.br\/novo\/wp-json\/wp\/v2\/tags?post=58510"}],"curies":[{"name":"wp","href":"https:\/\/api.w.org\/{rel}","templated":true}]}}