{"id":58512,"date":"2021-03-16T09:52:50","date_gmt":"2021-03-16T12:52:50","guid":{"rendered":"https:\/\/www.simepe.com.br\/novo\/?p=58512"},"modified":"2021-03-16T09:52:50","modified_gmt":"2021-03-16T12:52:50","slug":"covid-19-pernambuco-tem-recorde-de-solicitacoes-para-internacao-em-leitos-de-uti","status":"publish","type":"post","link":"https:\/\/www.simepe.com.br\/novo\/covid-19-pernambuco-tem-recorde-de-solicitacoes-para-internacao-em-leitos-de-uti\/","title":{"rendered":"Covid-19: Pernambuco tem recorde de solicita\u00e7\u00f5es para interna\u00e7\u00e3o em leitos de UTI"},"content":{"rendered":"<p><em>Redes p\u00fablica e privada do Estado est\u00e3o perto do limite da capacidade de atendimento.<\/em><\/p>\n<p>Apenas no \u00faltimo s\u00e1bado (13), 155 pessoas deram entrada em unidades de sa\u00fade da rede p\u00fablica de Pernambuco apresentando sintomas de S\u00edndrome Respirat\u00f3ria Aguda Grave (SRAG) &#8211; quadro suspeito de Covid-19 &#8211; e receberam encaminhamento para interna\u00e7\u00e3o em regime de terapia intensiva (UTI).<\/p>\n<p>O n\u00famero \u00e9 o registro di\u00e1rio mais alto desde o in\u00edcio dos casos de infec\u00e7\u00e3o pelo novo coronav\u00edrus no Estado, em mar\u00e7o de 2020. Desde o dia 10 de mar\u00e7o deste ano, as solicita\u00e7\u00f5es de leitos de UTI est\u00e3o acima de 120 por dia. Nesta segunda-feira (15), mais de 1.200 pessoas est\u00e3o internadas em unidades de terapia intensiva apenas na rede p\u00fablica de Pernambuco. Fora o hospitalizados em unidades privadas.<\/p>\n<p>\u201cChegamos \u00e0 marca de mil solicita\u00e7\u00f5es por leitos de UTI (em uma semana), o maior n\u00famero desde o in\u00edcio da pandemia. Esses n\u00fameros nos d\u00e3o uma real no\u00e7\u00e3o da gravidade do momento. Os 180 novos leitos de UTI abertos na ultima semana n\u00e3o foram suficientes para baixar os n\u00edveis de ocupa\u00e7\u00e3o\u201d, disse o secret\u00e1rio estadual de Sa\u00fade, Andr\u00e9 Longo, em coletiva de imprensa remota, nesta segunda.<\/p>\n<p>Segundo ele, na noite do \u00faltimo domingo (14), a taxa de ocupa\u00e7\u00e3o dos leitos de UTI da rede p\u00fablica chegou a 97%. \u201cEstamos cada vez mais pr\u00f3ximos do limite assistencial. \u00c9 preciso entender de uma vez por todas que, neste momento, vidas est\u00e3o em risco. Muitas pessoas relaxaram nas medidas sanit\u00e1rias e est\u00e3o vivendo como se n\u00e3o houvesse pandemia\u201d, completou.<\/p>\n<p>Os dados enfatizam o momento de acelera\u00e7\u00e3o exponencial dos casos de infec\u00e7\u00e3o pelo novo coronav\u00edrus no Estado. Na Semana Epidemiol\u00f3gica (SE) 10, entre os dias 8 e 13 de mar\u00e7o, foram feitas 1.300 notifica\u00e7\u00f5es de pacientes atendidos na rede p\u00fablica com quadro de SRAG.<\/p>\n<p>Entre esses pacientes, 328, at\u00e9 o momento, receberam resultado positivo para a Covid-19. O aumento dessas ocorr\u00eancias foi de 33% em rela\u00e7\u00e3o \u00e0 SE 9 e de 42% na compara\u00e7\u00e3o com a SE 8. Em rela\u00e7\u00e3o \u00e0s solicita\u00e7\u00f5es por leitos de UTI, o aumento entre as semanas 9 e 10 foi de 39% &#8211; 284 solicita\u00e7\u00f5es a mais.<\/p>\n<p>De acordo com o secret\u00e1rio de Planejamento e Gest\u00e3o do Governo do Estado, Alexandre Rebelo, existe uma previs\u00e3o de abertura de mais 234 leitos nos pr\u00f3ximos 30 dias. Nesta segunda, chegaram 75 novos respiradores, que ser\u00e3o encaminhados para hospitais no Interior. Outros 75 equipamentos do tipo s\u00e3o esperados para os pr\u00f3ximos dias.<\/p>\n<p>\u201cMas esse \u00e9 um esfor\u00e7o finito, porque demanda n\u00e3o s\u00f3 equipamentos e insumos, mas tamb\u00e9m profissionais\u201d, alertou Rebelo. \u201cJustamente por isso h\u00e1 a necessidade de reduzir a velocidade de contamina\u00e7\u00e3o das pessoas para que essa curva de necessidade de atendimento seja minimizada\u201d, concluiu.<\/p>\n<p>Nesta segunda-feira, o governador Paulo C\u00e2mara anunciou um decreto de quarentena r\u00edgida entre os pr\u00f3ximos dias 18 e 28 de mar\u00e7o, no intuito de frear a dissemina\u00e7\u00e3o do novo coronav\u00edrus no Estado.<\/p>\n<p>&#8220;A parte dos profissionais de sa\u00fade est\u00e1 sendo feita, na ponta, s\u00e3o verdadeiros her\u00f3is. O Governo de Pernambuco tem o compromisso de continuar dando condi\u00e7\u00f5es para isso, mas se todo mundo n\u00e3o entender que o comportamento enquanto sociedade est\u00e1 equivocado, n\u00e3o mudar\u00e1 (o cen\u00e1rio)&#8221;, frisou Andr\u00e9 Longo.<\/p>\n<p>Fonte: Folha de Pernambuco<\/p>\n","protected":false},"excerpt":{"rendered":"<p>Redes p\u00fablica e privada do Estado est\u00e3o perto do limite da capacidade de atendimento. Apenas no \u00faltimo s\u00e1bado (13), 155 pessoas deram entrada em unidades de sa\u00fade da rede p\u00fablica de Pernambuco apresentando sintomas de S\u00edndrome Respirat\u00f3ria Aguda Grave (SRAG) &#8211; quadro suspeito de Covid-19 &#8211; e receberam encaminhamento para interna\u00e7\u00e3o em regime de terapia [&hellip;]<\/p>\n","protected":false},"author":1,"featured_media":0,"comment_status":"open","ping_status":"open","sticky":false,"template":"","format":"standard","meta":{"ocean_post_layout":"","ocean_both_sidebars_style":"","ocean_both_sidebars_content_width":0,"ocean_both_sidebars_sidebars_width":0,"ocean_sidebar":"","ocean_second_sidebar":"","ocean_disable_margins":"enable","ocean_add_body_class":"","ocean_shortcode_before_top_bar":"","ocean_shortcode_after_top_bar":"","ocean_shortcode_before_header":"","ocean_shortcode_after_header":"","ocean_has_shortcode":"","ocean_shortcode_after_title":"","ocean_shortcode_before_footer_widgets":"","ocean_shortcode_after_footer_widgets":"","ocean_shortcode_before_footer_bottom":"","ocean_shortcode_after_footer_bottom":"","ocean_display_top_bar":"default","ocean_display_header":"default","ocean_header_style":"","ocean_center_header_left_menu":"","ocean_custom_header_template":"","ocean_custom_logo":0,"ocean_custom_retina_logo":0,"ocean_custom_logo_max_width":0,"ocean_custom_logo_tablet_max_width":0,"ocean_custom_logo_mobile_max_width":0,"ocean_custom_logo_max_height":0,"ocean_custom_logo_tablet_max_height":0,"ocean_custom_logo_mobile_max_height":0,"ocean_header_custom_menu":"","ocean_menu_typo_font_family":"","ocean_menu_typo_font_subset":"","ocean_menu_typo_font_size":0,"ocean_menu_typo_font_size_tablet":0,"ocean_menu_typo_font_size_mobile":0,"ocean_menu_typo_font_size_unit":"px","ocean_menu_typo_font_weight":"","ocean_menu_typo_font_weight_tablet":"","ocean_menu_typo_font_weight_mobile":"","ocean_menu_typo_transform":"","ocean_menu_typo_transform_tablet":"","ocean_menu_typo_transform_mobile":"","ocean_menu_typo_line_height":0,"ocean_menu_typo_line_height_tablet":0,"ocean_menu_typo_line_height_mobile":0,"ocean_menu_typo_line_height_unit":"","ocean_menu_typo_spacing":0,"ocean_menu_typo_spacing_tablet":0,"ocean_menu_typo_spacing_mobile":0,"ocean_menu_typo_spacing_unit":"","ocean_menu_link_color":"","ocean_menu_link_color_hover":"","ocean_menu_link_color_active":"","ocean_menu_link_background":"","ocean_menu_link_hover_background":"","ocean_menu_link_active_background":"","ocean_menu_social_links_bg":"","ocean_menu_social_hover_links_bg":"","ocean_menu_social_links_color":"","ocean_menu_social_hover_links_color":"","ocean_disable_title":"default","ocean_disable_heading":"default","ocean_post_title":"","ocean_post_subheading":"","ocean_post_title_style":"","ocean_post_title_background_color":"","ocean_post_title_background":0,"ocean_post_title_bg_image_position":"","ocean_post_title_bg_image_attachment":"","ocean_post_title_bg_image_repeat":"","ocean_post_title_bg_image_size":"","ocean_post_title_height":0,"ocean_post_title_bg_overlay":0.5,"ocean_post_title_bg_overlay_color":"","ocean_disable_breadcrumbs":"default","ocean_breadcrumbs_color":"","ocean_breadcrumbs_separator_color":"","ocean_breadcrumbs_links_color":"","ocean_breadcrumbs_links_hover_color":"","ocean_display_footer_widgets":"default","ocean_display_footer_bottom":"default","ocean_custom_footer_template":"","ocean_post_oembed":"","ocean_post_self_hosted_media":"","ocean_post_video_embed":"","ocean_link_format":"","ocean_link_format_target":"self","ocean_quote_format":"","ocean_quote_format_link":"post","ocean_gallery_link_images":"on","ocean_gallery_id":[]},"categories":[9],"tags":[1420,1490,82],"acf":[],"_links":{"self":[{"href":"https:\/\/www.simepe.com.br\/novo\/wp-json\/wp\/v2\/posts\/58512"}],"collection":[{"href":"https:\/\/www.simepe.com.br\/novo\/wp-json\/wp\/v2\/posts"}],"about":[{"href":"https:\/\/www.simepe.com.br\/novo\/wp-json\/wp\/v2\/types\/post"}],"author":[{"embeddable":true,"href":"https:\/\/www.simepe.com.br\/novo\/wp-json\/wp\/v2\/users\/1"}],"replies":[{"embeddable":true,"href":"https:\/\/www.simepe.com.br\/novo\/wp-json\/wp\/v2\/comments?post=58512"}],"version-history":[{"count":1,"href":"https:\/\/www.simepe.com.br\/novo\/wp-json\/wp\/v2\/posts\/58512\/revisions"}],"predecessor-version":[{"id":58513,"href":"https:\/\/www.simepe.com.br\/novo\/wp-json\/wp\/v2\/posts\/58512\/revisions\/58513"}],"wp:attachment":[{"href":"https:\/\/www.simepe.com.br\/novo\/wp-json\/wp\/v2\/media?parent=58512"}],"wp:term":[{"taxonomy":"category","embeddable":true,"href":"https:\/\/www.simepe.com.br\/novo\/wp-json\/wp\/v2\/categories?post=58512"},{"taxonomy":"post_tag","embeddable":true,"href":"https:\/\/www.simepe.com.br\/novo\/wp-json\/wp\/v2\/tags?post=58512"}],"curies":[{"name":"wp","href":"https:\/\/api.w.org\/{rel}","templated":true}]}}