{"id":58541,"date":"2021-03-14T17:23:08","date_gmt":"2021-03-14T20:23:08","guid":{"rendered":"https:\/\/www.simepe.com.br\/novo\/?p=58541"},"modified":"2021-03-17T17:24:47","modified_gmt":"2021-03-17T20:24:47","slug":"atencao-medico-14032021","status":"publish","type":"post","link":"https:\/\/www.simepe.com.br\/novo\/atencao-medico-14032021\/","title":{"rendered":"Aten\u00e7\u00e3o M\u00e9dico 14\/03\/2021"},"content":{"rendered":"<p style=\"text-align: center;\"><strong>ATEN\u00c7\u00c3O M\u00c9DICO 14.03.21<\/strong><\/p>\n<p style=\"text-align: center;\"><strong>FALTA DE LEITOS, EPIS E MEDIDAS RESTRITIVAS EM PAUTA COM A SES<\/strong><\/p>\n<p>Com o intuito de discutir em car\u00e1ter de urg\u00eancia a grave situa\u00e7\u00e3o dos leitos da Covid 19 &#8211; ocupa\u00e7\u00e3o j\u00e1 chega a quase 100% &#8211; e falta de Equipamentos de Prote\u00e7\u00e3o Individual (EPI&#8217;s), a presidente do Simepe, Claudia Beatriz, o vice-presidente Walber Steffano, e diretores participaram de reuni\u00e3o por videoconfer\u00eancia, com o secret\u00e1rio estadual de Sa\u00fade, Andr\u00e9 Longo, na \u00faltima ter\u00e7a-feira (9). Na oportunidade, o Sindicato voltou a questionar a problem\u00e1tica do Hospital Bar\u00e3o de Lucena, que precisou ter foco na pandemia, ocasionando defasagem e problemas de estrutura\u00e7\u00e3o. Al\u00e9m disso, reiterou que seguir\u00e1 vigilante \u00e0 todas as a\u00e7\u00f5es apresentadas sobre a abertura de leitos em todo o estado, bem como acompanhar\u00e1 o esquema de vacina\u00e7\u00e3o na expectativa de que at\u00e9 o final deste m\u00eas todos os profissionais de sa\u00fade estejam imunizados.<\/p>\n<p style=\"text-align: center;\"><strong>SINDICATO E SECRETARIA DE SA\u00daDE DO RECIFE DISCUTEM PAUTAS IMPORTANTES<\/strong><\/p>\n<p style=\"text-align: justify;\">Em reuni\u00e3o na ter\u00e7a-feira (09\/03), a presidente, Claudia Beatriz, o vice-presidente, Walber Steffano e diretores conversaram por videoconfer\u00eancia, com a secret\u00e1ria de Sa\u00fade do Recife, Luciana Albuquerque e o secret\u00e1rio Executivo de M\u00e9dia e Alta Complexidade, Aristides Oliveira. A pauta abordou \u00e0 estrutura\u00e7\u00e3o da rede municipal para os pacientes da Covid-19; garantias dos equipamentos de prote\u00e7\u00e3o individual (EPIs) e a execu\u00e7\u00e3o da vacina\u00e7\u00e3o a todos os m\u00e9dicos sem exce\u00e7\u00e3o. O Simepe enfatizou que, com o crescimento exponencial do n\u00famero de novos casos da Covid-19 e SRAG em Pernambuco, a situa\u00e7\u00e3o \u00e9 alarmante para os profissionais de sa\u00fade que est\u00e3o na linha de frente e indagou quanto \u00e0 abertura de servi\u00e7os e leitos para dar suporte \u00e0 assist\u00eancia dos pacientes. Em resposta a secret\u00e1ria de Sa\u00fade, disse que est\u00e1 fazendo a abertura de novos leitos de UTI, e que at\u00e9 o final de mar\u00e7o devem totalizar 210, distribu\u00eddos no Hospital Aurora, Hospital do Idoso e Hospital Evang\u00e9lico, al\u00e9m de 78 leitos de observa\u00e7\u00e3o e sala vermelha.<\/p>\n<p style=\"text-align: center;\"><strong>AINDA SEM SOLU\u00c7\u00c3O OS PROBLEMAS DO HOSPITAL MUNICIPAL ARISTEU CHAVES<\/strong><\/p>\n<p style=\"text-align: justify;\">Por v\u00eddeoconfer\u00eancia, os m\u00e9dicos plantonistas cl\u00ednicos e pediatras do Hospital Municipal Doutor Aristeu Chaves, e o diretor do Simepe, Rodrigo Rosas, se reuniram na segunda-feira passada (8). Os profissionais relataram o encontro recente com os gestores do munic\u00edpio e da unidade. Apesar do acolhimento e entendimento das demandas, n\u00e3o houve propostas para solucionar as reclama\u00e7\u00f5es de redu\u00e7\u00e3o nas escalas dos plant\u00f5es noturnos; atrasos nas entregas de exames laboratoriais; remo\u00e7\u00f5es de pacientes e falta de seguran\u00e7a. Vale ressaltar que os problemas denunciados exigem resolu\u00e7\u00e3o, em car\u00e1ter de urg\u00eancia, uma vez que est\u00e3o trazendo dificuldades da assist\u00eancia m\u00e9dica aos pacientes. A entidade enviar\u00e1 um of\u00edcio, solicitando reuni\u00e3o com a Secretaria de Sa\u00fade de Camaragibe para conversar sobre os problemas e cobrar solu\u00e7\u00f5es.<\/p>\n<p style=\"text-align: center;\"><strong>ENTIDADES M\u00c9DICAS DISCUTEM CEN\u00c1RIO DA PANDEMIA<\/strong><\/p>\n<p style=\"text-align: justify;\">Simepe, Cremepe, AMPE e APM estiveram reunidas por videoconfer\u00eancia, quarta-feira passada (10), para debaterem sobre o aumento de casos do novo coronav\u00edrus (Covid-19) em Pernambuco, o panorama de superlota\u00e7\u00e3o das unidades de sa\u00fade e a vacina\u00e7\u00e3o para os m\u00e9dicos. Na pr\u00f3xima segunda-feira (15) ser\u00e1 a oportunidade dos representantes das entidades m\u00e9dicas pernambucanas discutirem com o Minist\u00e9rio P\u00fablico de Pernambuco (MPPE), Secretaria Estadual de Sa\u00fade, Secretaria de Sa\u00fade do Recife e Conselho de Secretarias Municipais de Sa\u00fade de Pernambuco (Cosems-PE), sobre o cen\u00e1rio da vacina\u00e7\u00e3o e assist\u00eancia da Covid-19 no Estado.<\/p>\n<p style=\"text-align: center;\"><strong>M\u00c9DICOS DENUNCIAM EXONERA\u00c7\u00c3O DA PREFEITURA DE CAMARAGIBE<\/strong><\/p>\n<p style=\"text-align: justify;\">O secret\u00e1rio-geral do Simepe, Tadeu Calheiros e o diretor Rodrigo Rosas se reuniram por videoconfer\u00eancia, na quinta-feira (11), com m\u00e9dicos da maternidade da rede municipal de Camaragibe, integrantes dos grupos de riscos para o novo coronav\u00edrus (Covid-19). O advogado da Defensoria M\u00e9dica, Vin\u00edcius Calado, tamb\u00e9m esteve presente. Os profissionais j\u00e1 haviam relatado em encontro anterior que a Prefeitura de Camaragibe reduziu seus sal\u00e1rios, em torno de 75%. A entidade enviou of\u00edcio \u00e0 Secretaria Municipal de Sa\u00fade, com c\u00f3pia \u00e0 Prefeitura, solicitando provid\u00eancias. No entanto, os profissionais foram informados que tamb\u00e9m seriam exonerados das suas atividades.A entidade repudia este tipo de atitude e seguir\u00e1 atenta para impedir essas injusti\u00e7as. O corpo jur\u00eddico do Sindicato encaminhar\u00e1 den\u00fancia ao Minist\u00e9rio P\u00fablico de Pernambuco (MPPE) informando que al\u00e9m da redu\u00e7\u00e3o dos sal\u00e1rios dos profissionais em meio \u00e0 pandemia, tamb\u00e9m foram exonerados dos cargos.<\/p>\n","protected":false},"excerpt":{"rendered":"<p>ATEN\u00c7\u00c3O M\u00c9DICO 14.03.21 FALTA DE LEITOS, EPIS E MEDIDAS RESTRITIVAS EM PAUTA COM A SES Com o intuito de discutir em car\u00e1ter de urg\u00eancia a grave situa\u00e7\u00e3o dos leitos da Covid 19 &#8211; ocupa\u00e7\u00e3o j\u00e1 chega a quase 100% &#8211; e falta de Equipamentos de Prote\u00e7\u00e3o Individual (EPI&#8217;s), a presidente do Simepe, Claudia Beatriz, o [&hellip;]<\/p>\n","protected":false},"author":1,"featured_media":0,"comment_status":"open","ping_status":"open","sticky":false,"template":"","format":"standard","meta":{"ocean_post_layout":"","ocean_both_sidebars_style":"","ocean_both_sidebars_content_width":0,"ocean_both_sidebars_sidebars_width":0,"ocean_sidebar":"","ocean_second_sidebar":"","ocean_disable_margins":"enable","ocean_add_body_class":"","ocean_shortcode_before_top_bar":"","ocean_shortcode_after_top_bar":"","ocean_shortcode_before_header":"","ocean_shortcode_after_header":"","ocean_has_shortcode":"","ocean_shortcode_after_title":"","ocean_shortcode_before_footer_widgets":"","ocean_shortcode_after_footer_widgets":"","ocean_shortcode_before_footer_bottom":"","ocean_shortcode_after_footer_bottom":"","ocean_display_top_bar":"default","ocean_display_header":"default","ocean_header_style":"","ocean_center_header_left_menu":"","ocean_custom_header_template":"","ocean_custom_logo":0,"ocean_custom_retina_logo":0,"ocean_custom_logo_max_width":0,"ocean_custom_logo_tablet_max_width":0,"ocean_custom_logo_mobile_max_width":0,"ocean_custom_logo_max_height":0,"ocean_custom_logo_tablet_max_height":0,"ocean_custom_logo_mobile_max_height":0,"ocean_header_custom_menu":"","ocean_menu_typo_font_family":"","ocean_menu_typo_font_subset":"","ocean_menu_typo_font_size":0,"ocean_menu_typo_font_size_tablet":0,"ocean_menu_typo_font_size_mobile":0,"ocean_menu_typo_font_size_unit":"px","ocean_menu_typo_font_weight":"","ocean_menu_typo_font_weight_tablet":"","ocean_menu_typo_font_weight_mobile":"","ocean_menu_typo_transform":"","ocean_menu_typo_transform_tablet":"","ocean_menu_typo_transform_mobile":"","ocean_menu_typo_line_height":0,"ocean_menu_typo_line_height_tablet":0,"ocean_menu_typo_line_height_mobile":0,"ocean_menu_typo_line_height_unit":"","ocean_menu_typo_spacing":0,"ocean_menu_typo_spacing_tablet":0,"ocean_menu_typo_spacing_mobile":0,"ocean_menu_typo_spacing_unit":"","ocean_menu_link_color":"","ocean_menu_link_color_hover":"","ocean_menu_link_color_active":"","ocean_menu_link_background":"","ocean_menu_link_hover_background":"","ocean_menu_link_active_background":"","ocean_menu_social_links_bg":"","ocean_menu_social_hover_links_bg":"","ocean_menu_social_links_color":"","ocean_menu_social_hover_links_color":"","ocean_disable_title":"default","ocean_disable_heading":"default","ocean_post_title":"","ocean_post_subheading":"","ocean_post_title_style":"","ocean_post_title_background_color":"","ocean_post_title_background":0,"ocean_post_title_bg_image_position":"","ocean_post_title_bg_image_attachment":"","ocean_post_title_bg_image_repeat":"","ocean_post_title_bg_image_size":"","ocean_post_title_height":0,"ocean_post_title_bg_overlay":0.5,"ocean_post_title_bg_overlay_color":"","ocean_disable_breadcrumbs":"default","ocean_breadcrumbs_color":"","ocean_breadcrumbs_separator_color":"","ocean_breadcrumbs_links_color":"","ocean_breadcrumbs_links_hover_color":"","ocean_display_footer_widgets":"default","ocean_display_footer_bottom":"default","ocean_custom_footer_template":"","ocean_post_oembed":"","ocean_post_self_hosted_media":"","ocean_post_video_embed":"","ocean_link_format":"","ocean_link_format_target":"self","ocean_quote_format":"","ocean_quote_format_link":"post","ocean_gallery_link_images":"on","ocean_gallery_id":[]},"categories":[1],"tags":[],"acf":[],"_links":{"self":[{"href":"https:\/\/www.simepe.com.br\/novo\/wp-json\/wp\/v2\/posts\/58541"}],"collection":[{"href":"https:\/\/www.simepe.com.br\/novo\/wp-json\/wp\/v2\/posts"}],"about":[{"href":"https:\/\/www.simepe.com.br\/novo\/wp-json\/wp\/v2\/types\/post"}],"author":[{"embeddable":true,"href":"https:\/\/www.simepe.com.br\/novo\/wp-json\/wp\/v2\/users\/1"}],"replies":[{"embeddable":true,"href":"https:\/\/www.simepe.com.br\/novo\/wp-json\/wp\/v2\/comments?post=58541"}],"version-history":[{"count":1,"href":"https:\/\/www.simepe.com.br\/novo\/wp-json\/wp\/v2\/posts\/58541\/revisions"}],"predecessor-version":[{"id":58542,"href":"https:\/\/www.simepe.com.br\/novo\/wp-json\/wp\/v2\/posts\/58541\/revisions\/58542"}],"wp:attachment":[{"href":"https:\/\/www.simepe.com.br\/novo\/wp-json\/wp\/v2\/media?parent=58541"}],"wp:term":[{"taxonomy":"category","embeddable":true,"href":"https:\/\/www.simepe.com.br\/novo\/wp-json\/wp\/v2\/categories?post=58541"},{"taxonomy":"post_tag","embeddable":true,"href":"https:\/\/www.simepe.com.br\/novo\/wp-json\/wp\/v2\/tags?post=58541"}],"curies":[{"name":"wp","href":"https:\/\/api.w.org\/{rel}","templated":true}]}}