{"id":58548,"date":"2021-03-17T09:52:52","date_gmt":"2021-03-17T12:52:52","guid":{"rendered":"https:\/\/www.simepe.com.br\/novo\/?p=58548"},"modified":"2021-03-18T10:20:02","modified_gmt":"2021-03-18T13:20:02","slug":"sindicatos-debatem-as-condicoes-de-trabalho-dos-profissionais-da-saude-na-linha-de-frente-da-covid-19","status":"publish","type":"post","link":"https:\/\/www.simepe.com.br\/novo\/sindicatos-debatem-as-condicoes-de-trabalho-dos-profissionais-da-saude-na-linha-de-frente-da-covid-19\/","title":{"rendered":"Sindicatos debatem as condi\u00e7\u00f5es de trabalho dos profissionais da Sa\u00fade na linha de frente da Covid-19"},"content":{"rendered":"<p style=\"text-align: justify;\">A Associa\u00e7\u00e3o dos Professores da Universidade Federal do Paran\u00e1 (APUFPR) realizar\u00e1 nesta quinta-feira (18) um debate sobre \u201cComo est\u00e3o os trabalhadores da Sa\u00fade na linha de frente contra a pandemia?\u201d.<\/p>\n<p style=\"text-align: justify;\">O Sindicato dos M\u00e9dicos no Estado do Paran\u00e1 ir\u00e1 participar do debate, juntamente com o Sindicato dos Trabalhadores em Educa\u00e7\u00e3o das Institui\u00e7\u00f5es Federais de Ensino Superior no Estado do Paran\u00e1 (Sinditest-PR), o Sindicato dos Empregados em Estabelecimentos de Servi\u00e7os de Sa\u00fade de Curitiba e Regi\u00e3o (Sindesc-PR), e o Sindicato dos Trabalhadores e Servidores P\u00fablicos Estaduais dos Servi\u00e7os de Sa\u00fade e Previd\u00eancia do Estado do Paran\u00e1 (SindSa\u00fade-PR); al\u00e9m da APUFPR.<\/p>\n<p style=\"text-align: justify;\">A transmiss\u00e3o acontece das 12h \u00e0s 13h, pelo Facebook e Youtube da APUFPR.<\/p>\n<p style=\"text-align: justify;\">A conversa tem o objetivo de discutir a situa\u00e7\u00e3o dos profissionais de sa\u00fade que atuam na linha de frente de combate ao v\u00edrus na capital paranaense, tanto na rede p\u00fablica como na rede privada. As entidades convidadas representam as trabalhadoras e os trabalhadores das tr\u00eas esferas (federal, estadual e municipal).<\/p>\n<p style=\"text-align: justify;\">A cada dia, o Brasil bate novos recordes de infec\u00e7\u00f5es e mortes por Covid-19 (foram mais de 3 mil contabilizadas no dia 17).<\/p>\n<p style=\"text-align: justify;\">Com o colapso na rede de atendimento \u00e0 sa\u00fade da regi\u00e3o da capital paranaense, assim como no restante do Brasil, os trabalhadores lidam com o estresse, o esgotamento, a ansiedade, a morte em quantidades muito acima dos habituais.<\/p>\n<p style=\"text-align: justify;\">A falta de leitos de UTI e de equipamentos cria situa\u00e7\u00f5es extremas, fazendo com que os m\u00e9dicos e enfermeiros tenham que escolher, inclusive, quem ser\u00e1 internado.<\/p>\n<p style=\"text-align: justify;\">Voc\u00ea j\u00e1 tentou dimensionar qual o impacto dessa situa\u00e7\u00e3o na sa\u00fade mental e f\u00edsica desses homens e mulheres que est\u00e3o h\u00e1 mais de um ano, sem descanso, colocando a pr\u00f3pria vida em risco?<\/p>\n<p style=\"text-align: justify;\">Fonte: Sindicato dos M\u00e9dicos no Estado do Paran\u00e1 (Simepar)<\/p>\n","protected":false},"excerpt":{"rendered":"<p>A Associa\u00e7\u00e3o dos Professores da Universidade Federal do Paran\u00e1 (APUFPR) realizar\u00e1 nesta quinta-feira (18) um debate sobre \u201cComo est\u00e3o os trabalhadores da Sa\u00fade na linha de frente contra a pandemia?\u201d. O Sindicato dos M\u00e9dicos no Estado do Paran\u00e1 ir\u00e1 participar do debate, juntamente com o Sindicato dos Trabalhadores em Educa\u00e7\u00e3o das Institui\u00e7\u00f5es Federais de Ensino [&hellip;]<\/p>\n","protected":false},"author":1,"featured_media":58549,"comment_status":"open","ping_status":"open","sticky":false,"template":"","format":"standard","meta":{"ocean_post_layout":"","ocean_both_sidebars_style":"","ocean_both_sidebars_content_width":0,"ocean_both_sidebars_sidebars_width":0,"ocean_sidebar":"","ocean_second_sidebar":"","ocean_disable_margins":"enable","ocean_add_body_class":"","ocean_shortcode_before_top_bar":"","ocean_shortcode_after_top_bar":"","ocean_shortcode_before_header":"","ocean_shortcode_after_header":"","ocean_has_shortcode":"","ocean_shortcode_after_title":"","ocean_shortcode_before_footer_widgets":"","ocean_shortcode_after_footer_widgets":"","ocean_shortcode_before_footer_bottom":"","ocean_shortcode_after_footer_bottom":"","ocean_display_top_bar":"default","ocean_display_header":"default","ocean_header_style":"","ocean_center_header_left_menu":"","ocean_custom_header_template":"","ocean_custom_logo":0,"ocean_custom_retina_logo":0,"ocean_custom_logo_max_width":0,"ocean_custom_logo_tablet_max_width":0,"ocean_custom_logo_mobile_max_width":0,"ocean_custom_logo_max_height":0,"ocean_custom_logo_tablet_max_height":0,"ocean_custom_logo_mobile_max_height":0,"ocean_header_custom_menu":"","ocean_menu_typo_font_family":"","ocean_menu_typo_font_subset":"","ocean_menu_typo_font_size":0,"ocean_menu_typo_font_size_tablet":0,"ocean_menu_typo_font_size_mobile":0,"ocean_menu_typo_font_size_unit":"px","ocean_menu_typo_font_weight":"","ocean_menu_typo_font_weight_tablet":"","ocean_menu_typo_font_weight_mobile":"","ocean_menu_typo_transform":"","ocean_menu_typo_transform_tablet":"","ocean_menu_typo_transform_mobile":"","ocean_menu_typo_line_height":0,"ocean_menu_typo_line_height_tablet":0,"ocean_menu_typo_line_height_mobile":0,"ocean_menu_typo_line_height_unit":"","ocean_menu_typo_spacing":0,"ocean_menu_typo_spacing_tablet":0,"ocean_menu_typo_spacing_mobile":0,"ocean_menu_typo_spacing_unit":"","ocean_menu_link_color":"","ocean_menu_link_color_hover":"","ocean_menu_link_color_active":"","ocean_menu_link_background":"","ocean_menu_link_hover_background":"","ocean_menu_link_active_background":"","ocean_menu_social_links_bg":"","ocean_menu_social_hover_links_bg":"","ocean_menu_social_links_color":"","ocean_menu_social_hover_links_color":"","ocean_disable_title":"default","ocean_disable_heading":"default","ocean_post_title":"","ocean_post_subheading":"","ocean_post_title_style":"","ocean_post_title_background_color":"","ocean_post_title_background":0,"ocean_post_title_bg_image_position":"","ocean_post_title_bg_image_attachment":"","ocean_post_title_bg_image_repeat":"","ocean_post_title_bg_image_size":"","ocean_post_title_height":0,"ocean_post_title_bg_overlay":0.5,"ocean_post_title_bg_overlay_color":"","ocean_disable_breadcrumbs":"default","ocean_breadcrumbs_color":"","ocean_breadcrumbs_separator_color":"","ocean_breadcrumbs_links_color":"","ocean_breadcrumbs_links_hover_color":"","ocean_display_footer_widgets":"default","ocean_display_footer_bottom":"default","ocean_custom_footer_template":"","ocean_post_oembed":"","ocean_post_self_hosted_media":"","ocean_post_video_embed":"","ocean_link_format":"","ocean_link_format_target":"self","ocean_quote_format":"","ocean_quote_format_link":"post","ocean_gallery_link_images":"on","ocean_gallery_id":[]},"categories":[1],"tags":[],"acf":[],"_links":{"self":[{"href":"https:\/\/www.simepe.com.br\/novo\/wp-json\/wp\/v2\/posts\/58548"}],"collection":[{"href":"https:\/\/www.simepe.com.br\/novo\/wp-json\/wp\/v2\/posts"}],"about":[{"href":"https:\/\/www.simepe.com.br\/novo\/wp-json\/wp\/v2\/types\/post"}],"author":[{"embeddable":true,"href":"https:\/\/www.simepe.com.br\/novo\/wp-json\/wp\/v2\/users\/1"}],"replies":[{"embeddable":true,"href":"https:\/\/www.simepe.com.br\/novo\/wp-json\/wp\/v2\/comments?post=58548"}],"version-history":[{"count":1,"href":"https:\/\/www.simepe.com.br\/novo\/wp-json\/wp\/v2\/posts\/58548\/revisions"}],"predecessor-version":[{"id":58550,"href":"https:\/\/www.simepe.com.br\/novo\/wp-json\/wp\/v2\/posts\/58548\/revisions\/58550"}],"wp:featuredmedia":[{"embeddable":true,"href":"https:\/\/www.simepe.com.br\/novo\/wp-json\/wp\/v2\/media\/58549"}],"wp:attachment":[{"href":"https:\/\/www.simepe.com.br\/novo\/wp-json\/wp\/v2\/media?parent=58548"}],"wp:term":[{"taxonomy":"category","embeddable":true,"href":"https:\/\/www.simepe.com.br\/novo\/wp-json\/wp\/v2\/categories?post=58548"},{"taxonomy":"post_tag","embeddable":true,"href":"https:\/\/www.simepe.com.br\/novo\/wp-json\/wp\/v2\/tags?post=58548"}],"curies":[{"name":"wp","href":"https:\/\/api.w.org\/{rel}","templated":true}]}}