{"id":58555,"date":"2021-03-18T12:00:55","date_gmt":"2021-03-18T15:00:55","guid":{"rendered":"https:\/\/www.simepe.com.br\/novo\/?p=58555"},"modified":"2021-03-18T12:00:55","modified_gmt":"2021-03-18T15:00:55","slug":"ses-orienta-sobre-funcionamento-de-servicos-de-saude","status":"publish","type":"post","link":"https:\/\/www.simepe.com.br\/novo\/ses-orienta-sobre-funcionamento-de-servicos-de-saude\/","title":{"rendered":"SES orienta sobre funcionamento de servi\u00e7os de sa\u00fade"},"content":{"rendered":"<p>Em meio \u00e0 situa\u00e7\u00e3o de emerg\u00eancia em sa\u00fade p\u00fablica relativa ao enfrentamento da Covid-19 em Pernambuco e pela necessidade de destinar maior n\u00famero de profissionais e leitos para o atendimento de pacientes diagnosticados ou com suspeita da infec\u00e7\u00e3o, a Secretaria Estadual de Sa\u00fade (SES-PE) publica, nesta quarta-feira (17.03), portaria que normatiza e faz recomenda\u00e7\u00f5es sobre o funcionamento dos servi\u00e7os de sa\u00fade em todo o territ\u00f3rio pernambucano.<\/p>\n<p>A orienta\u00e7\u00e3o \u00e9 que, entre os dias 18 e 28 de mar\u00e7o, os procedimentos diagn\u00f3sticos, terap\u00eauticos e ambulatoriais, cujo adiamento n\u00e3o traga danos \u00e0 sa\u00fade e n\u00e3o coloque em risco a vida dos pacientes, sejam remarcados nos consult\u00f3rios, cl\u00ednicas, laborat\u00f3rios e hospitais em todo o Estado. As cirurgias eletivas, nas unidades da rede assistencial p\u00fablica e privada, que demandem interna\u00e7\u00e3o hospitalar, continuam suspensas. J\u00e1 os centros de testagem para a Covid-19 e o processo de vacina\u00e7\u00e3o n\u00e3o ser\u00e3o afetados.<\/p>\n<p>As recomenda\u00e7\u00f5es foram pactuadas em reuni\u00e3o realizada na tarde da ter\u00e7a-feira (16.03) com a participa\u00e7\u00e3o do secret\u00e1rio estadual de Sa\u00fade, Andr\u00e9 Longo, e dos diversos conselhos de profissionais da \u00e1rea da sa\u00fade. A partir da recomenda\u00e7\u00e3o, os servidores p\u00fablicos que tiverem suas atividades suspensas temporariamente poder\u00e3o ser convocados para outras atividades no \u00e2mbito da assist\u00eancia aos pacientes com Covid-19 ou teletrabalho.<\/p>\n<p>\u201cO objetivo desta portaria \u00e9 reduzir ao m\u00e1ximo a circula\u00e7\u00e3o de pessoas nos servi\u00e7os de sa\u00fade para evitar que fiquem expostas ao v\u00edrus, em acordo com o decreto publicado pelo Governo de Pernambuco, que determina o per\u00edodo de quarentena. Os conselhos de classe, respons\u00e1veis por regular as atividades de cada categoria profissional, est\u00e3o encarregados pela orienta\u00e7\u00e3o dessas medidas\u201d, afirma a secret\u00e1ria executiva de Regula\u00e7\u00e3o em Sa\u00fade, Ricarda Samara.<\/p>\n<p>A portaria informa, ainda, que ficam mantidos, na rede p\u00fablica e privada, os servi\u00e7os de atendimentos cl\u00ednicos e\/ou cir\u00fargicos, procedimentos e exames nos servi\u00e7os de urg\u00eancia e emerg\u00eancia, consultas e procedimentos ambulatoriais considerados inadi\u00e1veis ou de acompanhamento assistencial n\u00e3o pass\u00edvel de interrup\u00e7\u00e3o, como oncologia, hemodi\u00e1lise, pr\u00e9-natal, doen\u00e7as infectocontagiosas, retorno p\u00f3s-operat\u00f3rio dentre outros.<\/p>\n<p>F\u00e9rias e licen\u00e7as \u2013 Fica, ainda, suspenso o gozo de f\u00e9rias dos profissionais de sa\u00fade (efetivos, com v\u00ednculo CLT, cedidos, terceirizados, cargos comissionados e contratados por tempo determinado) em exerc\u00edcio na rede de sa\u00fade da Secretaria Estadual de Sa\u00fade, previstas para in\u00edcio em mar\u00e7o do presente ano e meses consecutivos, por tempo indeterminado at\u00e9 nova determina\u00e7\u00e3o, com exce\u00e7\u00e3o das profissionais que necessitarem gozar as f\u00e9rias logo ap\u00f3s o t\u00e9rmino da licen\u00e7a maternidade.<\/p>\n<p>O gozo das f\u00e9rias suspensas fica previsto para momento oportuno, ap\u00f3s o t\u00e9rmino da situa\u00e7\u00e3o de emerg\u00eancia devido \u00e0 doen\u00e7a Covid-19, em comum acordo com a chefia imediata.<\/p>\n<p>Tamb\u00e9m fica mantida a suspens\u00e3o do gozo da licen\u00e7a pr\u00eamio para os servidores efetivos em exerc\u00edcio na rede de sa\u00fade da Secretaria Estadual de Sa\u00fade, por tempo indeterminado at\u00e9 nova determina\u00e7\u00e3o, exceto para fins de aposentadoria, desde que seja comprovado o cumprimento dos requisitos legais para a concess\u00e3o.<\/p>\n<p>Farm\u00e1cia de Pernambuco \u2013 A dispensa\u00e7\u00e3o de medicamentos de alta complexidade para os usu\u00e1rios da Farm\u00e1cia de Pernambuco continua sendo realizada normalmente nas unidades em todo o Estado. O funcionamento da unidade central, na Boa Vista, ocorre de segunda a sexta-feira, das 7h \u00e0s 16h, sem interrup\u00e7\u00e3o. O servi\u00e7o Rem\u00e9dio em Casa tamb\u00e9m continua com a entrega dos rem\u00e9dios ao p\u00fablico priorit\u00e1rio.<\/p>\n<p>Font: Secretaria Estadual de Sa\u00fade (SES)<\/p>\n","protected":false},"excerpt":{"rendered":"<p>Em meio \u00e0 situa\u00e7\u00e3o de emerg\u00eancia em sa\u00fade p\u00fablica relativa ao enfrentamento da Covid-19 em Pernambuco e pela necessidade de destinar maior n\u00famero de profissionais e leitos para o atendimento de pacientes diagnosticados ou com suspeita da infec\u00e7\u00e3o, a Secretaria Estadual de Sa\u00fade (SES-PE) publica, nesta quarta-feira (17.03), portaria que normatiza e faz recomenda\u00e7\u00f5es sobre [&hellip;]<\/p>\n","protected":false},"author":1,"featured_media":0,"comment_status":"open","ping_status":"open","sticky":false,"template":"","format":"standard","meta":{"ocean_post_layout":"","ocean_both_sidebars_style":"","ocean_both_sidebars_content_width":0,"ocean_both_sidebars_sidebars_width":0,"ocean_sidebar":"","ocean_second_sidebar":"","ocean_disable_margins":"enable","ocean_add_body_class":"","ocean_shortcode_before_top_bar":"","ocean_shortcode_after_top_bar":"","ocean_shortcode_before_header":"","ocean_shortcode_after_header":"","ocean_has_shortcode":"","ocean_shortcode_after_title":"","ocean_shortcode_before_footer_widgets":"","ocean_shortcode_after_footer_widgets":"","ocean_shortcode_before_footer_bottom":"","ocean_shortcode_after_footer_bottom":"","ocean_display_top_bar":"default","ocean_display_header":"default","ocean_header_style":"","ocean_center_header_left_menu":"","ocean_custom_header_template":"","ocean_custom_logo":0,"ocean_custom_retina_logo":0,"ocean_custom_logo_max_width":0,"ocean_custom_logo_tablet_max_width":0,"ocean_custom_logo_mobile_max_width":0,"ocean_custom_logo_max_height":0,"ocean_custom_logo_tablet_max_height":0,"ocean_custom_logo_mobile_max_height":0,"ocean_header_custom_menu":"","ocean_menu_typo_font_family":"","ocean_menu_typo_font_subset":"","ocean_menu_typo_font_size":0,"ocean_menu_typo_font_size_tablet":0,"ocean_menu_typo_font_size_mobile":0,"ocean_menu_typo_font_size_unit":"px","ocean_menu_typo_font_weight":"","ocean_menu_typo_font_weight_tablet":"","ocean_menu_typo_font_weight_mobile":"","ocean_menu_typo_transform":"","ocean_menu_typo_transform_tablet":"","ocean_menu_typo_transform_mobile":"","ocean_menu_typo_line_height":0,"ocean_menu_typo_line_height_tablet":0,"ocean_menu_typo_line_height_mobile":0,"ocean_menu_typo_line_height_unit":"","ocean_menu_typo_spacing":0,"ocean_menu_typo_spacing_tablet":0,"ocean_menu_typo_spacing_mobile":0,"ocean_menu_typo_spacing_unit":"","ocean_menu_link_color":"","ocean_menu_link_color_hover":"","ocean_menu_link_color_active":"","ocean_menu_link_background":"","ocean_menu_link_hover_background":"","ocean_menu_link_active_background":"","ocean_menu_social_links_bg":"","ocean_menu_social_hover_links_bg":"","ocean_menu_social_links_color":"","ocean_menu_social_hover_links_color":"","ocean_disable_title":"default","ocean_disable_heading":"default","ocean_post_title":"","ocean_post_subheading":"","ocean_post_title_style":"","ocean_post_title_background_color":"","ocean_post_title_background":0,"ocean_post_title_bg_image_position":"","ocean_post_title_bg_image_attachment":"","ocean_post_title_bg_image_repeat":"","ocean_post_title_bg_image_size":"","ocean_post_title_height":0,"ocean_post_title_bg_overlay":0.5,"ocean_post_title_bg_overlay_color":"","ocean_disable_breadcrumbs":"default","ocean_breadcrumbs_color":"","ocean_breadcrumbs_separator_color":"","ocean_breadcrumbs_links_color":"","ocean_breadcrumbs_links_hover_color":"","ocean_display_footer_widgets":"default","ocean_display_footer_bottom":"default","ocean_custom_footer_template":"","ocean_post_oembed":"","ocean_post_self_hosted_media":"","ocean_post_video_embed":"","ocean_link_format":"","ocean_link_format_target":"self","ocean_quote_format":"","ocean_quote_format_link":"post","ocean_gallery_link_images":"on","ocean_gallery_id":[]},"categories":[9],"tags":[1420,1490,82],"acf":[],"_links":{"self":[{"href":"https:\/\/www.simepe.com.br\/novo\/wp-json\/wp\/v2\/posts\/58555"}],"collection":[{"href":"https:\/\/www.simepe.com.br\/novo\/wp-json\/wp\/v2\/posts"}],"about":[{"href":"https:\/\/www.simepe.com.br\/novo\/wp-json\/wp\/v2\/types\/post"}],"author":[{"embeddable":true,"href":"https:\/\/www.simepe.com.br\/novo\/wp-json\/wp\/v2\/users\/1"}],"replies":[{"embeddable":true,"href":"https:\/\/www.simepe.com.br\/novo\/wp-json\/wp\/v2\/comments?post=58555"}],"version-history":[{"count":1,"href":"https:\/\/www.simepe.com.br\/novo\/wp-json\/wp\/v2\/posts\/58555\/revisions"}],"predecessor-version":[{"id":58556,"href":"https:\/\/www.simepe.com.br\/novo\/wp-json\/wp\/v2\/posts\/58555\/revisions\/58556"}],"wp:attachment":[{"href":"https:\/\/www.simepe.com.br\/novo\/wp-json\/wp\/v2\/media?parent=58555"}],"wp:term":[{"taxonomy":"category","embeddable":true,"href":"https:\/\/www.simepe.com.br\/novo\/wp-json\/wp\/v2\/categories?post=58555"},{"taxonomy":"post_tag","embeddable":true,"href":"https:\/\/www.simepe.com.br\/novo\/wp-json\/wp\/v2\/tags?post=58555"}],"curies":[{"name":"wp","href":"https:\/\/api.w.org\/{rel}","templated":true}]}}