{"id":58600,"date":"2021-03-18T10:36:59","date_gmt":"2021-03-18T13:36:59","guid":{"rendered":"https:\/\/www.simepe.com.br\/novo\/?p=58600"},"modified":"2021-03-22T10:38:00","modified_gmt":"2021-03-22T13:38:00","slug":"comissao-de-combate-ao-coronavirus-realiza-reuniao-com-autoridades-medicas-do-estado","status":"publish","type":"post","link":"https:\/\/www.simepe.com.br\/novo\/comissao-de-combate-ao-coronavirus-realiza-reuniao-com-autoridades-medicas-do-estado\/","title":{"rendered":"Comiss\u00e3o de Combate ao Coronav\u00edrus realiza reuni\u00e3o com autoridades m\u00e9dicas do Estado"},"content":{"rendered":"<p style=\"text-align: justify;\">Com a presen\u00e7a de representantes das quatro principais entidades m\u00e9dicas de Pernambuco, a Comiss\u00e3o Especial Interpartid\u00e1ria de Acompanhamento ao Coronav\u00edrus, da C\u00e2mara Municipal do Recife, realizou reuni\u00e3o virtual na manh\u00e3 desta quinta-feira (18). O encontro coincidiu com o primeiro dos 11 dias da quarentena decretada pelo Governo do Estado, quando apenas os servi\u00e7os essenciais poder\u00e3o funcionar visando conter a propaga\u00e7\u00e3o do v\u00edrus da covid-19.<\/p>\n<p style=\"text-align: justify;\">A comiss\u00e3o, que funcionou no ano passado e foi reinstalada na C\u00e2mara Municipal do Recife h\u00e1 uma semana, reuniu o presidente do Conselho Regional de Medicina (Cremepe), M\u00e1rio Lins; o presidente da Academia Pernambucana de Medicina (APM), Hildo Azevedo; o presidente da Associa\u00e7\u00e3o M\u00e9dica de Pernambuco (AMP), Bento Bezerra; e a presidente do Sindicato dos M\u00e9dicos (Simepe), Cl\u00e1udia Beatriz.<\/p>\n<p style=\"text-align: justify;\">A reuni\u00e3o foi conduzida pelo vereador Eriberto Rafael (PP), presidente da Comiss\u00e3o Especial Interpartid\u00e1ria de Acompanhamento ao Coronav\u00edrus. Os convidados deram opini\u00f5es e informa\u00e7\u00f5es sobre da crise sanit\u00e1ria que est\u00e1 ocorrendo e depois responderam a perguntas dos vereadores. Participaram do encontro, al\u00e9m de Eriberto Rafael, os vereadores Marco Aur\u00e9lio Filho (PRTB) vice-presidente; Ivan Moraes (PSOL), H\u00e9lio Guabiraba (PSB) e Tadeu Calheiros (Podemos).<\/p>\n<p style=\"text-align: justify;\">Os participantes reconheceram que h\u00e1 uma variante do v\u00edrus da covid-19 circulando no Pa\u00eds, que j\u00e1 houve registros dele em Pernambuco e \u00e9 preciso isol\u00e1-lo. O grande vil\u00e3o do momento, para eles, \u00e9 a superlota\u00e7\u00e3o de \u00f4nibus circulares e do metr\u00f4, sobretudo na hora de pico. Todos defenderam medidas de restri\u00e7\u00e3o social, como ficar em casa, manter o distanciamento, usar m\u00e1scaras (duas) e a higieniza\u00e7\u00e3o das m\u00e3os. Disseram que \u00e9 imperioso aumentar os n\u00fameros da vacina\u00e7\u00e3o, mas denunciaram que o imunizante n\u00e3o foi aplicado em todos os profissionais de sa\u00fade do Recife.<\/p>\n<p style=\"text-align: justify;\">No momento em que os vereadores passaram a fazer questionamentos, Ivan Morais quis saber como as autoridades m\u00e9dicas avaliam as a\u00e7\u00f5es do poder p\u00fablico para combater a covid-19; e se os 11 dias de quarentena, que come\u00e7aram hoje, s\u00e3o suficientes para ajudar no controle da doen\u00e7a. Para ele, os governos estadual e municipal deveriam dar condi\u00e7\u00f5es de a popula\u00e7\u00e3o ficar em casa, com ajudas financeiras.<\/p>\n<p style=\"text-align: justify;\">Tadeu Calheiros, que al\u00e9m de parlamentar \u00e9 m\u00e9dico, criticou o desmonte de equipamentos usados no pico da covid-19, no ano passado. \u201cPor que os hospitais de campanha n\u00e3o s\u00e3o reabertos?\u201d, questionou. E denunciou que as policl\u00ednicas do Recife que oferecem tratamento para covid-19 n\u00e3o disp\u00f5em de todos os exames laboratoriais necess\u00e1rios para se detectar a doen\u00e7a. Segundo disse, elas tamb\u00e9m n\u00e3o t\u00eam a m\u00e1quina para a realiza\u00e7\u00e3o da gasometria (um exame de sangue).<\/p>\n<p style=\"text-align: justify;\">O vereador Marco Aur\u00e9lio Filho ressaltou que o momento pede uni\u00e3o de toda a sociedade para conter a propaga\u00e7\u00e3o do v\u00edrus. \u201cDo ponto de vista pol\u00edtico, independentemente de ser governo ou oposi\u00e7\u00e3o, n\u00e3o devemos usar o v\u00edrus como palanque pol\u00edtico. H\u00e1 um grave problema sanit\u00e1rio, e tamb\u00e9m econ\u00f4mico, que pedem o nosso emprenho\u201d. Ele lembrou: \u201cO Conecta Recife \u00e9 um modelo inovador no plano de imuniza\u00e7\u00e3o\u201d, disse.<\/p>\n<p style=\"text-align: justify;\">J\u00e1 o vereador H\u00e9lio Guabiraba convocou todos os presentes na reuni\u00e3o para lutarem contra o v\u00edrus. \u201cAcho que todos n\u00f3s devemos entrar de cabe\u00e7a nessa luta, pois este \u00e9 o momento de somar. Chegou a hora de as autoridades m\u00e9dicas e n\u00f3s, pol\u00edticos, nos unirmos para combater o inimigo em comum\u201d. Ele aproveitou para elogiar o prefeito Jo\u00e3o Campos que \u201cem dois meses j\u00e1 vacinou muitos recifenses\u201d. A escassez de vacinas, lembrou, \u00e9 da responsabilidade do Governo Federal e atinge todo o Pa\u00eds.<\/p>\n<p style=\"text-align: justify;\">O \u00faltimo a falar foi o vereador Eriberto Rafael. Ele quis saber quais as principais dificuldades da comunidade m\u00e9dica no Recife. O vereador, que reconhece o problema da superlota\u00e7\u00e3o do transporte p\u00fablico e o perigo que isso representa para a transmiss\u00e3o do v\u00edrus, sugeriu que, al\u00e9m do aumento da frota, pode ser mais eficaz a ado\u00e7\u00e3o de hor\u00e1rios alternados de trabalho para o setor produtivo. Com isso, n\u00e3o haveria superlota\u00e7\u00f5es. A ideia do parlamentar foi aprovada pelas autoridades m\u00e9dicas.<\/p>\n<p style=\"text-align: justify;\">Para o presidente do Cremepe, M\u00e1rio Lins, a grande preocupa\u00e7\u00e3o do momento \u00e9 com a transmiss\u00e3o da carga viral, que em seu entender est\u00e1 muito acelerada. Ele apontou que faltam leitos nos hospitais e que, diante da grande quantidade de casos da doen\u00e7a que surgem por dia, \u201cos m\u00e9dicos est\u00e3o trabalhando exaustivamente\u201d. Depois acrescentou: \u201cOs m\u00e9dicos n\u00e3o est\u00e3o exaustos. Est\u00e3o destro\u00e7ados\u201d. Para M\u00e1rio Lins, a vacina\u00e7\u00e3o em massa precisa ser urgente e priorit\u00e1ria, mas lamentou que apesar disso o Pa\u00eds n\u00e3o tem os imunizantes. Ele preferiu n\u00e3o fazer cr\u00edticas ao poder p\u00fablico. \u201cNesse momento de crise, \u00e9 preciso ser parcimonioso e fazer julgamentos com isen\u00e7\u00e3o\u201d.<\/p>\n<p style=\"text-align: justify;\">O presidente da APM, Hildo Azevedo, disse que o Sistema \u00danico de Sa\u00fade (SUS) tem sido a arma de defesa da popula\u00e7\u00e3o brasileira nesta \u201cbatalha que atinge todos n\u00f3s\u201d. Azevedo disse ainda que n\u00e3o d\u00e1 para se fazer proje\u00e7\u00f5es sobre at\u00e9 quando a pandemia se estender\u00e1 no Brasil e que h\u00e1 possibilidade de a covid-19 se tornar end\u00eamica. O m\u00e9dico foi incisivo em dizer que \u00e9 preciso respeitar os protocolos sanit\u00e1rios e acredita que o uso de apenas uma m\u00e1scara \u00e9 insuficiente para impedir a contamina\u00e7\u00e3o. \u201cPrecisamos de duas\u201d.<\/p>\n<p style=\"text-align: justify;\">O presidente da AMP, Bento Bezerra, leu um manifesto de 54 associa\u00e7\u00f5es m\u00e9dicas especializadas, de todo o Pa\u00eds, dizendo que n\u00e3o h\u00e1 rem\u00e9dio para uso pr\u00e9-hospitalar que impe\u00e7a o desenvolvimento da covid-19. Ele n\u00e3o recomenda o tratamento precoce. \u201cAs recomenda\u00e7\u00f5es para se reduzir a circula\u00e7\u00e3o do v\u00edrus e diminuir a taxa de transmiss\u00e3o continuam sendo os protocolos sanit\u00e1rios conhecidos\u201d. Afirmou categoricamente que o transporte p\u00fablico \u00e9 hoje o grande vetor de transmiss\u00e3o da covid-19.<\/p>\n<p style=\"text-align: justify;\">A presidente do Simepe, Cl\u00e1udia Beatriz, disse que desde novembro de 2020, j\u00e1 se sabia que a curva de casos aumentaria neste ano. \u201cSabia-se, inclusive, que o problema poderia ser at\u00e9 maior do que o de 2020. Mas faltou planejamento e organiza\u00e7\u00e3o\u201d. Ela afirmou que n\u00e3o existe uma solu\u00e7\u00e3o \u201ccomo forma milagrosa e salvadora para conter a pandemia. Por isso, vamos precisar de v\u00e1rias medidas emergenciais para minimizar a situa\u00e7\u00e3o\u201d. Foi ela quem denunciou que o pessoal m\u00e9dico da rede municipal n\u00e3o foi totalmente vacinado. \u201cMuitos m\u00e9dicos jovens n\u00e3o foram contemplados com a vacina\u00e7\u00e3o\u201d. Para ela, a quarentena n\u00e3o ser\u00e1 suficiente \u201cpara dar conta da doen\u00e7a\u201d.<\/p>\n<p style=\"text-align: justify;\"><a href=\"http:\/\/www.recife.pe.leg.br\/comunicacao\/noticias\/2021\/03\/comissao-de-combate-ao-coronavirus-realiza-reuniao-com-autoridades-medicas-do-estado\">Fonte: C\u00e2mara Municipal do Recife<\/a><\/p>\n","protected":false},"excerpt":{"rendered":"<p>Com a presen\u00e7a de representantes das quatro principais entidades m\u00e9dicas de Pernambuco, a Comiss\u00e3o Especial Interpartid\u00e1ria de Acompanhamento ao Coronav\u00edrus, da C\u00e2mara Municipal do Recife, realizou reuni\u00e3o virtual na manh\u00e3 desta quinta-feira (18). O encontro coincidiu com o primeiro dos 11 dias da quarentena decretada pelo Governo do Estado, quando apenas os servi\u00e7os essenciais poder\u00e3o [&hellip;]<\/p>\n","protected":false},"author":1,"featured_media":0,"comment_status":"open","ping_status":"open","sticky":false,"template":"","format":"standard","meta":{"ocean_post_layout":"","ocean_both_sidebars_style":"","ocean_both_sidebars_content_width":0,"ocean_both_sidebars_sidebars_width":0,"ocean_sidebar":"","ocean_second_sidebar":"","ocean_disable_margins":"enable","ocean_add_body_class":"","ocean_shortcode_before_top_bar":"","ocean_shortcode_after_top_bar":"","ocean_shortcode_before_header":"","ocean_shortcode_after_header":"","ocean_has_shortcode":"","ocean_shortcode_after_title":"","ocean_shortcode_before_footer_widgets":"","ocean_shortcode_after_footer_widgets":"","ocean_shortcode_before_footer_bottom":"","ocean_shortcode_after_footer_bottom":"","ocean_display_top_bar":"default","ocean_display_header":"default","ocean_header_style":"","ocean_center_header_left_menu":"","ocean_custom_header_template":"","ocean_custom_logo":0,"ocean_custom_retina_logo":0,"ocean_custom_logo_max_width":0,"ocean_custom_logo_tablet_max_width":0,"ocean_custom_logo_mobile_max_width":0,"ocean_custom_logo_max_height":0,"ocean_custom_logo_tablet_max_height":0,"ocean_custom_logo_mobile_max_height":0,"ocean_header_custom_menu":"","ocean_menu_typo_font_family":"","ocean_menu_typo_font_subset":"","ocean_menu_typo_font_size":0,"ocean_menu_typo_font_size_tablet":0,"ocean_menu_typo_font_size_mobile":0,"ocean_menu_typo_font_size_unit":"px","ocean_menu_typo_font_weight":"","ocean_menu_typo_font_weight_tablet":"","ocean_menu_typo_font_weight_mobile":"","ocean_menu_typo_transform":"","ocean_menu_typo_transform_tablet":"","ocean_menu_typo_transform_mobile":"","ocean_menu_typo_line_height":0,"ocean_menu_typo_line_height_tablet":0,"ocean_menu_typo_line_height_mobile":0,"ocean_menu_typo_line_height_unit":"","ocean_menu_typo_spacing":0,"ocean_menu_typo_spacing_tablet":0,"ocean_menu_typo_spacing_mobile":0,"ocean_menu_typo_spacing_unit":"","ocean_menu_link_color":"","ocean_menu_link_color_hover":"","ocean_menu_link_color_active":"","ocean_menu_link_background":"","ocean_menu_link_hover_background":"","ocean_menu_link_active_background":"","ocean_menu_social_links_bg":"","ocean_menu_social_hover_links_bg":"","ocean_menu_social_links_color":"","ocean_menu_social_hover_links_color":"","ocean_disable_title":"default","ocean_disable_heading":"default","ocean_post_title":"","ocean_post_subheading":"","ocean_post_title_style":"","ocean_post_title_background_color":"","ocean_post_title_background":0,"ocean_post_title_bg_image_position":"","ocean_post_title_bg_image_attachment":"","ocean_post_title_bg_image_repeat":"","ocean_post_title_bg_image_size":"","ocean_post_title_height":0,"ocean_post_title_bg_overlay":0.5,"ocean_post_title_bg_overlay_color":"","ocean_disable_breadcrumbs":"default","ocean_breadcrumbs_color":"","ocean_breadcrumbs_separator_color":"","ocean_breadcrumbs_links_color":"","ocean_breadcrumbs_links_hover_color":"","ocean_display_footer_widgets":"default","ocean_display_footer_bottom":"default","ocean_custom_footer_template":"","ocean_post_oembed":"","ocean_post_self_hosted_media":"","ocean_post_video_embed":"","ocean_link_format":"","ocean_link_format_target":"self","ocean_quote_format":"","ocean_quote_format_link":"post","ocean_gallery_link_images":"on","ocean_gallery_id":[]},"categories":[1],"tags":[],"acf":[],"_links":{"self":[{"href":"https:\/\/www.simepe.com.br\/novo\/wp-json\/wp\/v2\/posts\/58600"}],"collection":[{"href":"https:\/\/www.simepe.com.br\/novo\/wp-json\/wp\/v2\/posts"}],"about":[{"href":"https:\/\/www.simepe.com.br\/novo\/wp-json\/wp\/v2\/types\/post"}],"author":[{"embeddable":true,"href":"https:\/\/www.simepe.com.br\/novo\/wp-json\/wp\/v2\/users\/1"}],"replies":[{"embeddable":true,"href":"https:\/\/www.simepe.com.br\/novo\/wp-json\/wp\/v2\/comments?post=58600"}],"version-history":[{"count":1,"href":"https:\/\/www.simepe.com.br\/novo\/wp-json\/wp\/v2\/posts\/58600\/revisions"}],"predecessor-version":[{"id":58601,"href":"https:\/\/www.simepe.com.br\/novo\/wp-json\/wp\/v2\/posts\/58600\/revisions\/58601"}],"wp:attachment":[{"href":"https:\/\/www.simepe.com.br\/novo\/wp-json\/wp\/v2\/media?parent=58600"}],"wp:term":[{"taxonomy":"category","embeddable":true,"href":"https:\/\/www.simepe.com.br\/novo\/wp-json\/wp\/v2\/categories?post=58600"},{"taxonomy":"post_tag","embeddable":true,"href":"https:\/\/www.simepe.com.br\/novo\/wp-json\/wp\/v2\/tags?post=58600"}],"curies":[{"name":"wp","href":"https:\/\/api.w.org\/{rel}","templated":true}]}}