{"id":58609,"date":"2021-03-18T10:51:04","date_gmt":"2021-03-18T13:51:04","guid":{"rendered":"https:\/\/www.simepe.com.br\/novo\/?p=58609"},"modified":"2021-03-22T10:51:56","modified_gmt":"2021-03-22T13:51:56","slug":"camara-do-recife-debate-crise-do-coronavirus-com-entidades-medicas","status":"publish","type":"post","link":"https:\/\/www.simepe.com.br\/novo\/camara-do-recife-debate-crise-do-coronavirus-com-entidades-medicas\/","title":{"rendered":"C\u00e2mara do Recife debate crise do coronav\u00edrus com entidades m\u00e9dicas"},"content":{"rendered":"<p style=\"text-align: justify;\">Nesta quinta-feira (18), primeiro dia de quarentena em Pernambuco, a Comiss\u00e3o de Acompanhamento do Coronav\u00edrus da C\u00e2mara do Recife recebeu representantes de entidades m\u00e9dicas para discutir a crise gerada pelo v\u00edrus na cidade. Foram levantados pontos como a import\u00e2ncia de continuar a vacina\u00e7\u00e3o e de estipular hor\u00e1rios alternados para a popula\u00e7\u00e3o ir trabalhar mesmo fora do per\u00edodo da quarentena.<\/p>\n<p style=\"text-align: justify;\">Participaram do encontro virtual o presidente do Conselho Regional de Medicina (Cremepe), M\u00e1rio Lins; o presidente da Academia Pernambucana de Medicina (APM), Hildo Azevedo; o presidente da Associa\u00e7\u00e3o M\u00e9dica de Pernambuco (AMP), Bento Bezerra; e a presidente do Sindicato dos M\u00e9dicos (Simepe), Cl\u00e1udia Beatriz, al\u00e9m dos vereadores Eriberto Rafael (PP), Marco Aur\u00e9lio Filho (PRTB), Ivan Moraes (PSOL), Ana L\u00facia (Republicanos), H\u00e9lio Guabiraba (PSB) e Tadeu Calheiros (Podemos).<\/p>\n<p style=\"text-align: justify;\">\u201cA reuni\u00e3o foi importante para ouvir as entidades que representam os m\u00e9dicos da linha de frente. Eles trouxeram as necessidades dos profissionais e diversas contribui\u00e7\u00f5es para o combate da doen\u00e7a. Vamos ouvir as demandas e sugest\u00f5es de outras categorias da sa\u00fade\u201d, destaca o vereador Eriberto Rafael, presidente da Comiss\u00e3o.<\/p>\n<p style=\"text-align: justify;\"><strong>Presta\u00e7\u00e3o de contas<\/strong><\/p>\n<p style=\"text-align: justify;\">Na pr\u00f3xima ter\u00e7a-feira, \u00e0s 9h, a secret\u00e1ria de Sa\u00fade, Luciana Albuquerque, participar\u00e1 de outra reuni\u00e3o da Comiss\u00e3o. Ela apresentar\u00e1 uma presta\u00e7\u00e3o de contas de todas as a\u00e7\u00f5es tomadas pela pasta no combate ao v\u00edrus. Ser\u00e1 transmitida ao vivo pelo site e YouTube da C\u00e2mara do Recife.<\/p>\n<p style=\"text-align: justify;\"><a href=\"https:\/\/www.folhape.com.br\/colunistas\/blogdafolha\/camara-do-recife-debate-crise-do-coronavirus-com-entidades-medicas\/23836\/\">Fonte: Folha de Pernambuco<\/a><\/p>\n","protected":false},"excerpt":{"rendered":"<p>Nesta quinta-feira (18), primeiro dia de quarentena em Pernambuco, a Comiss\u00e3o de Acompanhamento do Coronav\u00edrus da C\u00e2mara do Recife recebeu representantes de entidades m\u00e9dicas para discutir a crise gerada pelo v\u00edrus na cidade. Foram levantados pontos como a import\u00e2ncia de continuar a vacina\u00e7\u00e3o e de estipular hor\u00e1rios alternados para a popula\u00e7\u00e3o ir trabalhar mesmo fora [&hellip;]<\/p>\n","protected":false},"author":1,"featured_media":0,"comment_status":"open","ping_status":"open","sticky":false,"template":"","format":"standard","meta":{"ocean_post_layout":"","ocean_both_sidebars_style":"","ocean_both_sidebars_content_width":0,"ocean_both_sidebars_sidebars_width":0,"ocean_sidebar":"","ocean_second_sidebar":"","ocean_disable_margins":"enable","ocean_add_body_class":"","ocean_shortcode_before_top_bar":"","ocean_shortcode_after_top_bar":"","ocean_shortcode_before_header":"","ocean_shortcode_after_header":"","ocean_has_shortcode":"","ocean_shortcode_after_title":"","ocean_shortcode_before_footer_widgets":"","ocean_shortcode_after_footer_widgets":"","ocean_shortcode_before_footer_bottom":"","ocean_shortcode_after_footer_bottom":"","ocean_display_top_bar":"default","ocean_display_header":"default","ocean_header_style":"","ocean_center_header_left_menu":"","ocean_custom_header_template":"","ocean_custom_logo":0,"ocean_custom_retina_logo":0,"ocean_custom_logo_max_width":0,"ocean_custom_logo_tablet_max_width":0,"ocean_custom_logo_mobile_max_width":0,"ocean_custom_logo_max_height":0,"ocean_custom_logo_tablet_max_height":0,"ocean_custom_logo_mobile_max_height":0,"ocean_header_custom_menu":"","ocean_menu_typo_font_family":"","ocean_menu_typo_font_subset":"","ocean_menu_typo_font_size":0,"ocean_menu_typo_font_size_tablet":0,"ocean_menu_typo_font_size_mobile":0,"ocean_menu_typo_font_size_unit":"px","ocean_menu_typo_font_weight":"","ocean_menu_typo_font_weight_tablet":"","ocean_menu_typo_font_weight_mobile":"","ocean_menu_typo_transform":"","ocean_menu_typo_transform_tablet":"","ocean_menu_typo_transform_mobile":"","ocean_menu_typo_line_height":0,"ocean_menu_typo_line_height_tablet":0,"ocean_menu_typo_line_height_mobile":0,"ocean_menu_typo_line_height_unit":"","ocean_menu_typo_spacing":0,"ocean_menu_typo_spacing_tablet":0,"ocean_menu_typo_spacing_mobile":0,"ocean_menu_typo_spacing_unit":"","ocean_menu_link_color":"","ocean_menu_link_color_hover":"","ocean_menu_link_color_active":"","ocean_menu_link_background":"","ocean_menu_link_hover_background":"","ocean_menu_link_active_background":"","ocean_menu_social_links_bg":"","ocean_menu_social_hover_links_bg":"","ocean_menu_social_links_color":"","ocean_menu_social_hover_links_color":"","ocean_disable_title":"default","ocean_disable_heading":"default","ocean_post_title":"","ocean_post_subheading":"","ocean_post_title_style":"","ocean_post_title_background_color":"","ocean_post_title_background":0,"ocean_post_title_bg_image_position":"","ocean_post_title_bg_image_attachment":"","ocean_post_title_bg_image_repeat":"","ocean_post_title_bg_image_size":"","ocean_post_title_height":0,"ocean_post_title_bg_overlay":0.5,"ocean_post_title_bg_overlay_color":"","ocean_disable_breadcrumbs":"default","ocean_breadcrumbs_color":"","ocean_breadcrumbs_separator_color":"","ocean_breadcrumbs_links_color":"","ocean_breadcrumbs_links_hover_color":"","ocean_display_footer_widgets":"default","ocean_display_footer_bottom":"default","ocean_custom_footer_template":"","ocean_post_oembed":"","ocean_post_self_hosted_media":"","ocean_post_video_embed":"","ocean_link_format":"","ocean_link_format_target":"self","ocean_quote_format":"","ocean_quote_format_link":"post","ocean_gallery_link_images":"on","ocean_gallery_id":[]},"categories":[1],"tags":[],"acf":[],"_links":{"self":[{"href":"https:\/\/www.simepe.com.br\/novo\/wp-json\/wp\/v2\/posts\/58609"}],"collection":[{"href":"https:\/\/www.simepe.com.br\/novo\/wp-json\/wp\/v2\/posts"}],"about":[{"href":"https:\/\/www.simepe.com.br\/novo\/wp-json\/wp\/v2\/types\/post"}],"author":[{"embeddable":true,"href":"https:\/\/www.simepe.com.br\/novo\/wp-json\/wp\/v2\/users\/1"}],"replies":[{"embeddable":true,"href":"https:\/\/www.simepe.com.br\/novo\/wp-json\/wp\/v2\/comments?post=58609"}],"version-history":[{"count":1,"href":"https:\/\/www.simepe.com.br\/novo\/wp-json\/wp\/v2\/posts\/58609\/revisions"}],"predecessor-version":[{"id":58610,"href":"https:\/\/www.simepe.com.br\/novo\/wp-json\/wp\/v2\/posts\/58609\/revisions\/58610"}],"wp:attachment":[{"href":"https:\/\/www.simepe.com.br\/novo\/wp-json\/wp\/v2\/media?parent=58609"}],"wp:term":[{"taxonomy":"category","embeddable":true,"href":"https:\/\/www.simepe.com.br\/novo\/wp-json\/wp\/v2\/categories?post=58609"},{"taxonomy":"post_tag","embeddable":true,"href":"https:\/\/www.simepe.com.br\/novo\/wp-json\/wp\/v2\/tags?post=58609"}],"curies":[{"name":"wp","href":"https:\/\/api.w.org\/{rel}","templated":true}]}}