{"id":58611,"date":"2021-03-15T10:52:42","date_gmt":"2021-03-15T13:52:42","guid":{"rendered":"https:\/\/www.simepe.com.br\/novo\/?p=58611"},"modified":"2021-03-22T10:53:43","modified_gmt":"2021-03-22T13:53:43","slug":"semana-comeca-com-expectativa-se-governo-de-pernambuco-adotara-medidas-restritivas-mais-duras-3","status":"publish","type":"post","link":"https:\/\/www.simepe.com.br\/novo\/semana-comeca-com-expectativa-se-governo-de-pernambuco-adotara-medidas-restritivas-mais-duras-3\/","title":{"rendered":"Semana come\u00e7a com expectativa se governo de Pernambuco adotar\u00e1 medidas restritivas mais duras"},"content":{"rendered":"<p style=\"text-align: justify;\">A semana come\u00e7a, em Pernambuco, com expectativa se o governador Paulo C\u00e2mara vai anunciar medidas mais restritivas em rela\u00e7\u00e3o \u00e0 circula\u00e7\u00e3o de pessoas, uma das preocupa\u00e7\u00f5es para conter o avan\u00e7o da covid-19 no Estado, que j\u00e1 contabiliza 317.528 casos confirmados da doen\u00e7a e 11.383 mortes. No \u00faltimo s\u00e1bado (13), em pronunciamento divulgado em suas redes sociais, ele destacou que se o cen\u00e1rio seguir piorando poder\u00e1, sim, anunciar regras mais r\u00edgidas. \u201cNosso comit\u00ea de enfrentamento \u00e0 pandemia analisa de forma permanente os n\u00fameros da doen\u00e7a no Estado. Se a situa\u00e7\u00e3o continuar se agravando, teremos medidas restritivas mais duras nos pr\u00f3ximos dias. O momento exige toda cautela e um descuido pode representar uma perda irrepar\u00e1vel. E n\u00f3s queremos vencer essa batalha\u201d, afirmou Paulo C\u00e2mara. O decreto estadual que est\u00e1 valendo expira na pr\u00f3xima quarta-feira (17), mas pode ser prorrogado ou ampliado. At\u00e9 l\u00e1, servi\u00e7os n\u00e3o essenciais devem fechar \u00e0s 20h e s\u00f3 podem reabrir no dia seguinte, a partir das 5h. O decreto autoriza tamb\u00e9m que as aulas presenciais em escolas p\u00fablicas podem voltar, para turmas do 6\u00ba ao 9\u00ba ano do ensino fundamental, a partir da quinta-feira (18). No ano passado, a pandemia teve os meses de abril e maio considerados como os mais cr\u00edticos em Pernambuco. Foi justamente em maio que houve lockdown no Recife e em mais quatro cidades da Regi\u00e3o Metropolitana: Olinda, Jaboat\u00e3o dos Guararapes, Camaragibe e S\u00e3o Louren\u00e7o da Mata. Por um per\u00edodo de 15 dias, de 16 a 31 de maio de 2020, s\u00f3 puderam funcionar servi\u00e7os essenciais. Houve restri\u00e7\u00e3o do tr\u00e2nsito de ve\u00edculos, aumento da fiscaliza\u00e7\u00e3o em estabelecimentos comerciais e redu\u00e7\u00e3o da circula\u00e7\u00e3o de pessoas. Esses munic\u00edpios foram escolhidos porque somavam, naquele per\u00edodo, 75% dos casos confirmados e 68% dos \u00f3bitos de covid-19 no Estado. M\u00c9DICOS Chefe do Departamento de Infectologia do Hospital Universit\u00e1rio Oswaldo Cruz (Huoc), primeira unidade de sa\u00fade do Estado referenciada para tratar a covid-19 no Estado, o medico Demetrius Montenegro acompanha de perto a pandemia desde o in\u00edcio. Foi ele que tratou os dois primeiros casos da doen\u00e7a e segue at\u00e9 hoje na rotina de UTIs no Huoc e no Hospital Portugu\u00eas com pacientes infectados pelo coronav\u00edrus. Ele defende medidas mais severas como o lockdown. \u201cEu sei que fazer lockdown, fechar tudo tem impacto emocional e social muito grande. Do ponto de vista pol\u00edtico \u00e9 extremamente complicado. Mas do ponto de vista sanit\u00e1rio \u00e9 o caminho. Muita gente diz que n\u00e3o adianta de nada, mas se olharmos para pa\u00edses como a Inglaterra, que instituiu o lockdown. Ou Portugal, hoje o pa\u00eds da Europa que tem a menor taxa de transmiss\u00e3o. E o que fizeram l\u00e1? Lockdown e vacina, com isso diminuiu a taxa de transmiss\u00e3o. A Nova Zel\u00e2ndia, pa\u00eds exemplo de condu\u00e7\u00e3o na pandemia. Recentemente tiveram tr\u00eas casos na capital e com esses tr\u00eas casos foi decretado lockdown\u201d, diz Demetrius. \u201cEnt\u00e3o n\u00e3o pode dizer que n\u00e3o tem efeito. Agora tem, sem d\u00favida, impacto social e econ\u00f4mico. \u00c9 um balan\u00e7a de um equil\u00edbrio muito dif\u00edcil, a quest\u00e3o sanit\u00e1ria com a quest\u00e3o econ\u00f4mica. A solu\u00e7\u00e3o seria vacina em massa, porque a\u00ed resolveria as duas quest\u00f5es\u201d, observa o m\u00e9dico.<\/p>\n<p style=\"text-align: justify;\"><strong>COBRAN\u00c7A<\/strong><\/p>\n<p style=\"text-align: justify;\">Na \u00faltima sexta-feira (12), o Sindicato dos M\u00e9dicos de Pernambuco (Simepe), o Conselho Regional de Medicina de Pernambuco (Cremepe), a Associa\u00e7\u00e3o M\u00e9dica de Pernambuco (AMPE) e Academia Pernambucana de Medicina (APM) divulgaram um comunicado conjunto demonstrando grande preocupa\u00e7\u00e3o com a pandemia. \u201cDiante de uma crise nunca vista na hist\u00f3ria recente da humanidade, com quase 300 mil \u00f3bitos no Brasil, com uma m\u00e9dia di\u00e1ria j\u00e1 acima de 2 mil casos letais e um profundo enfraquecimento da economia, veem \u00e0 p\u00fablico refor\u00e7ar a necessidade de medidas efetivas para o enfrentamento da covid-19. Neste penoso momento, repudiamos qualquer forma de \u201cnegacionismo\u201d, bem como lamentamos a falta de uma coordena\u00e7\u00e3o nacional respons\u00e1vel; tamb\u00e9m n\u00e3o podemos admitir a falta de leitos, insumos e equipamentos. \u00c9 hora de um esfor\u00e7o conjunto de todos, indistintamente\u201d, destacaram as entidades.<\/p>\n<p style=\"text-align: justify;\"><a href=\"https:\/\/superblogcidadelivre.com.br\/semana-comeca-com-expectativa-se-governo-de-pernambuco-adotara-medidas-restritivas-mais-duras\/\">Fonte: Super Blog Cidade Livre<\/a><\/p>\n","protected":false},"excerpt":{"rendered":"<p>A semana come\u00e7a, em Pernambuco, com expectativa se o governador Paulo C\u00e2mara vai anunciar medidas mais restritivas em rela\u00e7\u00e3o \u00e0 circula\u00e7\u00e3o de pessoas, uma das preocupa\u00e7\u00f5es para conter o avan\u00e7o da covid-19 no Estado, que j\u00e1 contabiliza 317.528 casos confirmados da doen\u00e7a e 11.383 mortes. No \u00faltimo s\u00e1bado (13), em pronunciamento divulgado em suas redes [&hellip;]<\/p>\n","protected":false},"author":1,"featured_media":0,"comment_status":"open","ping_status":"open","sticky":false,"template":"","format":"standard","meta":{"ocean_post_layout":"","ocean_both_sidebars_style":"","ocean_both_sidebars_content_width":0,"ocean_both_sidebars_sidebars_width":0,"ocean_sidebar":"","ocean_second_sidebar":"","ocean_disable_margins":"enable","ocean_add_body_class":"","ocean_shortcode_before_top_bar":"","ocean_shortcode_after_top_bar":"","ocean_shortcode_before_header":"","ocean_shortcode_after_header":"","ocean_has_shortcode":"","ocean_shortcode_after_title":"","ocean_shortcode_before_footer_widgets":"","ocean_shortcode_after_footer_widgets":"","ocean_shortcode_before_footer_bottom":"","ocean_shortcode_after_footer_bottom":"","ocean_display_top_bar":"default","ocean_display_header":"default","ocean_header_style":"","ocean_center_header_left_menu":"","ocean_custom_header_template":"","ocean_custom_logo":0,"ocean_custom_retina_logo":0,"ocean_custom_logo_max_width":0,"ocean_custom_logo_tablet_max_width":0,"ocean_custom_logo_mobile_max_width":0,"ocean_custom_logo_max_height":0,"ocean_custom_logo_tablet_max_height":0,"ocean_custom_logo_mobile_max_height":0,"ocean_header_custom_menu":"","ocean_menu_typo_font_family":"","ocean_menu_typo_font_subset":"","ocean_menu_typo_font_size":0,"ocean_menu_typo_font_size_tablet":0,"ocean_menu_typo_font_size_mobile":0,"ocean_menu_typo_font_size_unit":"px","ocean_menu_typo_font_weight":"","ocean_menu_typo_font_weight_tablet":"","ocean_menu_typo_font_weight_mobile":"","ocean_menu_typo_transform":"","ocean_menu_typo_transform_tablet":"","ocean_menu_typo_transform_mobile":"","ocean_menu_typo_line_height":0,"ocean_menu_typo_line_height_tablet":0,"ocean_menu_typo_line_height_mobile":0,"ocean_menu_typo_line_height_unit":"","ocean_menu_typo_spacing":0,"ocean_menu_typo_spacing_tablet":0,"ocean_menu_typo_spacing_mobile":0,"ocean_menu_typo_spacing_unit":"","ocean_menu_link_color":"","ocean_menu_link_color_hover":"","ocean_menu_link_color_active":"","ocean_menu_link_background":"","ocean_menu_link_hover_background":"","ocean_menu_link_active_background":"","ocean_menu_social_links_bg":"","ocean_menu_social_hover_links_bg":"","ocean_menu_social_links_color":"","ocean_menu_social_hover_links_color":"","ocean_disable_title":"default","ocean_disable_heading":"default","ocean_post_title":"","ocean_post_subheading":"","ocean_post_title_style":"","ocean_post_title_background_color":"","ocean_post_title_background":0,"ocean_post_title_bg_image_position":"","ocean_post_title_bg_image_attachment":"","ocean_post_title_bg_image_repeat":"","ocean_post_title_bg_image_size":"","ocean_post_title_height":0,"ocean_post_title_bg_overlay":0.5,"ocean_post_title_bg_overlay_color":"","ocean_disable_breadcrumbs":"default","ocean_breadcrumbs_color":"","ocean_breadcrumbs_separator_color":"","ocean_breadcrumbs_links_color":"","ocean_breadcrumbs_links_hover_color":"","ocean_display_footer_widgets":"default","ocean_display_footer_bottom":"default","ocean_custom_footer_template":"","ocean_post_oembed":"","ocean_post_self_hosted_media":"","ocean_post_video_embed":"","ocean_link_format":"","ocean_link_format_target":"self","ocean_quote_format":"","ocean_quote_format_link":"post","ocean_gallery_link_images":"on","ocean_gallery_id":[]},"categories":[1],"tags":[],"acf":[],"_links":{"self":[{"href":"https:\/\/www.simepe.com.br\/novo\/wp-json\/wp\/v2\/posts\/58611"}],"collection":[{"href":"https:\/\/www.simepe.com.br\/novo\/wp-json\/wp\/v2\/posts"}],"about":[{"href":"https:\/\/www.simepe.com.br\/novo\/wp-json\/wp\/v2\/types\/post"}],"author":[{"embeddable":true,"href":"https:\/\/www.simepe.com.br\/novo\/wp-json\/wp\/v2\/users\/1"}],"replies":[{"embeddable":true,"href":"https:\/\/www.simepe.com.br\/novo\/wp-json\/wp\/v2\/comments?post=58611"}],"version-history":[{"count":1,"href":"https:\/\/www.simepe.com.br\/novo\/wp-json\/wp\/v2\/posts\/58611\/revisions"}],"predecessor-version":[{"id":58612,"href":"https:\/\/www.simepe.com.br\/novo\/wp-json\/wp\/v2\/posts\/58611\/revisions\/58612"}],"wp:attachment":[{"href":"https:\/\/www.simepe.com.br\/novo\/wp-json\/wp\/v2\/media?parent=58611"}],"wp:term":[{"taxonomy":"category","embeddable":true,"href":"https:\/\/www.simepe.com.br\/novo\/wp-json\/wp\/v2\/categories?post=58611"},{"taxonomy":"post_tag","embeddable":true,"href":"https:\/\/www.simepe.com.br\/novo\/wp-json\/wp\/v2\/tags?post=58611"}],"curies":[{"name":"wp","href":"https:\/\/api.w.org\/{rel}","templated":true}]}}