{"id":58619,"date":"2021-03-22T11:00:36","date_gmt":"2021-03-22T14:00:36","guid":{"rendered":"https:\/\/www.simepe.com.br\/novo\/?p=58619"},"modified":"2021-03-22T11:00:36","modified_gmt":"2021-03-22T14:00:36","slug":"paulista-amplia-vacinacao-para-idosos-a-partir-dos-70-anos-nesta-terca-23","status":"publish","type":"post","link":"https:\/\/www.simepe.com.br\/novo\/paulista-amplia-vacinacao-para-idosos-a-partir-dos-70-anos-nesta-terca-23\/","title":{"rendered":"Paulista amplia vacina\u00e7\u00e3o para idosos a partir dos 70 anos nesta ter\u00e7a (23)"},"content":{"rendered":"<p><em>O hor\u00e1rio de atendimento ser\u00e1 das 8h \u00e0s 13h.<\/em><\/p>\n<p>O munic\u00edpio de Paulista recebeu neste \u00faltimo s\u00e1bado (20) cerca de 7 mil doses da CoronaVac\u00a0e dar\u00e1 in\u00edcio a imuniza\u00e7\u00e3o para idosos com idade a partir de 70 anos a partir da pr\u00f3xima ter\u00e7a-feira (23).\u00a0O hor\u00e1rio de atendimento ser\u00e1 das 8h \u00e0s 13h.<\/p>\n<p>Com o objetivo de acelerar a imuniza\u00e7\u00e3o, o prefeito Yves Ribeiro determinou que a vacina\u00e7\u00e3o ocorra agora em 7 pontos na cidade. S\u00e3o eles:<\/p>\n<p><strong>Policl\u00ednica Adolfo Speck<\/strong><br \/>\nR. Mimoso, 35, Artur Lundgren I.<\/p>\n<p><strong>P\u00e1tio da Igreja Nossa Senhora do \u00d3<\/strong><br \/>\nAv. Dr. Cl\u00e1udio Jos\u00e9 Gueiros Leite, 7113 &#8211; Nossa Sra. do \u00d3<\/p>\n<p><strong>Pra\u00e7a\u00a0 Jo\u00e3o\u00a0 Pessoa<\/strong><br \/>\nCentro de Paulista<\/p>\n<p><strong>Clube Municipal do Nobre<\/strong><br \/>\nR. do Nobre, s\/n &#8211; Nobre, Paulista<\/p>\n<p><strong>Centro Administrativo<\/strong><br \/>\nAv. Prefeito Geraldo Pinho Alves, 222, Maranguape I<\/p>\n<p><strong>USF Ana Nery<\/strong><br \/>\nRua Jos\u00e9 Pereira de Amorim, 120 &#8211; Maria Farinha<\/p>\n<p><strong>Clube Municipal de Paratibe<\/strong><br \/>\nRua Doutor Jos\u00e9 Mariano, sn &#8211; Paratibe<\/p>\n<p><strong>Cadastro Online<\/strong><br \/>\nPara realizar o agendamento \u00e9 obrigat\u00f3rio primeiro o cidad\u00e3o se cadastrar. Todo processo \u00e9 online e o benefici\u00e1rio precisar\u00e1 informar dados pessoais, como: nome completo, endere\u00e7o e documento de identidade e CPF. O cidad\u00e3o tamb\u00e9m precisa anexar um comprovante de resid\u00eancia e um documento com foto (RG).<\/p>\n<p><strong>Passo a passo do agendamento online<\/strong><br \/>\nO agendamento a princ\u00edpio se dar\u00e1 atrav\u00e9s de aplicativo compat\u00edvel com a plataforma Android e estar\u00e1 dispon\u00edvel para download no site. Ap\u00f3s o cadastramento o cidad\u00e3o acessar\u00e1 o aplicativo com o login do CPF cadastrado e a senha ser\u00e1 a data de nascimento. Em breve o aplicativo estar\u00e1 dispon\u00edvel para os dispositivos IOS.<\/p>\n<p><strong>Idosos com mobilidade reduzida<\/strong><br \/>\nOs idosos que possuem mobilidade reduzida precisam que algum respons\u00e1vel se dirija a Unidade B\u00e1sica de Sa\u00fade mais pr\u00f3xima solicitando imuniza\u00e7\u00e3o domiciliar. Caso seu bairro esteja acobertado por um ACS (Agente Comunit\u00e1rio de Sa\u00fade), o respons\u00e1vel pode solicitar ao mesmo que fa\u00e7a o pedido na UBS mais pr\u00f3xima.<\/p>\n<p>Fonte: Folha de Pernambuco<\/p>\n","protected":false},"excerpt":{"rendered":"<p>O hor\u00e1rio de atendimento ser\u00e1 das 8h \u00e0s 13h. O munic\u00edpio de Paulista recebeu neste \u00faltimo s\u00e1bado (20) cerca de 7 mil doses da CoronaVac\u00a0e dar\u00e1 in\u00edcio a imuniza\u00e7\u00e3o para idosos com idade a partir de 70 anos a partir da pr\u00f3xima ter\u00e7a-feira (23).\u00a0O hor\u00e1rio de atendimento ser\u00e1 das 8h \u00e0s 13h. Com o objetivo [&hellip;]<\/p>\n","protected":false},"author":1,"featured_media":0,"comment_status":"open","ping_status":"open","sticky":false,"template":"","format":"standard","meta":{"ocean_post_layout":"","ocean_both_sidebars_style":"","ocean_both_sidebars_content_width":0,"ocean_both_sidebars_sidebars_width":0,"ocean_sidebar":"","ocean_second_sidebar":"","ocean_disable_margins":"enable","ocean_add_body_class":"","ocean_shortcode_before_top_bar":"","ocean_shortcode_after_top_bar":"","ocean_shortcode_before_header":"","ocean_shortcode_after_header":"","ocean_has_shortcode":"","ocean_shortcode_after_title":"","ocean_shortcode_before_footer_widgets":"","ocean_shortcode_after_footer_widgets":"","ocean_shortcode_before_footer_bottom":"","ocean_shortcode_after_footer_bottom":"","ocean_display_top_bar":"default","ocean_display_header":"default","ocean_header_style":"","ocean_center_header_left_menu":"","ocean_custom_header_template":"","ocean_custom_logo":0,"ocean_custom_retina_logo":0,"ocean_custom_logo_max_width":0,"ocean_custom_logo_tablet_max_width":0,"ocean_custom_logo_mobile_max_width":0,"ocean_custom_logo_max_height":0,"ocean_custom_logo_tablet_max_height":0,"ocean_custom_logo_mobile_max_height":0,"ocean_header_custom_menu":"","ocean_menu_typo_font_family":"","ocean_menu_typo_font_subset":"","ocean_menu_typo_font_size":0,"ocean_menu_typo_font_size_tablet":0,"ocean_menu_typo_font_size_mobile":0,"ocean_menu_typo_font_size_unit":"px","ocean_menu_typo_font_weight":"","ocean_menu_typo_font_weight_tablet":"","ocean_menu_typo_font_weight_mobile":"","ocean_menu_typo_transform":"","ocean_menu_typo_transform_tablet":"","ocean_menu_typo_transform_mobile":"","ocean_menu_typo_line_height":0,"ocean_menu_typo_line_height_tablet":0,"ocean_menu_typo_line_height_mobile":0,"ocean_menu_typo_line_height_unit":"","ocean_menu_typo_spacing":0,"ocean_menu_typo_spacing_tablet":0,"ocean_menu_typo_spacing_mobile":0,"ocean_menu_typo_spacing_unit":"","ocean_menu_link_color":"","ocean_menu_link_color_hover":"","ocean_menu_link_color_active":"","ocean_menu_link_background":"","ocean_menu_link_hover_background":"","ocean_menu_link_active_background":"","ocean_menu_social_links_bg":"","ocean_menu_social_hover_links_bg":"","ocean_menu_social_links_color":"","ocean_menu_social_hover_links_color":"","ocean_disable_title":"default","ocean_disable_heading":"default","ocean_post_title":"","ocean_post_subheading":"","ocean_post_title_style":"","ocean_post_title_background_color":"","ocean_post_title_background":0,"ocean_post_title_bg_image_position":"","ocean_post_title_bg_image_attachment":"","ocean_post_title_bg_image_repeat":"","ocean_post_title_bg_image_size":"","ocean_post_title_height":0,"ocean_post_title_bg_overlay":0.5,"ocean_post_title_bg_overlay_color":"","ocean_disable_breadcrumbs":"default","ocean_breadcrumbs_color":"","ocean_breadcrumbs_separator_color":"","ocean_breadcrumbs_links_color":"","ocean_breadcrumbs_links_hover_color":"","ocean_display_footer_widgets":"default","ocean_display_footer_bottom":"default","ocean_custom_footer_template":"","ocean_post_oembed":"","ocean_post_self_hosted_media":"","ocean_post_video_embed":"","ocean_link_format":"","ocean_link_format_target":"self","ocean_quote_format":"","ocean_quote_format_link":"post","ocean_gallery_link_images":"on","ocean_gallery_id":[]},"categories":[9],"tags":[1420,1490,82,474],"acf":[],"_links":{"self":[{"href":"https:\/\/www.simepe.com.br\/novo\/wp-json\/wp\/v2\/posts\/58619"}],"collection":[{"href":"https:\/\/www.simepe.com.br\/novo\/wp-json\/wp\/v2\/posts"}],"about":[{"href":"https:\/\/www.simepe.com.br\/novo\/wp-json\/wp\/v2\/types\/post"}],"author":[{"embeddable":true,"href":"https:\/\/www.simepe.com.br\/novo\/wp-json\/wp\/v2\/users\/1"}],"replies":[{"embeddable":true,"href":"https:\/\/www.simepe.com.br\/novo\/wp-json\/wp\/v2\/comments?post=58619"}],"version-history":[{"count":1,"href":"https:\/\/www.simepe.com.br\/novo\/wp-json\/wp\/v2\/posts\/58619\/revisions"}],"predecessor-version":[{"id":58621,"href":"https:\/\/www.simepe.com.br\/novo\/wp-json\/wp\/v2\/posts\/58619\/revisions\/58621"}],"wp:attachment":[{"href":"https:\/\/www.simepe.com.br\/novo\/wp-json\/wp\/v2\/media?parent=58619"}],"wp:term":[{"taxonomy":"category","embeddable":true,"href":"https:\/\/www.simepe.com.br\/novo\/wp-json\/wp\/v2\/categories?post=58619"},{"taxonomy":"post_tag","embeddable":true,"href":"https:\/\/www.simepe.com.br\/novo\/wp-json\/wp\/v2\/tags?post=58619"}],"curies":[{"name":"wp","href":"https:\/\/api.w.org\/{rel}","templated":true}]}}