{"id":58622,"date":"2021-03-22T11:04:18","date_gmt":"2021-03-22T14:04:18","guid":{"rendered":"https:\/\/www.simepe.com.br\/novo\/?p=58622"},"modified":"2021-03-22T11:24:53","modified_gmt":"2021-03-22T14:24:53","slug":"camaragibe-amplia-vacinacao-contra-covid-19-para-pessoas-a-partir-dos-70-anos-nesta-terca-feira-22","status":"publish","type":"post","link":"https:\/\/www.simepe.com.br\/novo\/camaragibe-amplia-vacinacao-contra-covid-19-para-pessoas-a-partir-dos-70-anos-nesta-terca-feira-22\/","title":{"rendered":"Camaragibe amplia vacina\u00e7\u00e3o contra Covid-19 para pessoas a partir dos 70 anos nesta ter\u00e7a-feira (23)"},"content":{"rendered":"<p><em>Para se vacinar, o idoso precisa fazer agendamento.<\/em><\/p>\n<p>O p\u00fablico a ser vacinado contra a Covid-19 em Camaragibe ser\u00e1 ampliado para pessoas a partir de 70 anos nesta ter\u00e7a-feira (22).\u00a0O an\u00fancio foi feito pela prefeita Doutora Nadegi ap\u00f3s reuni\u00e3o do Comit\u00ea Municipal de Crise da COVID-19 neste domingo (20). Para se vacinar, o idoso precisa fazer o agendamento por meio do Disque Vacina, nos n\u00fameros 9 9945-4405 e 2129-9570, das 8h \u00e0s 15h; ou por meio do<a href=\"http:\/\/vacinacovid.camaragibe.pe.gov.br\"> site da prefeitura<\/a>.<\/p>\n<p>\u201cT\u00e3o logo chega vacina, nossa equipe da Sa\u00fade j\u00e1 inicia a imuniza\u00e7\u00e3o. Gra\u00e7as a Deus temos mais vacinados do que doentes em nossa cidade. Mas isso n\u00e3o \u00e9 motivo para baixarmos a guarda, pelo contr\u00e1rio. Tivemos um final de semana dif\u00edcil. Infelizmente, nosso Controle Urbano junto com a Guarda Municipal precisou fechar muito com\u00e9rcio n\u00e3o essencial que n\u00e3o pode funcionar em decorr\u00eancia do decreto estadual que estabeleceu uma quarentena mais r\u00edgida\u201d, explicou a Doutora Nadegi.<\/p>\n<p><strong>Equipes de sa\u00fade<\/strong><\/p>\n<p>Com os profissionais de sa\u00fade do munic\u00edpio, a vacina\u00e7\u00e3o est\u00e1 acontecendo da seguinte forma: cada institui\u00e7\u00e3o de sa\u00fade, a partir de seu cadastro de funcion\u00e1rio, sinaliza \u00e0s equipes da Secretaria de Sa\u00fade os profissionais e realiza a marca\u00e7\u00e3o pra fazer imuniza\u00e7\u00e3o. Al\u00e9m disso, as equipes de sa\u00fade est\u00e3o entrando em contato com as unidades privadas inscritas no Cadastro Nacional de Estabelecimentos de Sa\u00fade (CNES) para realizar a marca\u00e7\u00e3o com os profissionais de sa\u00fade de cada local.<\/p>\n<p>Caso a institui\u00e7\u00e3o que o profissional trabalhe n\u00e3o seja cadastrada, o mesmo deve ligar para o Disque Vacina nos n\u00fameros para solicitar o cadastro ou ent\u00e3o enviar e-mail para atencaobasica@camaragibe.pe.gov.br .<\/p>\n<p>Fonte: Folha de Pernambuco<\/p>\n<div class=\"ad-sticky-container\"><\/div>\n","protected":false},"excerpt":{"rendered":"<p>Para se vacinar, o idoso precisa fazer agendamento. O p\u00fablico a ser vacinado contra a Covid-19 em Camaragibe ser\u00e1 ampliado para pessoas a partir de 70 anos nesta ter\u00e7a-feira (22).\u00a0O an\u00fancio foi feito pela prefeita Doutora Nadegi ap\u00f3s reuni\u00e3o do Comit\u00ea Municipal de Crise da COVID-19 neste domingo (20). Para se vacinar, o idoso precisa [&hellip;]<\/p>\n","protected":false},"author":1,"featured_media":0,"comment_status":"open","ping_status":"open","sticky":false,"template":"","format":"standard","meta":{"ocean_post_layout":"","ocean_both_sidebars_style":"","ocean_both_sidebars_content_width":0,"ocean_both_sidebars_sidebars_width":0,"ocean_sidebar":"","ocean_second_sidebar":"","ocean_disable_margins":"enable","ocean_add_body_class":"","ocean_shortcode_before_top_bar":"","ocean_shortcode_after_top_bar":"","ocean_shortcode_before_header":"","ocean_shortcode_after_header":"","ocean_has_shortcode":"","ocean_shortcode_after_title":"","ocean_shortcode_before_footer_widgets":"","ocean_shortcode_after_footer_widgets":"","ocean_shortcode_before_footer_bottom":"","ocean_shortcode_after_footer_bottom":"","ocean_display_top_bar":"default","ocean_display_header":"default","ocean_header_style":"","ocean_center_header_left_menu":"","ocean_custom_header_template":"","ocean_custom_logo":0,"ocean_custom_retina_logo":0,"ocean_custom_logo_max_width":0,"ocean_custom_logo_tablet_max_width":0,"ocean_custom_logo_mobile_max_width":0,"ocean_custom_logo_max_height":0,"ocean_custom_logo_tablet_max_height":0,"ocean_custom_logo_mobile_max_height":0,"ocean_header_custom_menu":"","ocean_menu_typo_font_family":"","ocean_menu_typo_font_subset":"","ocean_menu_typo_font_size":0,"ocean_menu_typo_font_size_tablet":0,"ocean_menu_typo_font_size_mobile":0,"ocean_menu_typo_font_size_unit":"px","ocean_menu_typo_font_weight":"","ocean_menu_typo_font_weight_tablet":"","ocean_menu_typo_font_weight_mobile":"","ocean_menu_typo_transform":"","ocean_menu_typo_transform_tablet":"","ocean_menu_typo_transform_mobile":"","ocean_menu_typo_line_height":0,"ocean_menu_typo_line_height_tablet":0,"ocean_menu_typo_line_height_mobile":0,"ocean_menu_typo_line_height_unit":"","ocean_menu_typo_spacing":0,"ocean_menu_typo_spacing_tablet":0,"ocean_menu_typo_spacing_mobile":0,"ocean_menu_typo_spacing_unit":"","ocean_menu_link_color":"","ocean_menu_link_color_hover":"","ocean_menu_link_color_active":"","ocean_menu_link_background":"","ocean_menu_link_hover_background":"","ocean_menu_link_active_background":"","ocean_menu_social_links_bg":"","ocean_menu_social_hover_links_bg":"","ocean_menu_social_links_color":"","ocean_menu_social_hover_links_color":"","ocean_disable_title":"default","ocean_disable_heading":"default","ocean_post_title":"","ocean_post_subheading":"","ocean_post_title_style":"","ocean_post_title_background_color":"","ocean_post_title_background":0,"ocean_post_title_bg_image_position":"","ocean_post_title_bg_image_attachment":"","ocean_post_title_bg_image_repeat":"","ocean_post_title_bg_image_size":"","ocean_post_title_height":0,"ocean_post_title_bg_overlay":0.5,"ocean_post_title_bg_overlay_color":"","ocean_disable_breadcrumbs":"default","ocean_breadcrumbs_color":"","ocean_breadcrumbs_separator_color":"","ocean_breadcrumbs_links_color":"","ocean_breadcrumbs_links_hover_color":"","ocean_display_footer_widgets":"default","ocean_display_footer_bottom":"default","ocean_custom_footer_template":"","ocean_post_oembed":"","ocean_post_self_hosted_media":"","ocean_post_video_embed":"","ocean_link_format":"","ocean_link_format_target":"self","ocean_quote_format":"","ocean_quote_format_link":"post","ocean_gallery_link_images":"on","ocean_gallery_id":[]},"categories":[9],"tags":[1420,1490,82,474],"acf":[],"_links":{"self":[{"href":"https:\/\/www.simepe.com.br\/novo\/wp-json\/wp\/v2\/posts\/58622"}],"collection":[{"href":"https:\/\/www.simepe.com.br\/novo\/wp-json\/wp\/v2\/posts"}],"about":[{"href":"https:\/\/www.simepe.com.br\/novo\/wp-json\/wp\/v2\/types\/post"}],"author":[{"embeddable":true,"href":"https:\/\/www.simepe.com.br\/novo\/wp-json\/wp\/v2\/users\/1"}],"replies":[{"embeddable":true,"href":"https:\/\/www.simepe.com.br\/novo\/wp-json\/wp\/v2\/comments?post=58622"}],"version-history":[{"count":2,"href":"https:\/\/www.simepe.com.br\/novo\/wp-json\/wp\/v2\/posts\/58622\/revisions"}],"predecessor-version":[{"id":58632,"href":"https:\/\/www.simepe.com.br\/novo\/wp-json\/wp\/v2\/posts\/58622\/revisions\/58632"}],"wp:attachment":[{"href":"https:\/\/www.simepe.com.br\/novo\/wp-json\/wp\/v2\/media?parent=58622"}],"wp:term":[{"taxonomy":"category","embeddable":true,"href":"https:\/\/www.simepe.com.br\/novo\/wp-json\/wp\/v2\/categories?post=58622"},{"taxonomy":"post_tag","embeddable":true,"href":"https:\/\/www.simepe.com.br\/novo\/wp-json\/wp\/v2\/tags?post=58622"}],"curies":[{"name":"wp","href":"https:\/\/api.w.org\/{rel}","templated":true}]}}