{"id":58640,"date":"2021-03-22T10:13:13","date_gmt":"2021-03-22T13:13:13","guid":{"rendered":"https:\/\/www.simepe.com.br\/novo\/?p=58640"},"modified":"2021-03-23T10:15:41","modified_gmt":"2021-03-23T13:15:41","slug":"em-nota-simepe-critica-atuacao-do-governo-do-estado-na-pandemia","status":"publish","type":"post","link":"https:\/\/www.simepe.com.br\/novo\/em-nota-simepe-critica-atuacao-do-governo-do-estado-na-pandemia\/","title":{"rendered":"Em nota, SIMEPE critica atua\u00e7\u00e3o do governo do estado na pandemia"},"content":{"rendered":"<p style=\"text-align: justify;\">Ap\u00f3s um ano do in\u00edcio da pandemia no estado de Pernambuco, lamentavelmente nos deparamos com um sistema de sa\u00fade que n\u00e3o se planejou para as frentes de combate ao v\u00edrus, n\u00e3o manteve a estrutura montada em 2020 e n\u00e3o avan\u00e7ou com o crescimento dos casos, mesmo tendo ci\u00eancia da possibilidade do novo \u201cpico\u201d de infectados pelo coronav\u00edrus.<\/p>\n<p style=\"text-align: justify;\">A realidade que encontramos s\u00e3o unidades municipais e estaduais em situa\u00e7\u00f5es ca\u00f3ticas. H\u00e1 superlota\u00e7\u00e3o das emerg\u00eancias, falta de coordena\u00e7\u00e3o de a\u00e7\u00f5es planejadas, estruturantes e eficientes dos gestores executivos. O sentimento dos profissionais de sa\u00fade \u00e9 de desalento e a sensa\u00e7\u00e3o f\u00edsica \u00e9 de exaust\u00e3o. Os m\u00e9dicos se sentem impotentes em n\u00e3o conseguir socorrer, de forma adequada, os pacientes v\u00edtimas da Covid-19.<\/p>\n<p style=\"text-align: justify;\">O que encontramos hoje \u00e9 um cen\u00e1rio politizado com falta de medidas eficazes para conter a propaga\u00e7\u00e3o do v\u00edrus. H\u00e1 uma necessidade urgente, real e imediata de aumento do quantitativo de vacinas ofertadas, incluindo a vacina\u00e7\u00e3o de todos os m\u00e9dicos, al\u00e9m de uma reestrutura\u00e7\u00e3o urgente nas unidades de sa\u00fade.<\/p>\n<p style=\"text-align: justify;\"><a href=\"https:\/\/www.blogdorobertoararipina.com.br\/em-nota-simepe-critica-atuacao-do-governo-do-estado-na-pandemia\/\">Fonte: Blog do Roberto Araripina<\/a><\/p>\n","protected":false},"excerpt":{"rendered":"<p>Ap\u00f3s um ano do in\u00edcio da pandemia no estado de Pernambuco, lamentavelmente nos deparamos com um sistema de sa\u00fade que n\u00e3o se planejou para as frentes de combate ao v\u00edrus, n\u00e3o manteve a estrutura montada em 2020 e n\u00e3o avan\u00e7ou com o crescimento dos casos, mesmo tendo ci\u00eancia da possibilidade do novo \u201cpico\u201d de infectados [&hellip;]<\/p>\n","protected":false},"author":1,"featured_media":0,"comment_status":"open","ping_status":"open","sticky":false,"template":"","format":"standard","meta":{"ocean_post_layout":"","ocean_both_sidebars_style":"","ocean_both_sidebars_content_width":0,"ocean_both_sidebars_sidebars_width":0,"ocean_sidebar":"","ocean_second_sidebar":"","ocean_disable_margins":"enable","ocean_add_body_class":"","ocean_shortcode_before_top_bar":"","ocean_shortcode_after_top_bar":"","ocean_shortcode_before_header":"","ocean_shortcode_after_header":"","ocean_has_shortcode":"","ocean_shortcode_after_title":"","ocean_shortcode_before_footer_widgets":"","ocean_shortcode_after_footer_widgets":"","ocean_shortcode_before_footer_bottom":"","ocean_shortcode_after_footer_bottom":"","ocean_display_top_bar":"default","ocean_display_header":"default","ocean_header_style":"","ocean_center_header_left_menu":"","ocean_custom_header_template":"","ocean_custom_logo":0,"ocean_custom_retina_logo":0,"ocean_custom_logo_max_width":0,"ocean_custom_logo_tablet_max_width":0,"ocean_custom_logo_mobile_max_width":0,"ocean_custom_logo_max_height":0,"ocean_custom_logo_tablet_max_height":0,"ocean_custom_logo_mobile_max_height":0,"ocean_header_custom_menu":"","ocean_menu_typo_font_family":"","ocean_menu_typo_font_subset":"","ocean_menu_typo_font_size":0,"ocean_menu_typo_font_size_tablet":0,"ocean_menu_typo_font_size_mobile":0,"ocean_menu_typo_font_size_unit":"px","ocean_menu_typo_font_weight":"","ocean_menu_typo_font_weight_tablet":"","ocean_menu_typo_font_weight_mobile":"","ocean_menu_typo_transform":"","ocean_menu_typo_transform_tablet":"","ocean_menu_typo_transform_mobile":"","ocean_menu_typo_line_height":0,"ocean_menu_typo_line_height_tablet":0,"ocean_menu_typo_line_height_mobile":0,"ocean_menu_typo_line_height_unit":"","ocean_menu_typo_spacing":0,"ocean_menu_typo_spacing_tablet":0,"ocean_menu_typo_spacing_mobile":0,"ocean_menu_typo_spacing_unit":"","ocean_menu_link_color":"","ocean_menu_link_color_hover":"","ocean_menu_link_color_active":"","ocean_menu_link_background":"","ocean_menu_link_hover_background":"","ocean_menu_link_active_background":"","ocean_menu_social_links_bg":"","ocean_menu_social_hover_links_bg":"","ocean_menu_social_links_color":"","ocean_menu_social_hover_links_color":"","ocean_disable_title":"default","ocean_disable_heading":"default","ocean_post_title":"","ocean_post_subheading":"","ocean_post_title_style":"","ocean_post_title_background_color":"","ocean_post_title_background":0,"ocean_post_title_bg_image_position":"","ocean_post_title_bg_image_attachment":"","ocean_post_title_bg_image_repeat":"","ocean_post_title_bg_image_size":"","ocean_post_title_height":0,"ocean_post_title_bg_overlay":0.5,"ocean_post_title_bg_overlay_color":"","ocean_disable_breadcrumbs":"default","ocean_breadcrumbs_color":"","ocean_breadcrumbs_separator_color":"","ocean_breadcrumbs_links_color":"","ocean_breadcrumbs_links_hover_color":"","ocean_display_footer_widgets":"default","ocean_display_footer_bottom":"default","ocean_custom_footer_template":"","ocean_post_oembed":"","ocean_post_self_hosted_media":"","ocean_post_video_embed":"","ocean_link_format":"","ocean_link_format_target":"self","ocean_quote_format":"","ocean_quote_format_link":"post","ocean_gallery_link_images":"on","ocean_gallery_id":[]},"categories":[1],"tags":[],"acf":[],"_links":{"self":[{"href":"https:\/\/www.simepe.com.br\/novo\/wp-json\/wp\/v2\/posts\/58640"}],"collection":[{"href":"https:\/\/www.simepe.com.br\/novo\/wp-json\/wp\/v2\/posts"}],"about":[{"href":"https:\/\/www.simepe.com.br\/novo\/wp-json\/wp\/v2\/types\/post"}],"author":[{"embeddable":true,"href":"https:\/\/www.simepe.com.br\/novo\/wp-json\/wp\/v2\/users\/1"}],"replies":[{"embeddable":true,"href":"https:\/\/www.simepe.com.br\/novo\/wp-json\/wp\/v2\/comments?post=58640"}],"version-history":[{"count":2,"href":"https:\/\/www.simepe.com.br\/novo\/wp-json\/wp\/v2\/posts\/58640\/revisions"}],"predecessor-version":[{"id":58642,"href":"https:\/\/www.simepe.com.br\/novo\/wp-json\/wp\/v2\/posts\/58640\/revisions\/58642"}],"wp:attachment":[{"href":"https:\/\/www.simepe.com.br\/novo\/wp-json\/wp\/v2\/media?parent=58640"}],"wp:term":[{"taxonomy":"category","embeddable":true,"href":"https:\/\/www.simepe.com.br\/novo\/wp-json\/wp\/v2\/categories?post=58640"},{"taxonomy":"post_tag","embeddable":true,"href":"https:\/\/www.simepe.com.br\/novo\/wp-json\/wp\/v2\/tags?post=58640"}],"curies":[{"name":"wp","href":"https:\/\/api.w.org\/{rel}","templated":true}]}}