{"id":58653,"date":"2021-03-24T09:53:42","date_gmt":"2021-03-24T12:53:42","guid":{"rendered":"https:\/\/www.simepe.com.br\/novo\/?p=58653"},"modified":"2021-03-24T09:53:42","modified_gmt":"2021-03-24T12:53:42","slug":"associacao-medica-brasileira-diz-que-uso-de-cloroquina-e-outros-remedios-sem-eficacia-contra-covid-19-deve-ser-banido","status":"publish","type":"post","link":"https:\/\/www.simepe.com.br\/novo\/associacao-medica-brasileira-diz-que-uso-de-cloroquina-e-outros-remedios-sem-eficacia-contra-covid-19-deve-ser-banido\/","title":{"rendered":"Associa\u00e7\u00e3o M\u00e9dica Brasileira diz que uso de cloroquina e outros rem\u00e9dios sem efic\u00e1cia contra Covid-19 deve ser banido"},"content":{"rendered":"<p style=\"text-align: justify;\">O posicionamento \u00e9 oposto a um anterior, de julho do ano passado, quando a entidade defendeu a &#8216;autonomia do m\u00e9dico&#8217; ao receitar os medicamentos, que j\u00e1 tiveram sua inefic\u00e1cia comprovada contra a Covid-19.<\/p>\n<p style=\"text-align: justify;\">A Associa\u00e7\u00e3o M\u00e9dica Brasileira (AMB) divulgou um boletim nesta ter\u00e7a-feira (23) na qual condena, entre outros pontos, o uso de rem\u00e9dios sem efic\u00e1cia contra a Covid-19. O posicionamento \u00e9 oposto a um anterior, de julho do ano passado, quando a entidade defendeu a &#8220;autonomia do m\u00e9dico&#8221; ao receitar os medicamentos.<\/p>\n<p style=\"text-align: justify;\">&#8220;Reafirmamos que, infelizmente, medica\u00e7\u00f5es como hidroxicloroquina\/cloroquina, ivermectina, nitazoxanida, azitromicina e colchicina, entre outras drogas, n\u00e3o possuem efic\u00e1cia cient\u00edfica comprovada de benef\u00edcio no tratamento ou preven\u00e7\u00e3o da COVID-19, quer seja na preven\u00e7\u00e3o, na fase inicial ou nas fases avan\u00e7adas dessa doen\u00e7a, sendo que, portanto, a utiliza\u00e7\u00e3o desses f\u00e1rmacos deve ser banida&#8221;, diz o novo texto da AMB.<\/p>\n<p style=\"text-align: justify;\">No documento, a entidade cita 13 pontos para enfrentamento da pandemia e refor\u00e7a a necessidade de preven\u00e7\u00e3o da Covid-19. Entre eles est\u00e3o a necessidade de acelerar a vacina\u00e7\u00e3o, manter o isolamento social, o uso de m\u00e1scaras e, tamb\u00e9m, a necessidade de a\u00e7\u00e3o das autoridades para solucionar a falta de medicamentos no atendimento de pacientes internados com Covid (veja \u00edntegra da carta ao final desta reportagem), principalmente daqueles necess\u00e1rios para a intuba\u00e7\u00e3o.<\/p>\n<p style=\"text-align: justify;\">A associa\u00e7\u00e3o destaca que, sem esses medicamentos, &#8220;n\u00e3o \u00e9 poss\u00edvel oferecer atendimento adequado para salvar vidas&#8221;.<\/p>\n<p style=\"text-align: justify;\">Na semana passada, a AMB j\u00e1 havia divulgado outra carta pedindo vacinas, isolamento e o uso de m\u00e1scaras para combater a pandemia.<\/p>\n<p style=\"text-align: justify;\">O documento desta ter\u00e7a (23) encerra uma pol\u00eamica que envolvia a associa\u00e7\u00e3o: no ano passado, ao lado da Sociedade Brasileira de Cardiologia (SBC) e do Conselho Federal de Medicina (CFM), a AMB se posicionou entre as entidades m\u00e9dicas que ainda tinham posicionamentos neutros ou favor\u00e1veis ao direito dos m\u00e9dicos de escolher o tratamento para pacientes com Covid.<\/p>\n<p style=\"text-align: justify;\"><strong>Posicionamento anterior<\/strong><br \/>\nEm 20 de julho de 2020, a AMB chegou a divulgar nota na qual afirmava que ainda n\u00e3o existiam &#8220;estudos seguros, robustos e definitivos sobre a quest\u00e3o&#8221;. \u00c0 \u00e9poca, a AMB declarava: &#8220;O derby pol\u00edtico em torno da hidroxicloroquina deixar\u00e1 um legado sombrio para a medicina brasileira, caso a autonomia do m\u00e9dico seja restringida, como querem os que pregam a proibi\u00e7\u00e3o da prescri\u00e7\u00e3o da hidroxicloroquina.&#8221;<\/p>\n<p style=\"text-align: justify;\">Em mar\u00e7o, meses antes da nota da AMB, entretanto, a Anvisa j\u00e1 havia emitido parecer no qual n\u00e3o recomendava o uso da hidroxicloroquina. Ao longo dos meses seguintes, antes do posicionamento da AMB, v\u00e1rios estudos j\u00e1 mostravam que a hidroxicloroquina n\u00e3o funcionava contra a Covid-19:<\/p>\n<ul>\n<li style=\"text-align: justify;\">no in\u00edcio de maio, um estudo feito nos Estados Unidos mostrou que a hidroxicloroquina n\u00e3o melhorou o quadro de pacientes hospitalizados com Covid-19;<\/li>\n<li style=\"text-align: justify;\">tamb\u00e9m em maio, uma pesquisa feita na China mostrou que o rem\u00e9dio n\u00e3o funcionava em casos leves a moderados;<\/li>\n<li style=\"text-align: justify;\">em junho, uma pesquisa com 821 pacientes mostrou que a hidroxicloroquina tamb\u00e9m n\u00e3o funcionava para preven\u00e7\u00e3o da Covid-19;<\/li>\n<li style=\"text-align: justify;\">em julho, quatro dias antes da publica\u00e7\u00e3o da nota, uma pesquisa feita nos Estados Unidos refor\u00e7ou o achado de que a hidroxicloroquina n\u00e3o funcionava em casos leves de Covid;<\/li>\n<li style=\"text-align: justify;\">no mesmo dia, um ensaio coordenado pela Universidade de Oxford associou a hidroxicloroquina ao agravamento de casos de Covid-19 e mortes.<\/li>\n<\/ul>\n<p>Tr\u00eas dias antes da nota da AMB, a Sociedade Brasileira de Infectologia (SBI) tamb\u00e9m divulgou posicionamento afirmando que a hidroxicloroquina deveria ser abandonada no tratamento da Covid-19.<\/p>\n<p style=\"text-align: justify;\">Tr\u00eas dias ap\u00f3s o posicionamento da AMB, um estudo brasileiro tamb\u00e9m mostrou que o rem\u00e9dio n\u00e3o tinha efic\u00e1cia em casos leves a moderados.<\/p>\n<p style=\"text-align: justify;\"><strong>Novo posicionamento<\/strong><br \/>\nSob nova presid\u00eancia, a AMB agora defende que os rem\u00e9dios sem efic\u00e1cia sejam abandonados. Al\u00e9m disso, entre os 13 pontos do comunicado divulgado nesta ter\u00e7a, a AMB ainda orienta m\u00e9dicos sobre o uso de corticoides e anticoagulantes, que devem ser reservados exclusivamente para pacientes hospitalizados e que precisem de oxig\u00eanio suplementar. &#8220;N\u00e3o devendo ser prescritos na COVID leve, conforme diversas diretrizes cient\u00edficas nacionais e internacionais&#8221;, escreve a AMB.<\/p>\n<p style=\"text-align: justify;\"><strong>Veja abaixo a \u00edntegra da carta<\/strong><br \/>\n&#8220;S\u00e3o Paulo, 23 de mar\u00e7o de 2021<\/p>\n<p style=\"text-align: justify;\">O Brasil soma 25% das mortes mundiais por Covid-19, no per\u00edodo de 15 a 21 de mar\u00e7o de 2021. No planeta, segundo a Organiza\u00e7\u00e3o Mundial da Sa\u00fade (OMS), houve 60,2 mil \u00f3bitos, dos quais 15,6 mil em nosso pa\u00eds.<\/p>\n<p style=\"text-align: justify;\">Ainda nessa semana, atingiremos outra triste marca: chegaremos a 300 mil mortes, com a agravante de atravessarmos um quadro de curva ascendente.<\/p>\n<p style=\"text-align: justify;\">Faltam medicamentos para intuba\u00e7\u00e3o de pacientes acometidos pela Covid-19, n\u00e3o existe um calend\u00e1rio consistente de vacina\u00e7\u00e3o, n\u00e3o h\u00e1 leitos em Unidades de Terapia Intensiva.<\/p>\n<p style=\"text-align: justify;\">Fake news desorientam pacientes. M\u00e9dicos e profissionais de sa\u00fade, exaustos, j\u00e1 s\u00e3o em n\u00famero insuficiente em diversas regi\u00f5es do Pa\u00eds.<\/p>\n<p style=\"text-align: justify;\">Em meio \u00e0 gravidade do quadro e a tantos outros desafios, o Comit\u00ea Extraordin\u00e1rio de Monitoramento Covid-19 \u2013 CEM COVID_AMB vem a p\u00fablico para orienta\u00e7\u00f5es aos pacientes de todo o Brasil, em particular sobre a import\u00e2ncia da preven\u00e7\u00e3o, para esclarecimentos sobre condutas aos m\u00e9dicos, e para conclamar as autoridades respons\u00e1veis \u00e0 urgente resolu\u00e7\u00e3o de casos que exclusivamente delas dependem:<\/p>\n<p style=\"text-align: justify;\"><strong>Boletim 02\/2021<\/strong><\/p>\n<p style=\"text-align: justify;\"><strong>Comit\u00ea Extraordin\u00e1rio de Monitoramento Covid-19 (CEM COVID_AMB)<\/strong><\/p>\n<ul>\n<li style=\"text-align: justify;\">O Brasil deve vacinar com celeridade todos os cidad\u00e3os. Vacina\u00e7\u00e3o em massa \u00e9 a medida ideal para controlar a velocidade de propaga\u00e7\u00e3o do v\u00edrus;<\/li>\n<li style=\"text-align: justify;\">A variante P1 do Coronavi\u00edrus, que j\u00e1 circula em grande parte do Brasil, possui capacidade de transmiss\u00e3o consideravelmente maior do que o v\u00edrus original, impondo risco adicional a todos os brasileiros &#8211; de todas as faixas et\u00e1rias, o que refor\u00e7a a necessidade do isolamento e de normativas de lockdown por regi\u00f5es cr\u00edticas, para conter o crescimento da curva de casos e de mortes;<\/li>\n<li style=\"text-align: justify;\">O isolamento social, com a menor circula\u00e7\u00e3o poss\u00edvel de pessoas, segue sendo imperioso para conter a propaga\u00e7\u00e3o viral, hoje agravada pela variante brasileira P1 do coronav\u00edrus;<\/li>\n<li style=\"text-align: justify;\">Todos, sem exce\u00e7\u00e3o, temos de seguir \u00e0 risca as medidas preventivas: uso correto de m\u00e1scara, distanciamento social, evitar aglomera\u00e7\u00f5es, manter o ambiente bem ventilado e higienizando, ficar em isolamento respirat\u00f3rio assim que houver suspeita de Covid-19, identificar os contactantes, higienizar frequentemente as m\u00e3os, com \u00e1gua e sab\u00e3o ou \u00e1lcool gel a 70%.<\/li>\n<\/ul>\n<p style=\"text-align: justify;\">S\u00e3o urgentes esfor\u00e7os pol\u00edticos, diplom\u00e1ticos e a utiliza\u00e7\u00e3o de normativas\/leis de excepcionalidade, para solucionar a falta de medicamentos ao atendimento emergencial de pacientes hospitalares acometidos pela COVID-19, em especial de bloqueadores neuromusculares, opioides e hipn\u00f3ticos &#8211; indispens\u00e1veis ao processo de intuba\u00e7\u00e3o de doentes em fase cr\u00edtica;<\/p>\n<p style=\"text-align: justify;\">Por compromisso \u00e9tico e zelando pela transpar\u00eancia, informamos que, na aus\u00eancia destes f\u00e1rmacos, n\u00e3o \u00e9 poss\u00edvel oferecer atendimento adequado para salvar vidas. Uma Unidade de Terapia Intensiva (UTI) \u00e9 composta por espa\u00e7o f\u00edsico, equipamentos, medicamentos, materiais e recursos humanos. A falta de qualquer desses elementos inviabiliza a execu\u00e7\u00e3o dos procedimentos;<\/p>\n<p style=\"text-align: justify;\">\nReafirmamos que, infelizmente, medica\u00e7\u00f5es como hidroxicloroquina\/cloroquina, ivermectina, nitazoxanida, azitromicina e colchicina, entre outras drogas, n\u00e3o possuem efic\u00e1cia cient\u00edfica comprovada de benef\u00edcio no tratamento ou preven\u00e7\u00e3o da COVID-19, quer seja na preven\u00e7\u00e3o, na fase inicial ou nas fases avan\u00e7adas dessa doen\u00e7a, sendo que, portanto, a utiliza\u00e7\u00e3o desses f\u00e1rmacos deve ser banida.<\/p>\n<p style=\"text-align: justify;\">\nAos m\u00e9dicos, reafirmamos que o uso de corticoides e anticoagulantes devem ser reservados exclusivamente para pacientes hospitalizados e que precisem de oxig\u00eanio suplementar, n\u00e3o devendo ser prescritos na COVID leve, conforme diversas diretrizes cient\u00edficas nacionais e internacionais. Aos pacientes com suspeita ou com COVID confirmada, alertamos que n\u00e3o se automediquem, em especial n\u00e3o utilizem corticoides (dexametasona, predinisona e outros); estes f\u00e1rmacos utilizados fora do per\u00edodo correto, especialmente no in\u00edcio dos sintomas, podem piorar a evolu\u00e7\u00e3o da doen\u00e7a. Procure atendimento m\u00e9dico em uma Unidade B\u00e1sica de Sa\u00fade dando prefer\u00eancia, se poss\u00edvel, \u00e0 telemedicina, se apresentar sintomas leves, como dor de garganta, tosse, dor no corpo, n\u00e1useas, perda de apetite, perda do olfato ou paladar. Por\u00e9m, se apresentar manifesta\u00e7\u00f5es cl\u00ednicas que podem representar Covid grave, destancando falta de ar, respira\u00e7\u00e3o r\u00e1pida (mais que 30 movimentos respirat\u00f3rios por minuto), satura\u00e7\u00e3o de oxig\u00eanio menor que 94% ou febre persistente por 3 dias ou mais, procure uma UPA (Unidade de Pronto Atendimento) ou Servi\u00e7o de Emerg\u00eancia;<\/p>\n<p style=\"text-align: justify;\">\nA falta de vagas em UTIs e o aumento anormal da demanda por vagas de leitos fazem urgentes tamb\u00e9m a ado\u00e7\u00e3o de crit\u00e9rios t\u00e9cnicos-cient\u00edficos de triagem dos pacientes que devem ocupar os leitos dispon\u00edveis, com fundamentos \u00e9ticos em defesa das vidas dos brasileiros, com diretrizes para todos os m\u00e9dicos do Pa\u00eds;<br \/>\nA escassez de recursos humanos, de insumos farmacol\u00f3gicos e de material de apoio transcende a simplicidade da utiliza\u00e7\u00e3o dos centros cir\u00fargicos como terapia intensiva. A transforma\u00e7\u00e3o da sala de cirurgia em UTI deve ser pontual. \u00c9 uma exce\u00e7\u00e3o, n\u00e3o regra;<\/p>\n<p style=\"text-align: justify;\">\nDevido ao drama vivido no Brasil, se faz ainda mais relevante o papel do Judici\u00e1rio como poder de guarda dos direitos constitucionais, entre os quais \u00e0 sa\u00fade e \u00e0 vida. Assim, registramos o cr\u00e9dito de que os tribunais seguir\u00e3o se manifestando, ao estrito cumprimento da Lei, para garantir que todas as normas de isolamento sejam cumpridas \u00e0 risca;<\/p>\n<p style=\"text-align: justify;\">\nReiteramos que o Brasil requer a\u00e7\u00f5es unificadas e coordenadas de combate a Covid, dos governantes das esferas federal, estadual e municipal incluindo a\u00e7\u00f5es coordenadas de todos os minist\u00e9rios, e gestores p\u00fablicos e privados da sa\u00fade, sem qualquer resqu\u00edcio de ideologias e interesses pol\u00edticos;<\/p>\n<p style=\"text-align: justify;\">\nFirmamos votos especiais ao novo Ministro da Sa\u00fade. Os brasileiros almejam que vossa gest\u00e3o ecoe e se guie exclusivamente pela voz da Ci\u00eancia; que seja um exemplo de independ\u00eancia na implanta\u00e7\u00e3o de pol\u00edticas\/medidas consistentes e necess\u00e1rias \u00e0 resolubilidade e qualidade do sistema; de conduta \u00e9tica; de compromisso com a melhor Medicina; e, acima de tudo, com a sa\u00fade de todos os cidad\u00e3os.<\/p>\n<p style=\"text-align: justify;\">\n<strong> SOCIEDADES DE ESPECIALIDADES<\/strong><\/p>\n<p style=\"text-align: justify;\">Academia Brasileira de Neurologia Associa\u00e7\u00e3o Brasileira de Alergia e Imunologia Associa\u00e7\u00e3o Brasileira de Cirurgia Pedi\u00e1trica Associa\u00e7\u00e3o Brasileira de Hematologia, Hemoterapia e Terapia Celular Associa\u00e7\u00e3o Brasileira de Medicina de Emerg\u00eancia Associa\u00e7\u00e3o Brasileira de Medicina de Tr\u00e1fego Associa\u00e7\u00e3o Brasileira de Medicina F\u00edsica e Reabilita\u00e7\u00e3o Associa\u00e7\u00e3o Brasileira de Medicina Legal e Per\u00edcias M\u00e9dicas Associa\u00e7\u00e3o Brasileira de Medicina Preventiva e Administra\u00e7\u00e3o em Sa\u00fade Associa\u00e7\u00e3o Brasileira de Nutrologia Associa\u00e7\u00e3o Brasileira de Otorrinolaringologia e Cirurgia C\u00e9rvico Facial Associa\u00e7\u00e3o Brasileira de Psiquiatria Associa\u00e7\u00e3o de Medicina Intensiva Brasileira Associa\u00e7\u00e3o M\u00e9dica Homeop\u00e1tica Brasileira<\/p>\n<p style=\"text-align: justify;\">\u201cN\u00f3s, os m\u00e9dicos, estaremos sempre dispon\u00edveis para ajudar; e ajudaremos. Mas n\u00e3o trazemos a solu\u00e7\u00e3o; hoje n\u00e3o a temos. A solu\u00e7\u00e3o para a Covid n\u00e3o est\u00e1 nas m\u00e3os de mais de meio milh\u00e3o de m\u00e9dicos do Brasil. Ser\u00e1 resultado das atitudes respons\u00e1veis e solid\u00e1rias de cada um dos cidad\u00e3os do Pa\u00eds e das autoridades p\u00fablicas respons\u00e1veis por implantar as medidas efetivas que se fazem necess\u00e1rias para mitigar a enorme dor e sofrimento da popula\u00e7\u00e3o brasileira.\u201d<\/p>\n<p style=\"text-align: justify;\"><strong>ENTIDADES SIGNAT\u00c1RIAS DESSE DOCUMENTO<\/strong><\/p>\n<p style=\"text-align: justify;\">Associa\u00e7\u00e3o Nacional de Medicina do Trabalho Col\u00e9gio Brasileiro de Cirurgia Digestiva Col\u00e9gio Brasileiro de Cirurgi\u00f5es Col\u00e9gio Brasileiro de Radiologia Col\u00e9gio M\u00e9dico Brasileiro de Acupuntura Conselho Brasileiro de Oftalmologia Federa\u00e7\u00e3o Brasileira das Associa\u00e7\u00f5es de Ginecologia e Obstetr\u00edcia Federa\u00e7\u00e3o Brasileira de Gastroenterologia Sociedade Brasileira de Anestesiologia Sociedade Brasileira de Angiologia e Cirurgia Vascular Sociedade Brasileira de Cardiologia Sociedade Brasileira de Cirurgia Cardiovascular Sociedade Brasileira de Cirurgia da M\u00e3o Sociedade Brasileira de Cirurgia de Cabe\u00e7a e Pesco\u00e7o Sociedade Brasileira de Cirurgia Oncol\u00f3gica Sociedade Brasileira de Cirurgia Pl\u00e1stica Sociedade Brasileira de Cirurgia Tor\u00e1cica Sociedade Brasileira de Cl\u00ednica M\u00e9dica Sociedade Brasileira de Coloproctologia Sociedade Brasileira de Dermatologia Sociedade Brasileira de Endocrinologia e Metabologia Sociedade Brasileira de Endoscopia Digestiva Sociedade Brasileira de Gen\u00e9tica M\u00e9dica e Gen\u00f4mica Sociedade Brasileira de Geriatria e Gerontologia Sociedade Brasileira de Infectologia Sociedade Brasileira de Mastologia Sociedade Brasileira de Medicina de Familia e Comunidade Sociedade Brasileira de Medicina do Exerc\u00edcio e do Esporte Sociedade Brasileira de Medicina Nuclear<\/p>\n<p style=\"text-align: justify;\">Sociedade Brasileira de Nefrologia Sociedade Brasileira de Neurocirurgia Sociedade Brasileira de Oncologia Cl\u00ednica Sociedade Brasileira de Ortopedia e Traumatologia Sociedade Brasileira de Patologia Sociedade Brasileira de Patologia Cl\u00ednica e Medicina Laboratorial Sociedade Brasileira de Pediatria Sociedade Brasileira de Pneumologia e Tisiologia Sociedade Brasileira de Radioterapia Sociedade Brasileira de Reumatologia Sociedade Brasileira de Urologia<\/p>\n<p style=\"text-align: justify;\"><strong>FEDERADAS <\/strong><\/p>\n<p style=\"text-align: justify;\">AMB Associa\u00e7\u00e3o M\u00e9dica do Acre Sociedade de Medicina de Alagoas Associa\u00e7\u00e3o M\u00e9dica do Amazonas Associa\u00e7\u00e3o M\u00e9dica do Amap\u00e1 Associa\u00e7\u00e3o Bahiana de Medicina Associa\u00e7\u00e3o M\u00e9dica Cearense Associa\u00e7\u00e3o M\u00e9dica de Bras\u00edlia Associa\u00e7\u00e3o M\u00e9dica do Esp\u00edrito Santo Associa\u00e7\u00e3o M\u00e9dica de Goi\u00e1s Associa\u00e7\u00e3o M\u00e9dica do Maranh\u00e3o Associa\u00e7\u00e3o M\u00e9dica de Minas Gerais Associa\u00e7\u00e3o M\u00e9dica do Mato Grosso do Sul Associa\u00e7\u00e3o M\u00e9dica do Mato Grosso Sociedade M\u00e9dico-Cir\u00fargica do Par\u00e1 Associa\u00e7\u00e3o M\u00e9dica de Pernambuco Associa\u00e7\u00e3o Piauiense de Medicina<\/p>\n<p style=\"text-align: justify;\">Associa\u00e7\u00e3o M\u00e9dica da Para\u00edba Associa\u00e7\u00e3o M\u00e9dica do Paran\u00e1 Sociedade M\u00e9dica do Estado do Rio de Janeiro Associa\u00e7\u00e3o M\u00e9dica do Rio Grande do Norte Associa\u00e7\u00e3o M\u00e9dica de Rond\u00f4nia Associa\u00e7\u00e3o M\u00e9dica de Roraima Associa\u00e7\u00e3o M\u00e9dica do Rio Grande do Sul Associa\u00e7\u00e3o Catarinense de Medicina Sociedade M\u00e9dica de Sergipe Associa\u00e7\u00e3o Paulista de Medicina Associa\u00e7\u00e3o M\u00e9dica de Tocantins<\/p>\n<p style=\"text-align: justify;\">\u2022 Antonio Carlos Lopes, Sociedade Brasileira de Cl\u00ednica M\u00e9dica<\/p>\n<p style=\"text-align: justify;\">\u2022 Alexandre Naime Barbosa, Sociedade Brasileira de Infectologia*<\/p>\n<p style=\"text-align: justify;\">\u2022 Augusto Key Karazawa Takaschima, Sociedade Brasileira de Anestesiologia<\/p>\n<p style=\"text-align: justify;\">\u2022 Bruno de Lima Naves, Sociedade Brasileira de Angiologia e de Cirurgia Vascular<\/p>\n<p style=\"text-align: justify;\">\u2022 Carlos Andr\u00e9 Uehara, Sociedade Brasileira de Geriatria e Gerontologia<\/p>\n<p style=\"text-align: justify;\">\u2022 C\u00e9sar Eduardo Fernandes, Associa\u00e7\u00e3o M\u00e9dica Brasileira<\/p>\n<p style=\"text-align: justify;\">\u2022 Cl\u00f3vis Arns da Cunha, Sociedade Brasileira de Infectologia<\/p>\n<p style=\"text-align: justify;\"><strong>N\u00daCLEO EXECUTIVO &#8211; CEM COVID_AMB<\/strong><\/p>\n<p style=\"text-align: justify;\">\u2022 Dante M\u00e1rio Langhi J\u00fanior, Associa\u00e7\u00e3o Brasileira de Hematologia, Hemoterapia e TerapiaCelular<\/p>\n<p style=\"text-align: justify;\">\u2022 Emanuel Savio Cavalcanti Sarinho, Associa\u00e7\u00e3o Brasileira de Alergia e Imunologia<\/p>\n<p style=\"text-align: justify;\">\u2022 H\u00e9lio Penna Guimar\u00e3es, Associa\u00e7\u00e3o Brasileira de Medicina de Emerg\u00eancia<\/p>\n<p style=\"text-align: justify;\">\u2022 Irma de Godoy, Sociedade Brasileira de Pneumologia e Tisiologia<\/p>\n<p style=\"text-align: justify;\">\u2022 Jos\u00e9 Eduardo Lutaif Dolci, Associa\u00e7\u00e3o M\u00e9dica Brasileira<\/p>\n<p style=\"text-align: justify;\">\u2022 Jos\u00e9 Luiz Gomes do Amaral, Associa\u00e7\u00e3o Paulista de Medicina<\/p>\n<p style=\"text-align: justify;\">\u2022 Ricardo Machado Xavier, Sociedade Brasileira de Reumatologia<\/p>\n<p style=\"text-align: justify;\">\u2022 Suzana Margareth Ajeje Lobo, Associa\u00e7\u00e3o de Medicina Intensiva Brasileira<\/p>\n<p style=\"text-align: justify;\">\u2022 Zeliete Linhares Leite Zambon, Sociedade Brasileira de Medicina de Fam\u00edlia e Comunidade<\/p>\n<p style=\"text-align: justify;\">\u2022 Consultor do N\u00facleo Executivo<\/p>\n<p style=\"text-align: justify;\">Fonte: G1<\/p>\n","protected":false},"excerpt":{"rendered":"<p>O posicionamento \u00e9 oposto a um anterior, de julho do ano passado, quando a entidade defendeu a &#8216;autonomia do m\u00e9dico&#8217; ao receitar os medicamentos, que j\u00e1 tiveram sua inefic\u00e1cia comprovada contra a Covid-19. A Associa\u00e7\u00e3o M\u00e9dica Brasileira (AMB) divulgou um boletim nesta ter\u00e7a-feira (23) na qual condena, entre outros pontos, o uso de rem\u00e9dios sem [&hellip;]<\/p>\n","protected":false},"author":1,"featured_media":58654,"comment_status":"open","ping_status":"open","sticky":false,"template":"","format":"standard","meta":{"ocean_post_layout":"","ocean_both_sidebars_style":"","ocean_both_sidebars_content_width":0,"ocean_both_sidebars_sidebars_width":0,"ocean_sidebar":"","ocean_second_sidebar":"","ocean_disable_margins":"enable","ocean_add_body_class":"","ocean_shortcode_before_top_bar":"","ocean_shortcode_after_top_bar":"","ocean_shortcode_before_header":"","ocean_shortcode_after_header":"","ocean_has_shortcode":"","ocean_shortcode_after_title":"","ocean_shortcode_before_footer_widgets":"","ocean_shortcode_after_footer_widgets":"","ocean_shortcode_before_footer_bottom":"","ocean_shortcode_after_footer_bottom":"","ocean_display_top_bar":"default","ocean_display_header":"default","ocean_header_style":"","ocean_center_header_left_menu":"","ocean_custom_header_template":"","ocean_custom_logo":0,"ocean_custom_retina_logo":0,"ocean_custom_logo_max_width":0,"ocean_custom_logo_tablet_max_width":0,"ocean_custom_logo_mobile_max_width":0,"ocean_custom_logo_max_height":0,"ocean_custom_logo_tablet_max_height":0,"ocean_custom_logo_mobile_max_height":0,"ocean_header_custom_menu":"","ocean_menu_typo_font_family":"","ocean_menu_typo_font_subset":"","ocean_menu_typo_font_size":0,"ocean_menu_typo_font_size_tablet":0,"ocean_menu_typo_font_size_mobile":0,"ocean_menu_typo_font_size_unit":"px","ocean_menu_typo_font_weight":"","ocean_menu_typo_font_weight_tablet":"","ocean_menu_typo_font_weight_mobile":"","ocean_menu_typo_transform":"","ocean_menu_typo_transform_tablet":"","ocean_menu_typo_transform_mobile":"","ocean_menu_typo_line_height":0,"ocean_menu_typo_line_height_tablet":0,"ocean_menu_typo_line_height_mobile":0,"ocean_menu_typo_line_height_unit":"","ocean_menu_typo_spacing":0,"ocean_menu_typo_spacing_tablet":0,"ocean_menu_typo_spacing_mobile":0,"ocean_menu_typo_spacing_unit":"","ocean_menu_link_color":"","ocean_menu_link_color_hover":"","ocean_menu_link_color_active":"","ocean_menu_link_background":"","ocean_menu_link_hover_background":"","ocean_menu_link_active_background":"","ocean_menu_social_links_bg":"","ocean_menu_social_hover_links_bg":"","ocean_menu_social_links_color":"","ocean_menu_social_hover_links_color":"","ocean_disable_title":"default","ocean_disable_heading":"default","ocean_post_title":"","ocean_post_subheading":"","ocean_post_title_style":"","ocean_post_title_background_color":"","ocean_post_title_background":0,"ocean_post_title_bg_image_position":"","ocean_post_title_bg_image_attachment":"","ocean_post_title_bg_image_repeat":"","ocean_post_title_bg_image_size":"","ocean_post_title_height":0,"ocean_post_title_bg_overlay":0.5,"ocean_post_title_bg_overlay_color":"","ocean_disable_breadcrumbs":"default","ocean_breadcrumbs_color":"","ocean_breadcrumbs_separator_color":"","ocean_breadcrumbs_links_color":"","ocean_breadcrumbs_links_hover_color":"","ocean_display_footer_widgets":"default","ocean_display_footer_bottom":"default","ocean_custom_footer_template":"","ocean_post_oembed":"","ocean_post_self_hosted_media":"","ocean_post_video_embed":"","ocean_link_format":"","ocean_link_format_target":"self","ocean_quote_format":"","ocean_quote_format_link":"post","ocean_gallery_link_images":"on","ocean_gallery_id":[]},"categories":[1],"tags":[],"acf":[],"_links":{"self":[{"href":"https:\/\/www.simepe.com.br\/novo\/wp-json\/wp\/v2\/posts\/58653"}],"collection":[{"href":"https:\/\/www.simepe.com.br\/novo\/wp-json\/wp\/v2\/posts"}],"about":[{"href":"https:\/\/www.simepe.com.br\/novo\/wp-json\/wp\/v2\/types\/post"}],"author":[{"embeddable":true,"href":"https:\/\/www.simepe.com.br\/novo\/wp-json\/wp\/v2\/users\/1"}],"replies":[{"embeddable":true,"href":"https:\/\/www.simepe.com.br\/novo\/wp-json\/wp\/v2\/comments?post=58653"}],"version-history":[{"count":1,"href":"https:\/\/www.simepe.com.br\/novo\/wp-json\/wp\/v2\/posts\/58653\/revisions"}],"predecessor-version":[{"id":58655,"href":"https:\/\/www.simepe.com.br\/novo\/wp-json\/wp\/v2\/posts\/58653\/revisions\/58655"}],"wp:featuredmedia":[{"embeddable":true,"href":"https:\/\/www.simepe.com.br\/novo\/wp-json\/wp\/v2\/media\/58654"}],"wp:attachment":[{"href":"https:\/\/www.simepe.com.br\/novo\/wp-json\/wp\/v2\/media?parent=58653"}],"wp:term":[{"taxonomy":"category","embeddable":true,"href":"https:\/\/www.simepe.com.br\/novo\/wp-json\/wp\/v2\/categories?post=58653"},{"taxonomy":"post_tag","embeddable":true,"href":"https:\/\/www.simepe.com.br\/novo\/wp-json\/wp\/v2\/tags?post=58653"}],"curies":[{"name":"wp","href":"https:\/\/api.w.org\/{rel}","templated":true}]}}