{"id":58665,"date":"2021-03-24T11:19:15","date_gmt":"2021-03-24T14:19:15","guid":{"rendered":"https:\/\/www.simepe.com.br\/novo\/?p=58665"},"modified":"2021-03-24T11:19:15","modified_gmt":"2021-03-24T14:19:15","slug":"simepar-denuncia-condicoes-de-trabalho-precarias-no-atendimento-a-covid-19","status":"publish","type":"post","link":"https:\/\/www.simepe.com.br\/novo\/simepar-denuncia-condicoes-de-trabalho-precarias-no-atendimento-a-covid-19\/","title":{"rendered":"Simepar denuncia condi\u00e7\u00f5es de trabalho prec\u00e1rias no atendimento \u00e0 covid-19"},"content":{"rendered":"<p>O Sindicato dos M\u00e9dicos no Estado do Paran\u00e1 (Simepar), juntamente com outros sindicatos de trabalhadores de Sa\u00fade, denunciou ao Minist\u00e9rio P\u00fablico do Trabalho as p\u00e9ssimas condi\u00e7\u00f5es de trabalho dos m\u00e9dicos e m\u00e9dicas e demais profissionais no enfrentamento \u00e0 Covid-19 em Curitiba e no estado do Paran\u00e1.<\/p>\n<p>O MPT realizou nesta quarta-feira (17) uma audi\u00eancia virtual que foi conduzida pelo Procurador do Trabalho, Dr. Alberto Emiliano de Oliveira Neto. O Simepar foi representado pela Secret\u00e1ria Geral, Dra. Claudia Paola Carrasco Aguilar e pelo advogado, Dr. Luiz Gustavo de Andrade.<\/p>\n<p>Na oportunidade foram apresentadas den\u00fancias de:<\/p>\n<p>\u2022 Falta de equipamentos de prote\u00e7\u00e3o individual (EPIs) nas Unidades de Pronto Atendimento e Unidades B\u00e1sicas de Sa\u00fade de Curitiba;<br \/>\n\u2022 A n\u00e3o emiss\u00e3o da CAT nos casos relacionados a Covid-19;<br \/>\n\u2022 Jornadas de trabalho excessivas com plant\u00f5es muito extensos;<br \/>\n\u2022 N\u00e3o concess\u00e3o de intervalo para descanso;<br \/>\n\u2022 Ass\u00e9dio moral em algumas unidades praticados pela chefia imediata;<br \/>\n\u2022 Falta das m\u00e1scaras N95;<br \/>\n\u2022 Falta de \u2018faceshield\u2019;<br \/>\n\u2022 Falta de insumos como oxig\u00eanio e medicamentos necess\u00e1rios para pacientes<br \/>\nEntubados;<br \/>\n\u2022 Falta de fisioterapeutas;<br \/>\n\u2022 Excesso de pacientes;<br \/>\n\u2022 Falta de leitos de UTI.<\/p>\n<p>Os representantes dos m\u00e9dicos ressaltaram que a falta de estrutura repercute negativamente sobre o exerc\u00edcio da atividade profissional pelos m\u00e9dicos e o pelos demais profissionais da sa\u00fade.<\/p>\n<p>A Dra. Claudia Paola Carrasco Aguilar, Secret\u00e1ria Geral do Simepar, afirmou que, em que pese a press\u00e3o para o aumento do n\u00famero de leitos, n\u00e3o h\u00e1 profissionais suficientes para atender essa demanda.<\/p>\n<p>\u201cO SUS deve contratar mais m\u00e9dicos e equipes de apoio, essa \u00e9 a \u00fanica forma de ampliar a rede de atendimento. Os m\u00e9dicos est\u00e3o se sentindo desvalorizados, est\u00e3o sem reajuste, trabalhando sobrecarregados, muitas vezes sendo mudados de fun\u00e7\u00e3o e de local de trabalho, sem hor\u00e1rios de descanso e sob intensa press\u00e3o psicol\u00f3gica.\u201d Afirmou a m\u00e9dica.<\/p>\n<p>O Dr. Luiz Gustavo de Andrade, advogado do Simepar, sugeriu que as pr\u00f3ximas demandas judiciais fossem propostas em conjunto pelas entidades sindicais e Minist\u00e9rio P\u00fablico do Trabalho, perante a Justi\u00e7a do Trabalho, para melhorias das atuais condi\u00e7\u00f5es estruturais das unidades de sa\u00fade.<\/p>\n<p>Participaram da audi\u00eancia, al\u00e9m do Simepar, o Sindisa\u00fade, Sismuc e Sismec. Vale lembrar boa parte das den\u00fancias s\u00e3o reiteradas e j\u00e1 foram objetos de a\u00e7\u00f5es judiciais anteriores.<\/p>\n<p>O Minist\u00e9rio P\u00fablico Trabalho ir\u00e1 convocar os gestores das Secretarias Municipal e Estadual da Sa\u00fade, bem como representantes do Minist\u00e9rio da Sa\u00fade para prestar esclarecimentos sobre as den\u00fancias e procurar sanar os problemas enfrentados pelos profissionais. Caso n\u00e3o haja solu\u00e7\u00e3o, as demandas seguem para a Justi\u00e7a do Trabalho.<\/p>\n<p>Desde o in\u00edcio da pandemia, o Simepar interp\u00f4s contra a FEAS cinco a\u00e7\u00f5es na Justi\u00e7a do Trabalho. Como resultado, a Justi\u00e7a determinou o fornecimento de m\u00e1scara e equipamentos de prote\u00e7\u00e3o; a testagem nos profissionais; o ressarcimento das testagens da Covid-19 pagas pelos m\u00e9dicos e tamb\u00e9m o afastamento dos m\u00e9dicos que fazem parte dos grupos de risco e maiores de 60 anos.<\/p>\n<p>H\u00e1 ainda v\u00e1rias conquistas similares em a\u00e7\u00f5es impetradas contra os cons\u00f3rcios p\u00fablicos no estado inteiro, contra a Ebserh e o Hospital de Cl\u00ednicas, dentre outros.<\/p>\n<p>Fonte: Federa\u00e7\u00e3o Nacional dos M\u00e9dicos (FENAM)<\/p>\n","protected":false},"excerpt":{"rendered":"<p>O Sindicato dos M\u00e9dicos no Estado do Paran\u00e1 (Simepar), juntamente com outros sindicatos de trabalhadores de Sa\u00fade, denunciou ao Minist\u00e9rio P\u00fablico do Trabalho as p\u00e9ssimas condi\u00e7\u00f5es de trabalho dos m\u00e9dicos e m\u00e9dicas e demais profissionais no enfrentamento \u00e0 Covid-19 em Curitiba e no estado do Paran\u00e1. O MPT realizou nesta quarta-feira (17) uma audi\u00eancia virtual [&hellip;]<\/p>\n","protected":false},"author":1,"featured_media":0,"comment_status":"open","ping_status":"open","sticky":false,"template":"","format":"standard","meta":{"ocean_post_layout":"","ocean_both_sidebars_style":"","ocean_both_sidebars_content_width":0,"ocean_both_sidebars_sidebars_width":0,"ocean_sidebar":"","ocean_second_sidebar":"","ocean_disable_margins":"enable","ocean_add_body_class":"","ocean_shortcode_before_top_bar":"","ocean_shortcode_after_top_bar":"","ocean_shortcode_before_header":"","ocean_shortcode_after_header":"","ocean_has_shortcode":"","ocean_shortcode_after_title":"","ocean_shortcode_before_footer_widgets":"","ocean_shortcode_after_footer_widgets":"","ocean_shortcode_before_footer_bottom":"","ocean_shortcode_after_footer_bottom":"","ocean_display_top_bar":"default","ocean_display_header":"default","ocean_header_style":"","ocean_center_header_left_menu":"","ocean_custom_header_template":"","ocean_custom_logo":0,"ocean_custom_retina_logo":0,"ocean_custom_logo_max_width":0,"ocean_custom_logo_tablet_max_width":0,"ocean_custom_logo_mobile_max_width":0,"ocean_custom_logo_max_height":0,"ocean_custom_logo_tablet_max_height":0,"ocean_custom_logo_mobile_max_height":0,"ocean_header_custom_menu":"","ocean_menu_typo_font_family":"","ocean_menu_typo_font_subset":"","ocean_menu_typo_font_size":0,"ocean_menu_typo_font_size_tablet":0,"ocean_menu_typo_font_size_mobile":0,"ocean_menu_typo_font_size_unit":"px","ocean_menu_typo_font_weight":"","ocean_menu_typo_font_weight_tablet":"","ocean_menu_typo_font_weight_mobile":"","ocean_menu_typo_transform":"","ocean_menu_typo_transform_tablet":"","ocean_menu_typo_transform_mobile":"","ocean_menu_typo_line_height":0,"ocean_menu_typo_line_height_tablet":0,"ocean_menu_typo_line_height_mobile":0,"ocean_menu_typo_line_height_unit":"","ocean_menu_typo_spacing":0,"ocean_menu_typo_spacing_tablet":0,"ocean_menu_typo_spacing_mobile":0,"ocean_menu_typo_spacing_unit":"","ocean_menu_link_color":"","ocean_menu_link_color_hover":"","ocean_menu_link_color_active":"","ocean_menu_link_background":"","ocean_menu_link_hover_background":"","ocean_menu_link_active_background":"","ocean_menu_social_links_bg":"","ocean_menu_social_hover_links_bg":"","ocean_menu_social_links_color":"","ocean_menu_social_hover_links_color":"","ocean_disable_title":"default","ocean_disable_heading":"default","ocean_post_title":"","ocean_post_subheading":"","ocean_post_title_style":"","ocean_post_title_background_color":"","ocean_post_title_background":0,"ocean_post_title_bg_image_position":"","ocean_post_title_bg_image_attachment":"","ocean_post_title_bg_image_repeat":"","ocean_post_title_bg_image_size":"","ocean_post_title_height":0,"ocean_post_title_bg_overlay":0.5,"ocean_post_title_bg_overlay_color":"","ocean_disable_breadcrumbs":"default","ocean_breadcrumbs_color":"","ocean_breadcrumbs_separator_color":"","ocean_breadcrumbs_links_color":"","ocean_breadcrumbs_links_hover_color":"","ocean_display_footer_widgets":"default","ocean_display_footer_bottom":"default","ocean_custom_footer_template":"","ocean_post_oembed":"","ocean_post_self_hosted_media":"","ocean_post_video_embed":"","ocean_link_format":"","ocean_link_format_target":"self","ocean_quote_format":"","ocean_quote_format_link":"post","ocean_gallery_link_images":"on","ocean_gallery_id":[]},"categories":[9],"tags":[1420,1490,82],"acf":[],"_links":{"self":[{"href":"https:\/\/www.simepe.com.br\/novo\/wp-json\/wp\/v2\/posts\/58665"}],"collection":[{"href":"https:\/\/www.simepe.com.br\/novo\/wp-json\/wp\/v2\/posts"}],"about":[{"href":"https:\/\/www.simepe.com.br\/novo\/wp-json\/wp\/v2\/types\/post"}],"author":[{"embeddable":true,"href":"https:\/\/www.simepe.com.br\/novo\/wp-json\/wp\/v2\/users\/1"}],"replies":[{"embeddable":true,"href":"https:\/\/www.simepe.com.br\/novo\/wp-json\/wp\/v2\/comments?post=58665"}],"version-history":[{"count":1,"href":"https:\/\/www.simepe.com.br\/novo\/wp-json\/wp\/v2\/posts\/58665\/revisions"}],"predecessor-version":[{"id":58666,"href":"https:\/\/www.simepe.com.br\/novo\/wp-json\/wp\/v2\/posts\/58665\/revisions\/58666"}],"wp:attachment":[{"href":"https:\/\/www.simepe.com.br\/novo\/wp-json\/wp\/v2\/media?parent=58665"}],"wp:term":[{"taxonomy":"category","embeddable":true,"href":"https:\/\/www.simepe.com.br\/novo\/wp-json\/wp\/v2\/categories?post=58665"},{"taxonomy":"post_tag","embeddable":true,"href":"https:\/\/www.simepe.com.br\/novo\/wp-json\/wp\/v2\/tags?post=58665"}],"curies":[{"name":"wp","href":"https:\/\/api.w.org\/{rel}","templated":true}]}}