{"id":58683,"date":"2021-03-24T11:57:15","date_gmt":"2021-03-24T14:57:15","guid":{"rendered":"https:\/\/www.simepe.com.br\/novo\/?p=58683"},"modified":"2021-03-24T11:57:15","modified_gmt":"2021-03-24T14:57:15","slug":"vacinacao-contra-a-covid-19-e-ampliada-para-idosos-com-68-anos-em-caruaru-saiba-como-agendar","status":"publish","type":"post","link":"https:\/\/www.simepe.com.br\/novo\/vacinacao-contra-a-covid-19-e-ampliada-para-idosos-com-68-anos-em-caruaru-saiba-como-agendar\/","title":{"rendered":"Vacina\u00e7\u00e3o contra a Covid-19 \u00e9 ampliada para idosos com 68 anos em Caruaru; saiba como agendar"},"content":{"rendered":"<p><em>O munic\u00edpio ampliou os hor\u00e1rios de vacina\u00e7\u00e3o, que acontecer\u00e1 tamb\u00e9m nos fins de semana.<\/em><\/p>\n<p>Na \u00faltima\u00a0segunda-feira (22), a <strong>Prefeitura de Caruaru<\/strong> ampliou a <strong>vacina\u00e7\u00e3o<\/strong> contra a <strong>Covid-19<\/strong> para idosos acima dos <strong>68 anos<\/strong> de idade. A informa\u00e7\u00e3o foi divulgada pela assessoria de imprensa do munic\u00edpio e pela prefeita <strong>Raquel Lyra<\/strong> nas redes sociais.<\/p>\n<p>Na segunda-feira, Caruaru\u00a0recebeu mais 5.890 doses do imunizante da SinoVac e 365 da AstraZeneca. \u201cSomando \u00e0 quantidade recebida no \u00faltimo dia (17), o munic\u00edpio contabiliza doses suficientes para ampliar a a\u00e7\u00e3o, que estimamos vacinar 10.243 idosos acima de 68 anos nos pr\u00f3ximos dias\u201d, afirmou o secret\u00e1rio municipal de Sa\u00fade, Breno Feitoza.<\/p>\n<p>Al\u00e9m de ampliar o p\u00fablico priorit\u00e1rio a ser vacinado, o munic\u00edpio ampliou tamb\u00e9m os hor\u00e1rios de vacina\u00e7\u00e3o, que a partir de s\u00e1bado (27)\u00a0acontecer\u00e1 tamb\u00e9m nos fins de semana, das 7h \u00e0s 19h, no Espa\u00e7o Cultural. &#8220;Vamos intensificar o trabalho para imunizar a nossa gente&#8221;, disse Raquel Lyra em v\u00eddeo publicado nas redes sociais.<\/p>\n<p><strong>Agendamento<\/strong><\/p>\n<p>\u00c9 poss\u00edvel agendar para receber a vacina contra a Covid-19 por meio do Disque Vacina, pelo n\u00famero 0800 281 7080 ou atrav\u00e9s do site vacina.caruaru.pe.gov.br. No dia da vacina\u00e7\u00e3o, os idosos devem apresentar documento oficial com foto, cart\u00e3o do SUS, c\u00f3pia do CPF e comprovante de resid\u00eancia.<\/p>\n<p>Fonte: NE10 Interior<\/p>\n","protected":false},"excerpt":{"rendered":"<p>O munic\u00edpio ampliou os hor\u00e1rios de vacina\u00e7\u00e3o, que acontecer\u00e1 tamb\u00e9m nos fins de semana. Na \u00faltima\u00a0segunda-feira (22), a Prefeitura de Caruaru ampliou a vacina\u00e7\u00e3o contra a Covid-19 para idosos acima dos 68 anos de idade. A informa\u00e7\u00e3o foi divulgada pela assessoria de imprensa do munic\u00edpio e pela prefeita Raquel Lyra nas redes sociais. Na segunda-feira, [&hellip;]<\/p>\n","protected":false},"author":1,"featured_media":0,"comment_status":"open","ping_status":"open","sticky":false,"template":"","format":"standard","meta":{"ocean_post_layout":"","ocean_both_sidebars_style":"","ocean_both_sidebars_content_width":0,"ocean_both_sidebars_sidebars_width":0,"ocean_sidebar":"","ocean_second_sidebar":"","ocean_disable_margins":"enable","ocean_add_body_class":"","ocean_shortcode_before_top_bar":"","ocean_shortcode_after_top_bar":"","ocean_shortcode_before_header":"","ocean_shortcode_after_header":"","ocean_has_shortcode":"","ocean_shortcode_after_title":"","ocean_shortcode_before_footer_widgets":"","ocean_shortcode_after_footer_widgets":"","ocean_shortcode_before_footer_bottom":"","ocean_shortcode_after_footer_bottom":"","ocean_display_top_bar":"default","ocean_display_header":"default","ocean_header_style":"","ocean_center_header_left_menu":"","ocean_custom_header_template":"","ocean_custom_logo":0,"ocean_custom_retina_logo":0,"ocean_custom_logo_max_width":0,"ocean_custom_logo_tablet_max_width":0,"ocean_custom_logo_mobile_max_width":0,"ocean_custom_logo_max_height":0,"ocean_custom_logo_tablet_max_height":0,"ocean_custom_logo_mobile_max_height":0,"ocean_header_custom_menu":"","ocean_menu_typo_font_family":"","ocean_menu_typo_font_subset":"","ocean_menu_typo_font_size":0,"ocean_menu_typo_font_size_tablet":0,"ocean_menu_typo_font_size_mobile":0,"ocean_menu_typo_font_size_unit":"px","ocean_menu_typo_font_weight":"","ocean_menu_typo_font_weight_tablet":"","ocean_menu_typo_font_weight_mobile":"","ocean_menu_typo_transform":"","ocean_menu_typo_transform_tablet":"","ocean_menu_typo_transform_mobile":"","ocean_menu_typo_line_height":0,"ocean_menu_typo_line_height_tablet":0,"ocean_menu_typo_line_height_mobile":0,"ocean_menu_typo_line_height_unit":"","ocean_menu_typo_spacing":0,"ocean_menu_typo_spacing_tablet":0,"ocean_menu_typo_spacing_mobile":0,"ocean_menu_typo_spacing_unit":"","ocean_menu_link_color":"","ocean_menu_link_color_hover":"","ocean_menu_link_color_active":"","ocean_menu_link_background":"","ocean_menu_link_hover_background":"","ocean_menu_link_active_background":"","ocean_menu_social_links_bg":"","ocean_menu_social_hover_links_bg":"","ocean_menu_social_links_color":"","ocean_menu_social_hover_links_color":"","ocean_disable_title":"default","ocean_disable_heading":"default","ocean_post_title":"","ocean_post_subheading":"","ocean_post_title_style":"","ocean_post_title_background_color":"","ocean_post_title_background":0,"ocean_post_title_bg_image_position":"","ocean_post_title_bg_image_attachment":"","ocean_post_title_bg_image_repeat":"","ocean_post_title_bg_image_size":"","ocean_post_title_height":0,"ocean_post_title_bg_overlay":0.5,"ocean_post_title_bg_overlay_color":"","ocean_disable_breadcrumbs":"default","ocean_breadcrumbs_color":"","ocean_breadcrumbs_separator_color":"","ocean_breadcrumbs_links_color":"","ocean_breadcrumbs_links_hover_color":"","ocean_display_footer_widgets":"default","ocean_display_footer_bottom":"default","ocean_custom_footer_template":"","ocean_post_oembed":"","ocean_post_self_hosted_media":"","ocean_post_video_embed":"","ocean_link_format":"","ocean_link_format_target":"self","ocean_quote_format":"","ocean_quote_format_link":"post","ocean_gallery_link_images":"on","ocean_gallery_id":[]},"categories":[9],"tags":[1420,1490,82,474],"acf":[],"_links":{"self":[{"href":"https:\/\/www.simepe.com.br\/novo\/wp-json\/wp\/v2\/posts\/58683"}],"collection":[{"href":"https:\/\/www.simepe.com.br\/novo\/wp-json\/wp\/v2\/posts"}],"about":[{"href":"https:\/\/www.simepe.com.br\/novo\/wp-json\/wp\/v2\/types\/post"}],"author":[{"embeddable":true,"href":"https:\/\/www.simepe.com.br\/novo\/wp-json\/wp\/v2\/users\/1"}],"replies":[{"embeddable":true,"href":"https:\/\/www.simepe.com.br\/novo\/wp-json\/wp\/v2\/comments?post=58683"}],"version-history":[{"count":1,"href":"https:\/\/www.simepe.com.br\/novo\/wp-json\/wp\/v2\/posts\/58683\/revisions"}],"predecessor-version":[{"id":58684,"href":"https:\/\/www.simepe.com.br\/novo\/wp-json\/wp\/v2\/posts\/58683\/revisions\/58684"}],"wp:attachment":[{"href":"https:\/\/www.simepe.com.br\/novo\/wp-json\/wp\/v2\/media?parent=58683"}],"wp:term":[{"taxonomy":"category","embeddable":true,"href":"https:\/\/www.simepe.com.br\/novo\/wp-json\/wp\/v2\/categories?post=58683"},{"taxonomy":"post_tag","embeddable":true,"href":"https:\/\/www.simepe.com.br\/novo\/wp-json\/wp\/v2\/tags?post=58683"}],"curies":[{"name":"wp","href":"https:\/\/api.w.org\/{rel}","templated":true}]}}