{"id":58687,"date":"2021-03-24T12:07:44","date_gmt":"2021-03-24T15:07:44","guid":{"rendered":"https:\/\/www.simepe.com.br\/novo\/?p=58687"},"modified":"2021-03-24T12:07:44","modified_gmt":"2021-03-24T15:07:44","slug":"fabricantes-de-medicamentos-estao-no-limite-da-producao-alerta-diretora-da-anvisa","status":"publish","type":"post","link":"https:\/\/www.simepe.com.br\/novo\/fabricantes-de-medicamentos-estao-no-limite-da-producao-alerta-diretora-da-anvisa\/","title":{"rendered":"Fabricantes de medicamentos est\u00e3o no limite da produ\u00e7\u00e3o, alerta diretora da Anvisa"},"content":{"rendered":"<div>A capacidade da ind\u00fastria nacional para a fabrica\u00e7\u00e3o de medicamentos necess\u00e1rios para a intuba\u00e7\u00e3o nas Unidades de Terapia Intensiva (UTI) est\u00e1 no limite e rem\u00e9dios para outras \u00e1reas podem faltar. Isso porque h\u00e1 fabricantes que voltaram sua produ\u00e7\u00e3o totalmente para o \u201ckit intuba\u00e7\u00e3o\u201d, o que representa o desabastecimento de outros f\u00e1rmacos. O alerta foi dado ontem pela diretora da Ag\u00eancia Nacional de Vigil\u00e2ncia Sanit\u00e1ria (Anvisa), Meiruze Sousa Freitas, durante audi\u00eancia na Comiss\u00e3o Externa da C\u00e2mara dos Deputados que acompanha as a\u00e7\u00f5es de combate \u00e0 Covid-19.<\/div>\n<div><\/div>\n<div>\n<div>\u201cAs empresas est\u00e3o no limite de produ\u00e7\u00e3o (da capacidade produtiva). Algumas aumentaram (a produ\u00e7\u00e3o) em quatro ou sete vezes e t\u00eam empresas que dedicaram toda a sua produ\u00e7\u00e3o aos medicamentos de intuba\u00e7\u00e3o orotraqueal. Isso tamb\u00e9m \u00e9 um problema, porque h\u00e1 risco de desabastecimento de outros medicamentos\u201d, disse Meiruze.<\/div>\n<div><\/div>\n<div>Durante o depoimento, ela se emocionou ao relatar a aus\u00eancia de anest\u00e9sicos para intubar pacientes \u2014 motivo pelo qual a reuni\u00e3o foi convocada, pois, desde a semana passada, estados v\u00eam avisando ao Minist\u00e9rio da Sa\u00fade que o aumento no n\u00famero de interna\u00e7\u00f5es nas UTIs voltadas para o atendimento \u00e0 Covid-19 causaram a redu\u00e7\u00e3o nos estoques de medicamentos que comp\u00f5em o kit intuba\u00e7\u00e3o.<\/div>\n<div><\/div>\n<div>\u201cMe emociono nesse processo. \u00c9 dram\u00e1tico, \u00e9 horr\u00edvel saber que pessoas, nesse momento, nos hospitais, est\u00e3o sem acesso \u00e0 assist\u00eancia b\u00e1sica. Porque ter acesso \u00e0 analgesia \u00e9 assist\u00eancia b\u00e1sica. Pe\u00e7o desculpas pela emo\u00e7\u00e3o\u201d, reagiu.<\/div>\n<div><\/div>\n<div><strong>Requisi\u00e7\u00f5es<\/strong><\/div>\n<div>Por causa da imin\u00eancia do desabastecimento, na semana passada, o Minist\u00e9rio da Sa\u00fade anunciou a requisi\u00e7\u00e3o administrativa de rem\u00e9dios que estavam em estoque nas ind\u00fastrias. Segundo Meiruze, para auxiliar nesse processo, a Anvisa tamb\u00e9m baixou medidas para aumentar o estoque dispon\u00edvel dos insumos para a intuba\u00e7\u00e3o de infectados com o novo coronav\u00edrus \u2014 como a redu\u00e7\u00e3o, de 15 dias para uma semana, do per\u00edodo de quarentena nos galp\u00f5es das f\u00e1bricas antes de os rem\u00e9dios serem liberados para uso.<\/div>\n<div><\/div>\n<div>Diante do quadro relatado por Meiruze, o vice-presidente da C\u00e2mara dos Deputados, deputado Marcelo Ramos (PL-AM), criticou a omiss\u00e3o do minist\u00e9rio na coordena\u00e7\u00e3o do abastecimento de rem\u00e9dios para intuba\u00e7\u00e3o de pacientes. A falta desses medicamentos, agravada por reajustes nos pre\u00e7os, tem provocado, segundo representantes de hospitais privados \u2014 que tamb\u00e9m participaram da audi\u00eancia \u2014, a diminui\u00e7\u00e3o da oferta de leitos para o tratamento da Covid-19.<\/div>\n<div><\/div>\n<div>A C\u00e2mara deve remeter \u00e0 pasta requerimento em que solicita a cria\u00e7\u00e3o de uma central de demandas e de compras de medicamentos. \u201cN\u00f3s temos uma corrida pela compra. Isso faz com que voc\u00ea tenha estados superabastecidos e estados sem nada, porque n\u00e3o h\u00e1 um controle nacional de demanda. O Minist\u00e9rio da Sa\u00fade precisa imediatamente tomar essa provid\u00eancia\u201d, cobrou Ramos.Nenhum representante do governo federal compareceu \u00e0 audi\u00eancia.<\/div>\n<div><\/div>\n<div><strong>Cartas pedem coordena\u00e7\u00e3o<\/strong><\/div>\n<div>Com o agravamento da pandemia da Covid-19 no Brasil, diversas entidades t\u00eam se manifestado para orientar a popula\u00e7\u00e3o e pedir uma definitiva uni\u00e3o entre governo federal, estados e munic\u00edpios no combate ao v\u00edrus. Em cartas abertas divulgadas ontem, a Associa\u00e7\u00e3o M\u00e9dica Brasileira (AMB) pediu o banimento de rem\u00e9dios que vinham sendo indicados por Jair Bolsonaro e o Minist\u00e9rio da Sa\u00fade num suposto tratamento precoce contra a doen\u00e7a \u2014 como a cloroquina, a ivermectina e a azitromicina \u2014, enquanto a Confedera\u00e7\u00e3o Nacional de Munic\u00edpios (CNM) e o Conselho Nacional de Secret\u00e1rios de Sa\u00fade (Conass) exigiram do presidente da Rep\u00fablica a coordena\u00e7\u00e3o nacional da luta contra a pandemia.<\/div>\n<div><\/div>\n<div>Por meio de uma carta, a CNM exortou Bolsonaro a assumir \u201cde uma vez por todas o papel constitucional de coordena\u00e7\u00e3o nacional no enfrentamento da Covid-19 no pa\u00eds, promovendo o alinhamento entre as esferas de governo e de poder\u201d. \u201c\u00c9 hora de colocar a evid\u00eancia cient\u00edfica como norte e despolitizar a pandemia, superando diverg\u00eancias e priorizando a defesa da vida para estancar as milhares de mortes\u201d, cobrou.<\/div>\n<div><\/div>\n<div>A preocupa\u00e7\u00e3o \u00e9 a mesma da AMB, que divulgou uma rela\u00e7\u00e3o de medidas para o enfrentamento da doen\u00e7a. A associa\u00e7\u00e3o cita a vacina\u00e7\u00e3o c\u00e9lere como \u201cmedida ideal\u201d para controlar a transmiss\u00e3o, mas aponta o isolamento social, o uso correto de m\u00e1scaras, a ventila\u00e7\u00e3o adequada de ambientes e outras medidas como fundamentais. E condena a prescri\u00e7\u00e3o de rem\u00e9dios sem efic\u00e1cia no tratamento da Covid-19. \u201cMedica\u00e7\u00f5es como hidroxicloroquina\/cloroquina, ivermectina, nitazoxanida, azitromicina e colchicina, entre outras drogas, n\u00e3o possuem efic\u00e1cia cient\u00edfica comprovada de benef\u00edcio no tratamento, portanto, a utiliza\u00e7\u00e3o deve ser banida\u201d, exigiu o documento.<\/div>\n<div><\/div>\n<div>A AMB ainda alertou para que pessoas com suspeita ou com a confirma\u00e7\u00e3o da Covid-19 n\u00e3o se automediquem ou usem corticoides, como a dexametasona e a prednisona. \u201cUtilizados fora do per\u00edodo correto, podem piorar a evolu\u00e7\u00e3o da doen\u00e7a\u201d, afirmou.<\/div>\n<div><\/div>\n<div>Sobre o novo ministro da Sa\u00fade, Marcelo Queiroga, que tomou posse ontem, a AMB salientou que \u201cos brasileiros almejam que vossa gest\u00e3o ecoe e se guie exclusivamente pela voz da ci\u00eancia\u201d. E cobrou que ele seja \u201cum exemplo de independ\u00eancia\u201d na implanta\u00e7\u00e3o de pol\u00edticas e medidas consistentes e necess\u00e1rias.<\/div>\n<div><\/div>\n<div>Da mesma forma, o Conass cumprimentou Queiroga e pediu a\u00e7\u00f5es \u201csin\u00e9rgicas\u201d. \u201cMais do que nunca, a popula\u00e7\u00e3o necessita de uma coordena\u00e7\u00e3o nacional para o enfrentamento da Covid-19, com a\u00e7\u00f5es precisas, amparadas na ci\u00eancia, que garantam a preven\u00e7\u00e3o de novos cont\u00e1gios\u201d, salientou o texto.<\/div>\n<\/div>\n<div><\/div>\n<div>Fonte: Diario de Pernambuco<\/div>\n<div><\/div>\n","protected":false},"excerpt":{"rendered":"<p>A capacidade da ind\u00fastria nacional para a fabrica\u00e7\u00e3o de medicamentos necess\u00e1rios para a intuba\u00e7\u00e3o nas Unidades de Terapia Intensiva (UTI) est\u00e1 no limite e rem\u00e9dios para outras \u00e1reas podem faltar. Isso porque h\u00e1 fabricantes que voltaram sua produ\u00e7\u00e3o totalmente para o \u201ckit intuba\u00e7\u00e3o\u201d, o que representa o desabastecimento de outros f\u00e1rmacos. O alerta foi dado [&hellip;]<\/p>\n","protected":false},"author":1,"featured_media":0,"comment_status":"open","ping_status":"open","sticky":false,"template":"","format":"standard","meta":{"ocean_post_layout":"","ocean_both_sidebars_style":"","ocean_both_sidebars_content_width":0,"ocean_both_sidebars_sidebars_width":0,"ocean_sidebar":"","ocean_second_sidebar":"","ocean_disable_margins":"enable","ocean_add_body_class":"","ocean_shortcode_before_top_bar":"","ocean_shortcode_after_top_bar":"","ocean_shortcode_before_header":"","ocean_shortcode_after_header":"","ocean_has_shortcode":"","ocean_shortcode_after_title":"","ocean_shortcode_before_footer_widgets":"","ocean_shortcode_after_footer_widgets":"","ocean_shortcode_before_footer_bottom":"","ocean_shortcode_after_footer_bottom":"","ocean_display_top_bar":"default","ocean_display_header":"default","ocean_header_style":"","ocean_center_header_left_menu":"","ocean_custom_header_template":"","ocean_custom_logo":0,"ocean_custom_retina_logo":0,"ocean_custom_logo_max_width":0,"ocean_custom_logo_tablet_max_width":0,"ocean_custom_logo_mobile_max_width":0,"ocean_custom_logo_max_height":0,"ocean_custom_logo_tablet_max_height":0,"ocean_custom_logo_mobile_max_height":0,"ocean_header_custom_menu":"","ocean_menu_typo_font_family":"","ocean_menu_typo_font_subset":"","ocean_menu_typo_font_size":0,"ocean_menu_typo_font_size_tablet":0,"ocean_menu_typo_font_size_mobile":0,"ocean_menu_typo_font_size_unit":"px","ocean_menu_typo_font_weight":"","ocean_menu_typo_font_weight_tablet":"","ocean_menu_typo_font_weight_mobile":"","ocean_menu_typo_transform":"","ocean_menu_typo_transform_tablet":"","ocean_menu_typo_transform_mobile":"","ocean_menu_typo_line_height":0,"ocean_menu_typo_line_height_tablet":0,"ocean_menu_typo_line_height_mobile":0,"ocean_menu_typo_line_height_unit":"","ocean_menu_typo_spacing":0,"ocean_menu_typo_spacing_tablet":0,"ocean_menu_typo_spacing_mobile":0,"ocean_menu_typo_spacing_unit":"","ocean_menu_link_color":"","ocean_menu_link_color_hover":"","ocean_menu_link_color_active":"","ocean_menu_link_background":"","ocean_menu_link_hover_background":"","ocean_menu_link_active_background":"","ocean_menu_social_links_bg":"","ocean_menu_social_hover_links_bg":"","ocean_menu_social_links_color":"","ocean_menu_social_hover_links_color":"","ocean_disable_title":"default","ocean_disable_heading":"default","ocean_post_title":"","ocean_post_subheading":"","ocean_post_title_style":"","ocean_post_title_background_color":"","ocean_post_title_background":0,"ocean_post_title_bg_image_position":"","ocean_post_title_bg_image_attachment":"","ocean_post_title_bg_image_repeat":"","ocean_post_title_bg_image_size":"","ocean_post_title_height":0,"ocean_post_title_bg_overlay":0.5,"ocean_post_title_bg_overlay_color":"","ocean_disable_breadcrumbs":"default","ocean_breadcrumbs_color":"","ocean_breadcrumbs_separator_color":"","ocean_breadcrumbs_links_color":"","ocean_breadcrumbs_links_hover_color":"","ocean_display_footer_widgets":"default","ocean_display_footer_bottom":"default","ocean_custom_footer_template":"","ocean_post_oembed":"","ocean_post_self_hosted_media":"","ocean_post_video_embed":"","ocean_link_format":"","ocean_link_format_target":"self","ocean_quote_format":"","ocean_quote_format_link":"post","ocean_gallery_link_images":"on","ocean_gallery_id":[]},"categories":[9],"tags":[1420,1490,82],"acf":[],"_links":{"self":[{"href":"https:\/\/www.simepe.com.br\/novo\/wp-json\/wp\/v2\/posts\/58687"}],"collection":[{"href":"https:\/\/www.simepe.com.br\/novo\/wp-json\/wp\/v2\/posts"}],"about":[{"href":"https:\/\/www.simepe.com.br\/novo\/wp-json\/wp\/v2\/types\/post"}],"author":[{"embeddable":true,"href":"https:\/\/www.simepe.com.br\/novo\/wp-json\/wp\/v2\/users\/1"}],"replies":[{"embeddable":true,"href":"https:\/\/www.simepe.com.br\/novo\/wp-json\/wp\/v2\/comments?post=58687"}],"version-history":[{"count":1,"href":"https:\/\/www.simepe.com.br\/novo\/wp-json\/wp\/v2\/posts\/58687\/revisions"}],"predecessor-version":[{"id":58688,"href":"https:\/\/www.simepe.com.br\/novo\/wp-json\/wp\/v2\/posts\/58687\/revisions\/58688"}],"wp:attachment":[{"href":"https:\/\/www.simepe.com.br\/novo\/wp-json\/wp\/v2\/media?parent=58687"}],"wp:term":[{"taxonomy":"category","embeddable":true,"href":"https:\/\/www.simepe.com.br\/novo\/wp-json\/wp\/v2\/categories?post=58687"},{"taxonomy":"post_tag","embeddable":true,"href":"https:\/\/www.simepe.com.br\/novo\/wp-json\/wp\/v2\/tags?post=58687"}],"curies":[{"name":"wp","href":"https:\/\/api.w.org\/{rel}","templated":true}]}}