{"id":58689,"date":"2021-03-24T12:10:28","date_gmt":"2021-03-24T15:10:28","guid":{"rendered":"https:\/\/www.simepe.com.br\/novo\/?p=58689"},"modified":"2021-03-24T12:10:28","modified_gmt":"2021-03-24T15:10:28","slug":"apos-disputa-judicial-estudantes-se-formam-antecipadamente-em-medicina-para-atuar-na-pandemia","status":"publish","type":"post","link":"https:\/\/www.simepe.com.br\/novo\/apos-disputa-judicial-estudantes-se-formam-antecipadamente-em-medicina-para-atuar-na-pandemia\/","title":{"rendered":"Ap\u00f3s disputa judicial, estudantes se formam antecipadamente em medicina para atuar na pandemia"},"content":{"rendered":"<p>Ap\u00f3s ver o sonho de exercer a medicina se transformar em uma batalha judicial, parte de um grupo de estudantes de uma faculdade particular do Recife conseguiu, nesta segunda-feira (22), a almejada cola\u00e7\u00e3o do curso. Ainda sem experi\u00eancia, mas com muita vontade de trabalhar, os alunos do \u00faltimo per\u00edodo da Uninassau requisitaram a antecipa\u00e7\u00e3o da formatura, com o objetivo de ingressar na linha de frente do combate \u00e0 pandemia da Covid-19. Tendo o pedido negado pela institui\u00e7\u00e3o de ensino, eles ingressaram com processos para ter o direito garantido, recebendo a resposta positiva na decis\u00e3o do desembargador Jones Figueiredo, do Tribunal de Justi\u00e7a de Pernambuco (TJPE). Ao todo, cerca de 25 alunos ainda seguem na batalha para conseguir o direito de ser m\u00e9dicos.<\/p>\n<p>Ap\u00f3s 12 semestres de uma ampla trajet\u00f3ria de estudos e noites de sono perdidas, o garanhuense Rubem Farias, de 30 anos, est\u00e1 entre os cinco estudantes que, nesta primeira etapa, conseguiram receber a documenta\u00e7\u00e3o. \u201cA sensa\u00e7\u00e3o \u00e9 de ter, finalmente, retirado um grande peso das costas. O nosso desejo, desde o come\u00e7o, foi de poder somar, contribuir com o nosso conhecimento para salvar vidas. Temos acompanhado o n\u00famero desesperador de casos da doen\u00e7a e tantas vidas perdidas. Esper\u00e1vamos que ter\u00edamos nosso pedido atendido sem precisar de todo esse desgaste\u201d, revela, lembrando que ingressou com a requisi\u00e7\u00e3o desde o in\u00edcio do ano, tendo procurado antes diversos setores da faculdade. \u201cS\u00f3 esbarrava em burocracia e respostas negativas\u201d, disse.<\/p>\n<p>Deixando para depois as grandes celebra\u00e7\u00f5es, como o baile de formatura e demais festas de comemora\u00e7\u00e3o, os estudantes se apegaram \u00e0 Lei 14.040, de agosto de 2020, aprovada pelo Senado para antecipar cola\u00e7\u00f5es de grau de estudantes de gradua\u00e7\u00e3o da \u00e1rea de sa\u00fade, em raz\u00e3o da pandemia do novo coronav\u00edrus. \u201cTivemos o pedido favor\u00e1vel aprovado pela Justi\u00e7a, inclusive prevendo multa di\u00e1ria. Mesmo assim, ficamos ainda sem resposta por bastante tempo. Foram dias de muita apreens\u00e3o, dos quais v\u00e1rios colegas ainda seguem\u201d, diz Rubem, que \u00e9 filho de uma artes\u00e3 e de um t\u00e9cnico em telecomunica\u00e7\u00f5es, passando ser o \u00fanico m\u00e9dico da fam\u00edlia. \u201cA alegria e o orgulho deles s\u00e3o enormes, o que me motiva a seguir. A sensa\u00e7\u00e3o \u00e9 de dever cumprido\u201d, refor\u00e7a.<\/p>\n<p>Deixando \u00e0 parte todo o imbr\u00f3glio para ter o diploma nas m\u00e3os, quem conseguiu se formar se prepara para encarar uma das maiores crises sanit\u00e1rias da hist\u00f3ria. Segundo o grupo de estudantes, grande parte ainda espera o chamado da institui\u00e7\u00e3o para dar andamento ao processo.<\/p>\n<p>Procurado pelo <strong>Diario<\/strong>, o Centro Universit\u00e1rio Maur\u00edcio de Nassau informou que tem cumprido todas as decis\u00f5es judiciais definitivas, em rela\u00e7\u00e3o \u00e0s cola\u00e7\u00f5es de grau antecipadas do curso de Medicina. No entanto, alegou n\u00e3o existir mais cobertura legal para que a pr\u00e1tica seja mantida, uma vez que a legisla\u00e7\u00e3o s\u00f3 teria efeito enquanto durasse o Decreto Legislativo n\u00ba 6, de 2020, com validade at\u00e9 o dia 31 de dezembro de 2020. Questionada sobre o acatamento para os demais alunos, a institui\u00e7\u00e3o disse apenas que os casos est\u00e3o sendo tratados em car\u00e1ter individual.<\/p>\n<p>Conforme o TJPE, os documentos apresentados pelos estudantes assinalam o cumprimento de 90,7% da carga hor\u00e1ria total prevista na grade curricular, entre disciplinas cursadas e atividades complementares obrigat\u00f3rias. Em rela\u00e7\u00e3o ao internato, destaca o \u00f3rg\u00e3o, foram demonstrados o cumprimento de cerca de 80% do total de horas necess\u00e1rias, enquadrando-se, portanto, na hip\u00f3tese de conclus\u00e3o antecipada. \u201cA quest\u00e3o encontra respaldo n\u00e3o s\u00f3 na Lei de Diretrizes e Bases do Minist\u00e9rio da Educa\u00e7\u00e3o, mas tamb\u00e9m na legisla\u00e7\u00e3o extraordin\u00e1ria correlata ao sistema de educa\u00e7\u00e3o em suas v\u00e1rias esferas, editada em socorro \u00e0 crise que assola o pa\u00eds\u201d, explica, em nota, o desembargador Jones Figueiredo. Segundo ele, que arbitrou multa di\u00e1ria de R$ 2 mil pelo descumprimento, apesar de a portaria do MEC estabelecer a antecipa\u00e7\u00e3o da cola\u00e7\u00e3o de grau para os alunos das institui\u00e7\u00f5es pertencentes ao sistema federal, incluindo tamb\u00e9m os cursos de enfermagem, farm\u00e1cia e fisioterapia, o fato n\u00e3o impede que a norma seja estendida a outras entidades privadas.<\/p>\n<p>Fonte: Diario de Pernambuco<\/p>\n","protected":false},"excerpt":{"rendered":"<p>Ap\u00f3s ver o sonho de exercer a medicina se transformar em uma batalha judicial, parte de um grupo de estudantes de uma faculdade particular do Recife conseguiu, nesta segunda-feira (22), a almejada cola\u00e7\u00e3o do curso. Ainda sem experi\u00eancia, mas com muita vontade de trabalhar, os alunos do \u00faltimo per\u00edodo da Uninassau requisitaram a antecipa\u00e7\u00e3o da [&hellip;]<\/p>\n","protected":false},"author":1,"featured_media":0,"comment_status":"open","ping_status":"open","sticky":false,"template":"","format":"standard","meta":{"ocean_post_layout":"","ocean_both_sidebars_style":"","ocean_both_sidebars_content_width":0,"ocean_both_sidebars_sidebars_width":0,"ocean_sidebar":"","ocean_second_sidebar":"","ocean_disable_margins":"enable","ocean_add_body_class":"","ocean_shortcode_before_top_bar":"","ocean_shortcode_after_top_bar":"","ocean_shortcode_before_header":"","ocean_shortcode_after_header":"","ocean_has_shortcode":"","ocean_shortcode_after_title":"","ocean_shortcode_before_footer_widgets":"","ocean_shortcode_after_footer_widgets":"","ocean_shortcode_before_footer_bottom":"","ocean_shortcode_after_footer_bottom":"","ocean_display_top_bar":"default","ocean_display_header":"default","ocean_header_style":"","ocean_center_header_left_menu":"","ocean_custom_header_template":"","ocean_custom_logo":0,"ocean_custom_retina_logo":0,"ocean_custom_logo_max_width":0,"ocean_custom_logo_tablet_max_width":0,"ocean_custom_logo_mobile_max_width":0,"ocean_custom_logo_max_height":0,"ocean_custom_logo_tablet_max_height":0,"ocean_custom_logo_mobile_max_height":0,"ocean_header_custom_menu":"","ocean_menu_typo_font_family":"","ocean_menu_typo_font_subset":"","ocean_menu_typo_font_size":0,"ocean_menu_typo_font_size_tablet":0,"ocean_menu_typo_font_size_mobile":0,"ocean_menu_typo_font_size_unit":"px","ocean_menu_typo_font_weight":"","ocean_menu_typo_font_weight_tablet":"","ocean_menu_typo_font_weight_mobile":"","ocean_menu_typo_transform":"","ocean_menu_typo_transform_tablet":"","ocean_menu_typo_transform_mobile":"","ocean_menu_typo_line_height":0,"ocean_menu_typo_line_height_tablet":0,"ocean_menu_typo_line_height_mobile":0,"ocean_menu_typo_line_height_unit":"","ocean_menu_typo_spacing":0,"ocean_menu_typo_spacing_tablet":0,"ocean_menu_typo_spacing_mobile":0,"ocean_menu_typo_spacing_unit":"","ocean_menu_link_color":"","ocean_menu_link_color_hover":"","ocean_menu_link_color_active":"","ocean_menu_link_background":"","ocean_menu_link_hover_background":"","ocean_menu_link_active_background":"","ocean_menu_social_links_bg":"","ocean_menu_social_hover_links_bg":"","ocean_menu_social_links_color":"","ocean_menu_social_hover_links_color":"","ocean_disable_title":"default","ocean_disable_heading":"default","ocean_post_title":"","ocean_post_subheading":"","ocean_post_title_style":"","ocean_post_title_background_color":"","ocean_post_title_background":0,"ocean_post_title_bg_image_position":"","ocean_post_title_bg_image_attachment":"","ocean_post_title_bg_image_repeat":"","ocean_post_title_bg_image_size":"","ocean_post_title_height":0,"ocean_post_title_bg_overlay":0.5,"ocean_post_title_bg_overlay_color":"","ocean_disable_breadcrumbs":"default","ocean_breadcrumbs_color":"","ocean_breadcrumbs_separator_color":"","ocean_breadcrumbs_links_color":"","ocean_breadcrumbs_links_hover_color":"","ocean_display_footer_widgets":"default","ocean_display_footer_bottom":"default","ocean_custom_footer_template":"","ocean_post_oembed":"","ocean_post_self_hosted_media":"","ocean_post_video_embed":"","ocean_link_format":"","ocean_link_format_target":"self","ocean_quote_format":"","ocean_quote_format_link":"post","ocean_gallery_link_images":"on","ocean_gallery_id":[]},"categories":[9],"tags":[1420,1490,82],"acf":[],"_links":{"self":[{"href":"https:\/\/www.simepe.com.br\/novo\/wp-json\/wp\/v2\/posts\/58689"}],"collection":[{"href":"https:\/\/www.simepe.com.br\/novo\/wp-json\/wp\/v2\/posts"}],"about":[{"href":"https:\/\/www.simepe.com.br\/novo\/wp-json\/wp\/v2\/types\/post"}],"author":[{"embeddable":true,"href":"https:\/\/www.simepe.com.br\/novo\/wp-json\/wp\/v2\/users\/1"}],"replies":[{"embeddable":true,"href":"https:\/\/www.simepe.com.br\/novo\/wp-json\/wp\/v2\/comments?post=58689"}],"version-history":[{"count":1,"href":"https:\/\/www.simepe.com.br\/novo\/wp-json\/wp\/v2\/posts\/58689\/revisions"}],"predecessor-version":[{"id":58690,"href":"https:\/\/www.simepe.com.br\/novo\/wp-json\/wp\/v2\/posts\/58689\/revisions\/58690"}],"wp:attachment":[{"href":"https:\/\/www.simepe.com.br\/novo\/wp-json\/wp\/v2\/media?parent=58689"}],"wp:term":[{"taxonomy":"category","embeddable":true,"href":"https:\/\/www.simepe.com.br\/novo\/wp-json\/wp\/v2\/categories?post=58689"},{"taxonomy":"post_tag","embeddable":true,"href":"https:\/\/www.simepe.com.br\/novo\/wp-json\/wp\/v2\/tags?post=58689"}],"curies":[{"name":"wp","href":"https:\/\/api.w.org\/{rel}","templated":true}]}}