{"id":58706,"date":"2021-03-25T13:18:05","date_gmt":"2021-03-25T16:18:05","guid":{"rendered":"https:\/\/www.simepe.com.br\/novo\/?p=58706"},"modified":"2021-03-25T13:18:05","modified_gmt":"2021-03-25T16:18:05","slug":"queiroga-anuncia-secretaria-de-combate-a-pandemia-e-fortalecimento-da-campanha-de-vacinacao-vamos-aplicar-1-milhao-de-vacinas-por-dia","status":"publish","type":"post","link":"https:\/\/www.simepe.com.br\/novo\/queiroga-anuncia-secretaria-de-combate-a-pandemia-e-fortalecimento-da-campanha-de-vacinacao-vamos-aplicar-1-milhao-de-vacinas-por-dia\/","title":{"rendered":"Queiroga anuncia secretaria de combate \u00e0 pandemia e fortalecimento da campanha de vacina\u00e7\u00e3o: \u201cVamos aplicar 1 milh\u00e3o de vacinas por dia\u201d"},"content":{"rendered":"<div class=\"documentDescription\"><em>Ministro da Sa\u00fade pediu uni\u00e3o entre os governos e apoio da popula\u00e7\u00e3o para enfrentamento da doen\u00e7a.<\/em><\/div>\n<div class=\"documentDescription\"><\/div>\n<div class=\"documentDescription\">ministro da Sa\u00fade, Marcelo Queiroga, anunciou, nesta quarta-feira (24\/03), a cria\u00e7\u00e3o de uma secretaria especial de combate \u00e0 pandemia e a acelera\u00e7\u00e3o da campanha de vacina\u00e7\u00e3o contra a covid-19 no Brasil. De acordo com o ministro, o foco \u00e9 monitorar de perto e de forma cont\u00ednua as a\u00e7\u00f5es de enfrentamento da doen\u00e7a em todos os setores e ampliar a capacidade di\u00e1ria de imuniza\u00e7\u00e3o no pa\u00eds.<\/p>\n<p>\u201cNosso pa\u00eds tem o Programa Nacional de Imuniza\u00e7\u00f5es (PNI), reconhecido mundialmente. Agora, com a pandemia, a determina\u00e7\u00e3o do presidente da Rep\u00fablica \u00e9 para ampliar o n\u00famero de vacinas. Hoje, aplicamos 300 mil por dia. O Minist\u00e9rio da Sa\u00fade assume o compromisso, a curto prazo, de aumentar em tr\u00eas vezes essa velocidade de vacina\u00e7\u00e3o para 1 milh\u00e3o de vacinas todos os dias. \u00c9 uma meta plaus\u00edvel\u201d, disse.<\/p>\n<p>Queiroga pediu a uni\u00e3o entre os governos federal, estaduais e municipais, al\u00e9m da colabora\u00e7\u00e3o da popula\u00e7\u00e3o brasileira para conter a circula\u00e7\u00e3o do coronav\u00edrus, com refor\u00e7o de medidas como uso de m\u00e1scara e higieniza\u00e7\u00e3o constante das m\u00e3os.<\/p>\n<p>\u201cA grande ferramenta para a concretude das coisas \u00e9 o SUS. Com essa ferramenta, junto com estados e munic\u00edpios, de maneira organizada, vamos continuar no enfrentamento dessa pandemia. Vamos buscar uma maneira disciplinada de organizar a movimenta\u00e7\u00e3o e o distanciamento social e construir um ambiente de harmonia para que a popula\u00e7\u00e3o possa contribuir com as autoridades sanit\u00e1rias. \u00c9 hora de gerar luz, n\u00e3o calor\u201d.<\/p>\n<p>M\u00e9dico cardiologista, o ministro assumiu o compromisso de monitorar de perto a assist\u00eancia \u00e0 sa\u00fade da popula\u00e7\u00e3o e os cuidados com os profissionais de sa\u00fade da linha de frente: \u201cEu vou visitar os hospitais para ver como podemos melhorar, habilitando leitos, dando melhores condi\u00e7\u00f5es aos profissionais de sa\u00fade, fazendo com que o Minist\u00e9rio da Sa\u00fade se fa\u00e7a presente e se mostre solid\u00e1rio com as pessoas e com os profissionais\u201d, explicou.<\/p>\n<p>Queiroga disse apostar na ci\u00eancia e no humanismo, citando investimentos em pesquisas e na autossufici\u00eancia na produ\u00e7\u00e3o de mat\u00e9ria-prima para a produ\u00e7\u00e3o total de vacinas covid-19 em territ\u00f3rio nacional &#8211; processo que j\u00e1 est\u00e1 em desenvolvimento em institui\u00e7\u00f5es p\u00fablicas como Fiocruz e Butantan.<\/p>\n<p>\u201cPe\u00e7o um voto de confian\u00e7a dos senhores. Vamos fazer uma forte parceria com institui\u00e7\u00f5es cient\u00edficas, com os conselhos federais de Medicina, Enfermagem, Fisioterapia, e demais profissionais. O Minist\u00e9rio da Sa\u00fade \u00e9 a casa de todos os profissionais de sa\u00fade\u201d, finalizou.<\/p><\/div>\n<div class=\"documentDescription\"><\/div>\n<div class=\"documentDescription\">Fonte: Minist\u00e9rio da Sa\u00fade<\/div>\n<div class=\"documentDescription\"><\/div>\n<div class=\"documentDescription\"><\/div>\n<div id=\"viewlet-above-content-body\"><\/div>\n","protected":false},"excerpt":{"rendered":"<p>Ministro da Sa\u00fade pediu uni\u00e3o entre os governos e apoio da popula\u00e7\u00e3o para enfrentamento da doen\u00e7a. ministro da Sa\u00fade, Marcelo Queiroga, anunciou, nesta quarta-feira (24\/03), a cria\u00e7\u00e3o de uma secretaria especial de combate \u00e0 pandemia e a acelera\u00e7\u00e3o da campanha de vacina\u00e7\u00e3o contra a covid-19 no Brasil. De acordo com o ministro, o foco \u00e9 [&hellip;]<\/p>\n","protected":false},"author":1,"featured_media":0,"comment_status":"open","ping_status":"open","sticky":false,"template":"","format":"standard","meta":{"ocean_post_layout":"","ocean_both_sidebars_style":"","ocean_both_sidebars_content_width":0,"ocean_both_sidebars_sidebars_width":0,"ocean_sidebar":"","ocean_second_sidebar":"","ocean_disable_margins":"enable","ocean_add_body_class":"","ocean_shortcode_before_top_bar":"","ocean_shortcode_after_top_bar":"","ocean_shortcode_before_header":"","ocean_shortcode_after_header":"","ocean_has_shortcode":"","ocean_shortcode_after_title":"","ocean_shortcode_before_footer_widgets":"","ocean_shortcode_after_footer_widgets":"","ocean_shortcode_before_footer_bottom":"","ocean_shortcode_after_footer_bottom":"","ocean_display_top_bar":"default","ocean_display_header":"default","ocean_header_style":"","ocean_center_header_left_menu":"","ocean_custom_header_template":"","ocean_custom_logo":0,"ocean_custom_retina_logo":0,"ocean_custom_logo_max_width":0,"ocean_custom_logo_tablet_max_width":0,"ocean_custom_logo_mobile_max_width":0,"ocean_custom_logo_max_height":0,"ocean_custom_logo_tablet_max_height":0,"ocean_custom_logo_mobile_max_height":0,"ocean_header_custom_menu":"","ocean_menu_typo_font_family":"","ocean_menu_typo_font_subset":"","ocean_menu_typo_font_size":0,"ocean_menu_typo_font_size_tablet":0,"ocean_menu_typo_font_size_mobile":0,"ocean_menu_typo_font_size_unit":"px","ocean_menu_typo_font_weight":"","ocean_menu_typo_font_weight_tablet":"","ocean_menu_typo_font_weight_mobile":"","ocean_menu_typo_transform":"","ocean_menu_typo_transform_tablet":"","ocean_menu_typo_transform_mobile":"","ocean_menu_typo_line_height":0,"ocean_menu_typo_line_height_tablet":0,"ocean_menu_typo_line_height_mobile":0,"ocean_menu_typo_line_height_unit":"","ocean_menu_typo_spacing":0,"ocean_menu_typo_spacing_tablet":0,"ocean_menu_typo_spacing_mobile":0,"ocean_menu_typo_spacing_unit":"","ocean_menu_link_color":"","ocean_menu_link_color_hover":"","ocean_menu_link_color_active":"","ocean_menu_link_background":"","ocean_menu_link_hover_background":"","ocean_menu_link_active_background":"","ocean_menu_social_links_bg":"","ocean_menu_social_hover_links_bg":"","ocean_menu_social_links_color":"","ocean_menu_social_hover_links_color":"","ocean_disable_title":"default","ocean_disable_heading":"default","ocean_post_title":"","ocean_post_subheading":"","ocean_post_title_style":"","ocean_post_title_background_color":"","ocean_post_title_background":0,"ocean_post_title_bg_image_position":"","ocean_post_title_bg_image_attachment":"","ocean_post_title_bg_image_repeat":"","ocean_post_title_bg_image_size":"","ocean_post_title_height":0,"ocean_post_title_bg_overlay":0.5,"ocean_post_title_bg_overlay_color":"","ocean_disable_breadcrumbs":"default","ocean_breadcrumbs_color":"","ocean_breadcrumbs_separator_color":"","ocean_breadcrumbs_links_color":"","ocean_breadcrumbs_links_hover_color":"","ocean_display_footer_widgets":"default","ocean_display_footer_bottom":"default","ocean_custom_footer_template":"","ocean_post_oembed":"","ocean_post_self_hosted_media":"","ocean_post_video_embed":"","ocean_link_format":"","ocean_link_format_target":"self","ocean_quote_format":"","ocean_quote_format_link":"post","ocean_gallery_link_images":"on","ocean_gallery_id":[]},"categories":[9],"tags":[1420,1490,82],"acf":[],"_links":{"self":[{"href":"https:\/\/www.simepe.com.br\/novo\/wp-json\/wp\/v2\/posts\/58706"}],"collection":[{"href":"https:\/\/www.simepe.com.br\/novo\/wp-json\/wp\/v2\/posts"}],"about":[{"href":"https:\/\/www.simepe.com.br\/novo\/wp-json\/wp\/v2\/types\/post"}],"author":[{"embeddable":true,"href":"https:\/\/www.simepe.com.br\/novo\/wp-json\/wp\/v2\/users\/1"}],"replies":[{"embeddable":true,"href":"https:\/\/www.simepe.com.br\/novo\/wp-json\/wp\/v2\/comments?post=58706"}],"version-history":[{"count":1,"href":"https:\/\/www.simepe.com.br\/novo\/wp-json\/wp\/v2\/posts\/58706\/revisions"}],"predecessor-version":[{"id":58707,"href":"https:\/\/www.simepe.com.br\/novo\/wp-json\/wp\/v2\/posts\/58706\/revisions\/58707"}],"wp:attachment":[{"href":"https:\/\/www.simepe.com.br\/novo\/wp-json\/wp\/v2\/media?parent=58706"}],"wp:term":[{"taxonomy":"category","embeddable":true,"href":"https:\/\/www.simepe.com.br\/novo\/wp-json\/wp\/v2\/categories?post=58706"},{"taxonomy":"post_tag","embeddable":true,"href":"https:\/\/www.simepe.com.br\/novo\/wp-json\/wp\/v2\/tags?post=58706"}],"curies":[{"name":"wp","href":"https:\/\/api.w.org\/{rel}","templated":true}]}}