{"id":58708,"date":"2021-03-25T13:22:33","date_gmt":"2021-03-25T16:22:33","guid":{"rendered":"https:\/\/www.simepe.com.br\/novo\/?p=58708"},"modified":"2021-03-25T13:22:33","modified_gmt":"2021-03-25T16:22:33","slug":"ministerio-da-saude-trabalha-em-acoes-para-ampliar-fornecimento-de-vacinas-leitos-medicamentos-e-oxigenio","status":"publish","type":"post","link":"https:\/\/www.simepe.com.br\/novo\/ministerio-da-saude-trabalha-em-acoes-para-ampliar-fornecimento-de-vacinas-leitos-medicamentos-e-oxigenio\/","title":{"rendered":"Minist\u00e9rio da Sa\u00fade trabalha em a\u00e7\u00f5es para ampliar fornecimento de vacinas, leitos, medicamentos e oxig\u00eanio"},"content":{"rendered":"<div class=\"documentDescription\"><em>Medidas tem como objetivo ampliar os cuidados e refor\u00e7ar a assist\u00eancia a todos os brasileiros que buscam atendimento no SUS.<\/em><\/div>\n<div id=\"viewlet-above-content-body\"><\/div>\n<div>\n<p>Atento e preocupado com a situa\u00e7\u00e3o do avan\u00e7o de casos de covid-19 no Brasil, o Minist\u00e9rio da Sa\u00fade tem atuado em diversas frentes, incansavelmente, para garantir a assist\u00eancia necess\u00e1ria a todos os estados e munic\u00edpios. A pasta vem trabalhando na amplia\u00e7\u00e3o do leque de vacinas contra a doen\u00e7a, al\u00e9m de coordenar a distribui\u00e7\u00e3o de doses para todo os estados e Distrito Federal, avan\u00e7ando cada dia mais na campanha nacional de imuniza\u00e7\u00e3o.<\/p>\n<p>Al\u00e9m disso, o Governo Federal est\u00e1 investido no pagamento de leitos de UTI e monitorando, constantemente, a disponibilidade de medicamentos e de oxig\u00eanio para pacientes com coronav\u00edrus em parceria com \u00f3rg\u00e3os federais, estaduais e municipais, al\u00e9m do setor privado.<\/p>\n<p>Confira, abaixo, as principais a\u00e7\u00f5es tomadas pela pasta nos \u00faltimos dias para refor\u00e7ar o SUS e o cuidado ao povo brasileiro na rede p\u00fablica de sa\u00fade durante a pandemia:<\/p>\n<p><b>LEITOS<\/b><\/p>\n<p>Apesar de estados e munic\u00edpios terem autonomia para criar e habilitar os leitos necess\u00e1rios, o Minist\u00e9rio da Sa\u00fade, em decorr\u00eancia do atual cen\u00e1rio de emerg\u00eancia, disponibiliza recursos financeiros e aux\u00edlio t\u00e9cnico para o enfrentamento da doen\u00e7a. Neste ano, seis portarias, publicadas no Di\u00e1rio Oficial da Uni\u00e3o (DOU), autorizaram 11.580 mil leitos de UTI Adulto e Pedi\u00e1trico Covid-19 em todo o pa\u00eds. O investimento total \u00e9 de R$ 553,7 milh\u00f5es.<\/p>\n<p>O pedido de autoriza\u00e7\u00e3o para o custeio dos leitos Covid-19 \u00e9 feito pelas secretarias estaduais e municipais de sa\u00fade, que garantem a estrutura necess\u00e1ria para o funcionamento dessas unidades. Entre os aspectos observados nas solicita\u00e7\u00f5es de autoriza\u00e7\u00e3o est\u00e3o a curva epidemiol\u00f3gica do coronav\u00edrus na regi\u00e3o, a estrutura para manuten\u00e7\u00e3o e funcionamento da unidade intensiva e corpo cl\u00ednico para atua\u00e7\u00e3o em UTI.<\/p>\n<p><b>OXIG\u00caNIO<\/b><\/p>\n<p>O Minist\u00e9rio da Sa\u00fade est\u00e1 colocando em pr\u00e1tica o Plano Oxig\u00eanio Brasil, com o objetivo de dar suporte para estados, munic\u00edpios e Distrito Federal no abastecimento de oxig\u00eanio medicinal durante a pandemia da Covid-19. O monitoramento da demanda do produto \u00e9 realizado de forma constante pela pasta, que vem trabalhando de forma conjunta com os Minist\u00e9rios da Economia e da Defesa, com a Ag\u00eancia Nacional de Vigil\u00e2ncia Sanit\u00e1ria (Anvisa), al\u00e9m de empresas fornecedoras, para otimizar as entregas em todo o pa\u00eds.<\/p>\n<p>Na \u00faltima sexta-feira (19\/03), a pasta se reuniu com os cinco maiores fornecedores de oxig\u00eanio do pa\u00eds em busca de solu\u00e7\u00f5es para diminuir o risco de desabastecimento no pa\u00eds. At\u00e9 o momento, foram enviados 120 concentradores de oxig\u00eanio de Manaus para Rio Grande do Norte e Rond\u00f4nia; 200 cilindros de oxig\u00eanio de Manaus para o Paran\u00e1; duas usinas de oxig\u00eanio de Manaus para Santa Catarina, 1 para o Acre e 1 para Rond\u00f4nia.<\/p>\n<p>Al\u00e9m disso, a pasta fez requisi\u00e7\u00e3o de cilindros de oxig\u00eanio cheios, a serem enviados a estados, com apoio da Defesa, entre os dias 22 e 26 de mar\u00e7o: 400 cilindros para Rond\u00f4nia; 240 cilindros para Acre; 160 cilindros para Rio Grande do Norte; 100 cilindros para Cear\u00e1; 100 cilindros para Regi\u00e3o Sul.<\/p>\n<p>O estado de Rond\u00f4nia tamb\u00e9m est\u00e1 sendo abastecido com oxig\u00eanio em isotanques de Manaus para Porto Velho, em voos di\u00e1rios da For\u00e7a A\u00e9rea Brasileira \u2013 a quantidade do produto requisitada pelo Minist\u00e9rio da Sa\u00fade dobrou, passando de 80 mil metros c\u00fabicos para 160 mil metros c\u00fabicos\/m\u00eas.<\/p>\n<p>O Minist\u00e9rio da Sa\u00fade tamb\u00e9m est\u00e1 adquirindo concentradores de oxig\u00eanio na China e nos Estados Unidos, com apoio da iniciativa privada, com previs\u00e3o de chegada na primeira semana de abril. Al\u00e9m disso, est\u00e1 apoiando a requisi\u00e7\u00e3o, o transporte e a instala\u00e7\u00e3o de mini usinas de oxig\u00eanio \u2013 duas j\u00e1 foram enviadas do Rio de Janeiro para o Amap\u00e1 e j\u00e1 est\u00e3o em funcionamento.<\/p>\n<p><b>MEDICAMENTOS DE INTUBA\u00c7\u00c3O<\/b><\/p>\n<p>De forma inovadora e proativa, o Minist\u00e9rio da Sa\u00fade monitora semanalmente a disponibilidade de medicamentos de intuba\u00e7\u00e3o orotraqueal (IOT) no Brasil, enviando informa\u00e7\u00f5es da ind\u00fastria e de distribuidores para que estados e Distrito Federal possam realizar a compra dos medicamentos. A a\u00e7\u00e3o \u00e9 feita em parceria com Conass, Conasems e Anvisa, que monitoram, respectivamente, o consumo m\u00e9dio mensal de estados e munic\u00edpios e a produ\u00e7\u00e3o e a venda dos fabricantes no pa\u00eds.<\/p>\n<p>Nos \u00faltimos dias, a pasta vem coordenando estrat\u00e9gias para evitar o desabastecimento no pa\u00eds. Entre as a\u00e7\u00f5es, est\u00e3o a requisi\u00e7\u00e3o administrativa de 660 mil medicamentos junto \u00e0s ind\u00fastrias e a entrega de mais de 2,8 milh\u00f5es de unidades de medicamentos em parceria com duas empresas fabricantes, ap\u00f3s reuni\u00f5es realizadas entre a pasta e representantes dos laborat\u00f3rios fornecedores, permitindo que os medicamentos estejam nos estabelecimentos de sa\u00fade em menos de 72 horas.<\/p>\n<p>Nesta ter\u00e7a-feira (23\/03), come\u00e7aram as entregas, para todo o pa\u00eds, de 1.260.000 unidades de medicamentos de IOT pela empresa Crist\u00e1lia, 212 mil ampolas pela empresa Eurofarma e 1.400.000 unidades pela empresa Uni\u00e3o Qu\u00edmica. Al\u00e9m disso, o Minist\u00e9rio da Sa\u00fade trabalha com aquisi\u00e7\u00f5es internacionais de medicamentos, via Organiza\u00e7\u00e3o Pan-Americana da Sa\u00fade (OPAS) e preg\u00f5es eletr\u00f4nicos nacionais, possibilitando a ades\u00e3o dos estados.<\/p>\n<p><b>VACINA\u00c7\u00c3O<\/b><\/p>\n<p>O Minist\u00e9rio da Sa\u00fade j\u00e1 coordenou nove pautas de distribui\u00e7\u00e3o de vacinas contra a Covid-19 aos estados e Distrito Federal &#8211; cabe \u00e0s Unidades Federativas (UFs) levar as doses aos munic\u00edpios que, por sua vez, s\u00e3o respons\u00e1veis pela vacina\u00e7\u00e3o na ponta. Em mar\u00e7o, os lotes de vacinas est\u00e3o sendo enviados semanalmente pela pasta, ap\u00f3s a regulariza\u00e7\u00e3o das entregas da vacina Coronavac, produzida pelo Instituto Butantan, e da libera\u00e7\u00e3o dos primeiros lotes da vacina da AstraZeneca\/Oxford, fabricada no Brasil pela Funda\u00e7\u00e3o Oswaldo Cruz (Fiocruz) &#8211; as duas vacinas ainda dependem de mat\u00e9ria-prima importada da China para serem produzidas no Pa\u00eds.<\/p>\n<p>A importa\u00e7\u00e3o de vacinas tamb\u00e9m refor\u00e7a a campanha de vacina\u00e7\u00e3o: no \u00faltimo domingo (21\/03), mais de 1 milh\u00e3o de doses da AstraZeneca\/Oxford, importadas da Coreia do Sul, chegaram ao Brasil, marcando a entrega do primeiro lote de vacinas do cons\u00f3rcio global Covax Facility &#8211; at\u00e9 o fim do ano, o contrato prev\u00ea um total de 42,5 milh\u00f5es de doses. Al\u00e9m disso, j\u00e1 chegaram ao pa\u00eds no in\u00edcio do ano 4 milh\u00f5es de doses da AstraZeneca\/Oxford, compradas junto ao instituto indiano Serum &#8211; mais 8 milh\u00f5es de doses do mesmo fornecedor s\u00e3o aguardadas para os pr\u00f3ximos meses.<\/p>\n<p>Recentemente, o Minist\u00e9rio da Sa\u00fade fechou a negocia\u00e7\u00e3o com os laborat\u00f3rios Pfizer, Janssen, Precisa\/Bharat Biotech e Uni\u00e3o Qu\u00edmica\/Gamaleya, garantindo mais 168 milh\u00f5es de doses importadas. No total, os acordos feitos pelo Governo Federal com sete laborat\u00f3rios diferentes garantem a entrega de mais de 562 milh\u00f5es de doses de vacinas at\u00e9 o fim de 2021 &#8211; n\u00famero suficiente para imunizar toda a popula\u00e7\u00e3o brasileira vacin\u00e1vel ainda neste ano.<\/p>\n<p>Desde o dia 19 de janeiro, in\u00edcio da campanha nacional de imuniza\u00e7\u00e3o, o Minist\u00e9rio da Sa\u00fade j\u00e1 distribuiu mais de 29,9 milh\u00f5es de doses de vacinas, garantindo a imuniza\u00e7\u00e3o completa dos primeiros grupos priorit\u00e1rios na ordem estabelecida pelo Plano Nacional de Operacionaliza\u00e7\u00e3o da Vacina\u00e7\u00e3o contra a Covid-19 (PNO):<\/p>\n<p>\u2022\u00a0\u00a0\u00a0\u00a0\u00a0\u00a0\u00a0 pessoas com 60 anos ou mais institucionalizadas;<\/p>\n<p>\u2022\u00a0\u00a0\u00a0\u00a0\u00a0\u00a0\u00a0 pessoas a partir de 18 anos com defici\u00eancia e institucionalizadas;<\/p>\n<p>\u2022\u00a0\u00a0\u00a0\u00a0\u00a0\u00a0\u00a0 povos ind\u00edgenas vivendo em terras ind\u00edgenas com 18 anos ou mais atendidos pelo Subsistema de Aten\u00e7\u00e3o \u00e0 Sa\u00fade Ind\u00edgena;<\/p>\n<p>\u2022\u00a0\u00a0\u00a0\u00a0\u00a0\u00a0\u00a0 povos e comunidades tradicionais ribeirinhas;<\/p>\n<p>\u2022\u00a0\u00a0\u00a0\u00a0\u00a0\u00a0\u00a0 idosos entre 75 e 90 anos.<\/p>\n<p>&nbsp;<\/p>\n<p>As remessas tamb\u00e9m j\u00e1 alcan\u00e7aram a vacina\u00e7\u00e3o de quase todos os trabalhadores da sa\u00fade (95%) e idosos entre 70 e 74 anos (78%), al\u00e9m de mais da metade dos povos e comunidades tradicionais quilombolas (63%).<\/p>\n<p>Fonte: Minist\u00e9rio da Sa\u00fade<\/p>\n<\/div>\n","protected":false},"excerpt":{"rendered":"<p>Medidas tem como objetivo ampliar os cuidados e refor\u00e7ar a assist\u00eancia a todos os brasileiros que buscam atendimento no SUS. Atento e preocupado com a situa\u00e7\u00e3o do avan\u00e7o de casos de covid-19 no Brasil, o Minist\u00e9rio da Sa\u00fade tem atuado em diversas frentes, incansavelmente, para garantir a assist\u00eancia necess\u00e1ria a todos os estados e munic\u00edpios. [&hellip;]<\/p>\n","protected":false},"author":1,"featured_media":0,"comment_status":"open","ping_status":"open","sticky":false,"template":"","format":"standard","meta":{"ocean_post_layout":"","ocean_both_sidebars_style":"","ocean_both_sidebars_content_width":0,"ocean_both_sidebars_sidebars_width":0,"ocean_sidebar":"","ocean_second_sidebar":"","ocean_disable_margins":"enable","ocean_add_body_class":"","ocean_shortcode_before_top_bar":"","ocean_shortcode_after_top_bar":"","ocean_shortcode_before_header":"","ocean_shortcode_after_header":"","ocean_has_shortcode":"","ocean_shortcode_after_title":"","ocean_shortcode_before_footer_widgets":"","ocean_shortcode_after_footer_widgets":"","ocean_shortcode_before_footer_bottom":"","ocean_shortcode_after_footer_bottom":"","ocean_display_top_bar":"default","ocean_display_header":"default","ocean_header_style":"","ocean_center_header_left_menu":"","ocean_custom_header_template":"","ocean_custom_logo":0,"ocean_custom_retina_logo":0,"ocean_custom_logo_max_width":0,"ocean_custom_logo_tablet_max_width":0,"ocean_custom_logo_mobile_max_width":0,"ocean_custom_logo_max_height":0,"ocean_custom_logo_tablet_max_height":0,"ocean_custom_logo_mobile_max_height":0,"ocean_header_custom_menu":"","ocean_menu_typo_font_family":"","ocean_menu_typo_font_subset":"","ocean_menu_typo_font_size":0,"ocean_menu_typo_font_size_tablet":0,"ocean_menu_typo_font_size_mobile":0,"ocean_menu_typo_font_size_unit":"px","ocean_menu_typo_font_weight":"","ocean_menu_typo_font_weight_tablet":"","ocean_menu_typo_font_weight_mobile":"","ocean_menu_typo_transform":"","ocean_menu_typo_transform_tablet":"","ocean_menu_typo_transform_mobile":"","ocean_menu_typo_line_height":0,"ocean_menu_typo_line_height_tablet":0,"ocean_menu_typo_line_height_mobile":0,"ocean_menu_typo_line_height_unit":"","ocean_menu_typo_spacing":0,"ocean_menu_typo_spacing_tablet":0,"ocean_menu_typo_spacing_mobile":0,"ocean_menu_typo_spacing_unit":"","ocean_menu_link_color":"","ocean_menu_link_color_hover":"","ocean_menu_link_color_active":"","ocean_menu_link_background":"","ocean_menu_link_hover_background":"","ocean_menu_link_active_background":"","ocean_menu_social_links_bg":"","ocean_menu_social_hover_links_bg":"","ocean_menu_social_links_color":"","ocean_menu_social_hover_links_color":"","ocean_disable_title":"default","ocean_disable_heading":"default","ocean_post_title":"","ocean_post_subheading":"","ocean_post_title_style":"","ocean_post_title_background_color":"","ocean_post_title_background":0,"ocean_post_title_bg_image_position":"","ocean_post_title_bg_image_attachment":"","ocean_post_title_bg_image_repeat":"","ocean_post_title_bg_image_size":"","ocean_post_title_height":0,"ocean_post_title_bg_overlay":0.5,"ocean_post_title_bg_overlay_color":"","ocean_disable_breadcrumbs":"default","ocean_breadcrumbs_color":"","ocean_breadcrumbs_separator_color":"","ocean_breadcrumbs_links_color":"","ocean_breadcrumbs_links_hover_color":"","ocean_display_footer_widgets":"default","ocean_display_footer_bottom":"default","ocean_custom_footer_template":"","ocean_post_oembed":"","ocean_post_self_hosted_media":"","ocean_post_video_embed":"","ocean_link_format":"","ocean_link_format_target":"self","ocean_quote_format":"","ocean_quote_format_link":"post","ocean_gallery_link_images":"on","ocean_gallery_id":[]},"categories":[9],"tags":[1420,1490,82,474],"acf":[],"_links":{"self":[{"href":"https:\/\/www.simepe.com.br\/novo\/wp-json\/wp\/v2\/posts\/58708"}],"collection":[{"href":"https:\/\/www.simepe.com.br\/novo\/wp-json\/wp\/v2\/posts"}],"about":[{"href":"https:\/\/www.simepe.com.br\/novo\/wp-json\/wp\/v2\/types\/post"}],"author":[{"embeddable":true,"href":"https:\/\/www.simepe.com.br\/novo\/wp-json\/wp\/v2\/users\/1"}],"replies":[{"embeddable":true,"href":"https:\/\/www.simepe.com.br\/novo\/wp-json\/wp\/v2\/comments?post=58708"}],"version-history":[{"count":1,"href":"https:\/\/www.simepe.com.br\/novo\/wp-json\/wp\/v2\/posts\/58708\/revisions"}],"predecessor-version":[{"id":58709,"href":"https:\/\/www.simepe.com.br\/novo\/wp-json\/wp\/v2\/posts\/58708\/revisions\/58709"}],"wp:attachment":[{"href":"https:\/\/www.simepe.com.br\/novo\/wp-json\/wp\/v2\/media?parent=58708"}],"wp:term":[{"taxonomy":"category","embeddable":true,"href":"https:\/\/www.simepe.com.br\/novo\/wp-json\/wp\/v2\/categories?post=58708"},{"taxonomy":"post_tag","embeddable":true,"href":"https:\/\/www.simepe.com.br\/novo\/wp-json\/wp\/v2\/tags?post=58708"}],"curies":[{"name":"wp","href":"https:\/\/api.w.org\/{rel}","templated":true}]}}