{"id":58714,"date":"2021-03-25T14:01:13","date_gmt":"2021-03-25T17:01:13","guid":{"rendered":"https:\/\/www.simepe.com.br\/novo\/?p=58714"},"modified":"2021-03-25T14:01:13","modified_gmt":"2021-03-25T17:01:13","slug":"pernambuco-confirma-cinco-casos-da-variante-p-1-do-coronavirus-mostra-estudo-da-fiocruz","status":"publish","type":"post","link":"https:\/\/www.simepe.com.br\/novo\/pernambuco-confirma-cinco-casos-da-variante-p-1-do-coronavirus-mostra-estudo-da-fiocruz\/","title":{"rendered":"Pernambuco confirma cinco casos da variante P.1 do coronav\u00edrus, mostra estudo da Fiocruz"},"content":{"rendered":"<p><em>Resultados positivos para a variante foram identificados em quatro mulheres e um homem, com idades entre 21 e 70 anos.<\/em><\/p>\n<p>Cinco amostras biol\u00f3gicas de pernambucanos com Covid-19 tiveram resultados confirmados para a variante P.1, origin\u00e1ria do Amazonas. O resultado do sequenciamento gen\u00e9tico foi divulgado nesta quinta-feira (25) pela Funda\u00e7\u00e3o Oswaldo Cruz (Fiocruz).<\/p>\n<p>O trabalho foi realizado pelo Instituto Aggeu Magalh\u00e3es, vinculado \u00e0 Fiocruz no Estado. Os resultados positivos para a variante foram identificados em quatro mulheres e um homem, com idades entre 21 e 70 anos.<\/p>\n<p>De acordo com a Fiocruz, os pacientes s\u00e3o residentes do Recife (3), Jaboat\u00e3o dos Guararapes (1) e Petrolina (1). Todos adoeceram entre janeiro e mar\u00e7o deste ano.<\/p>\n<p>Ao todo, foram submetidas 90 amostras a pedido da Secretaria Estadual de Sa\u00fade (SES-PE). No entanto, apenas 45 tiveram condi\u00e7\u00f5es de finaliza\u00e7\u00e3o do processo.<\/p>\n<p>Das 90, 80 foram encaminhadas ao Aggeu Magalh\u00e3es pelo Laborat\u00f3rio Central de Sa\u00fade P\u00fablica de Pernambuco (Lacen-PE). As amostras foram escolhidas de forma aleat\u00f3ria e contemplando todas as regi\u00f5es do Estado. Outras dez foram de funcion\u00e1rios do pr\u00f3prio instituto.<\/p>\n<p>Todo o trabalho foi feito no laborat\u00f3rio de n\u00edvel de biosseguran\u00e7a 3 (NB3) e na central de sequenciamento dessa unidade da Fiocruz. O processo para preparo das amostras, extra\u00e7\u00e3o do RNA e posterior sequenciamento e an\u00e1lise dos dados leva, em m\u00e9dia, duas semanas.<\/p>\n<p>&#8220;Nosso resultado corrobora que a variante P.1 \u00e9 a que domina a pandemia em Pernambuco, conforme j\u00e1 havia sido apontado em comunicado t\u00e9cnico do Observat\u00f3rio Covid-19 da Fiocruz. At\u00e9 o momento, analisamos poucas sequ\u00eancias dos meses de fevereiro e mar\u00e7o, por\u00e9m esse trabalho prossegue e aumentar\u00e1 o volume de informa\u00e7\u00f5es dispon\u00edveis&#8221;, destaca o pesquisador da Fiocruz Pernambuco\u00a0Gabriel Wallau.<\/p>\n<p>J\u00e1 o secret\u00e1rio estadual de Sa\u00fade, Andr\u00e9 Longo, diz que esse achado cient\u00edfica era esperado pela circula\u00e7\u00e3o da P.1 em diversos estados e a constante circula\u00e7\u00e3o de pessoas em Pernambuco.<\/p>\n<p>&#8220;\u00c9 importante ter essa confirma\u00e7\u00e3o, mas nosso trabalho contra a Covid-19 continua sendo atrav\u00e9s do uso correto da m\u00e1scara, da higieniza\u00e7\u00e3o das m\u00e3os e do distanciamento e isolamento social, al\u00e9m da vacina\u00e7\u00e3o. S\u00f3 com o seguimento correto de todas as medidas sanit\u00e1rias conseguiremos superar essa grave crise de sa\u00fade p\u00fablica e evitar ainda mais mortes de entes queridos&#8221;, afirmou.<\/p>\n<p><big><strong>Hist\u00f3rico<\/strong><\/big><br \/>\nAl\u00e9m das amostras com resultados confirmados nesta quinta, o Aggeu Magalh\u00e3es havia identificado dois casos da P.1 em pacientes de Manaus que vieram receber atendimento hospitalar em Pernambuco.<\/p>\n<p>Na \u00e9poca, foram analisadas 44 amostras biol\u00f3gicas que tinham confirma\u00e7\u00e3o para a Covid-19. Desse total, quatro eram de pacientes do Amazonas e duas foram confirmadas com a nova variante.<\/p>\n<p>Outras 36 &#8211; todas negativas para a P.1, mas com outras linhagens que circulavam previamente do Brasil &#8211; foram escolhidas de forma aleat\u00f3ria e contemplaram pernambucanos de todas as 12 Ger\u00eancias Regionais de Sa\u00fade (Geres), inclusive do arquip\u00e9lago de Fernando de Noronha.<\/p>\n<p>Em outras quatro, tamb\u00e9m de pernambucanos, n\u00e3o foi poss\u00edvel realizar o trabalho devido \u00e0s condi\u00e7\u00f5es das amostras.<\/p>\n<p>Fonte: Folha de Pernambuco<\/p>\n","protected":false},"excerpt":{"rendered":"<p>Resultados positivos para a variante foram identificados em quatro mulheres e um homem, com idades entre 21 e 70 anos. Cinco amostras biol\u00f3gicas de pernambucanos com Covid-19 tiveram resultados confirmados para a variante P.1, origin\u00e1ria do Amazonas. O resultado do sequenciamento gen\u00e9tico foi divulgado nesta quinta-feira (25) pela Funda\u00e7\u00e3o Oswaldo Cruz (Fiocruz). O trabalho foi [&hellip;]<\/p>\n","protected":false},"author":1,"featured_media":0,"comment_status":"open","ping_status":"open","sticky":false,"template":"","format":"standard","meta":{"ocean_post_layout":"","ocean_both_sidebars_style":"","ocean_both_sidebars_content_width":0,"ocean_both_sidebars_sidebars_width":0,"ocean_sidebar":"","ocean_second_sidebar":"","ocean_disable_margins":"enable","ocean_add_body_class":"","ocean_shortcode_before_top_bar":"","ocean_shortcode_after_top_bar":"","ocean_shortcode_before_header":"","ocean_shortcode_after_header":"","ocean_has_shortcode":"","ocean_shortcode_after_title":"","ocean_shortcode_before_footer_widgets":"","ocean_shortcode_after_footer_widgets":"","ocean_shortcode_before_footer_bottom":"","ocean_shortcode_after_footer_bottom":"","ocean_display_top_bar":"default","ocean_display_header":"default","ocean_header_style":"","ocean_center_header_left_menu":"","ocean_custom_header_template":"","ocean_custom_logo":0,"ocean_custom_retina_logo":0,"ocean_custom_logo_max_width":0,"ocean_custom_logo_tablet_max_width":0,"ocean_custom_logo_mobile_max_width":0,"ocean_custom_logo_max_height":0,"ocean_custom_logo_tablet_max_height":0,"ocean_custom_logo_mobile_max_height":0,"ocean_header_custom_menu":"","ocean_menu_typo_font_family":"","ocean_menu_typo_font_subset":"","ocean_menu_typo_font_size":0,"ocean_menu_typo_font_size_tablet":0,"ocean_menu_typo_font_size_mobile":0,"ocean_menu_typo_font_size_unit":"px","ocean_menu_typo_font_weight":"","ocean_menu_typo_font_weight_tablet":"","ocean_menu_typo_font_weight_mobile":"","ocean_menu_typo_transform":"","ocean_menu_typo_transform_tablet":"","ocean_menu_typo_transform_mobile":"","ocean_menu_typo_line_height":0,"ocean_menu_typo_line_height_tablet":0,"ocean_menu_typo_line_height_mobile":0,"ocean_menu_typo_line_height_unit":"","ocean_menu_typo_spacing":0,"ocean_menu_typo_spacing_tablet":0,"ocean_menu_typo_spacing_mobile":0,"ocean_menu_typo_spacing_unit":"","ocean_menu_link_color":"","ocean_menu_link_color_hover":"","ocean_menu_link_color_active":"","ocean_menu_link_background":"","ocean_menu_link_hover_background":"","ocean_menu_link_active_background":"","ocean_menu_social_links_bg":"","ocean_menu_social_hover_links_bg":"","ocean_menu_social_links_color":"","ocean_menu_social_hover_links_color":"","ocean_disable_title":"default","ocean_disable_heading":"default","ocean_post_title":"","ocean_post_subheading":"","ocean_post_title_style":"","ocean_post_title_background_color":"","ocean_post_title_background":0,"ocean_post_title_bg_image_position":"","ocean_post_title_bg_image_attachment":"","ocean_post_title_bg_image_repeat":"","ocean_post_title_bg_image_size":"","ocean_post_title_height":0,"ocean_post_title_bg_overlay":0.5,"ocean_post_title_bg_overlay_color":"","ocean_disable_breadcrumbs":"default","ocean_breadcrumbs_color":"","ocean_breadcrumbs_separator_color":"","ocean_breadcrumbs_links_color":"","ocean_breadcrumbs_links_hover_color":"","ocean_display_footer_widgets":"default","ocean_display_footer_bottom":"default","ocean_custom_footer_template":"","ocean_post_oembed":"","ocean_post_self_hosted_media":"","ocean_post_video_embed":"","ocean_link_format":"","ocean_link_format_target":"self","ocean_quote_format":"","ocean_quote_format_link":"post","ocean_gallery_link_images":"on","ocean_gallery_id":[]},"categories":[9],"tags":[1420,1490,82],"acf":[],"_links":{"self":[{"href":"https:\/\/www.simepe.com.br\/novo\/wp-json\/wp\/v2\/posts\/58714"}],"collection":[{"href":"https:\/\/www.simepe.com.br\/novo\/wp-json\/wp\/v2\/posts"}],"about":[{"href":"https:\/\/www.simepe.com.br\/novo\/wp-json\/wp\/v2\/types\/post"}],"author":[{"embeddable":true,"href":"https:\/\/www.simepe.com.br\/novo\/wp-json\/wp\/v2\/users\/1"}],"replies":[{"embeddable":true,"href":"https:\/\/www.simepe.com.br\/novo\/wp-json\/wp\/v2\/comments?post=58714"}],"version-history":[{"count":1,"href":"https:\/\/www.simepe.com.br\/novo\/wp-json\/wp\/v2\/posts\/58714\/revisions"}],"predecessor-version":[{"id":58715,"href":"https:\/\/www.simepe.com.br\/novo\/wp-json\/wp\/v2\/posts\/58714\/revisions\/58715"}],"wp:attachment":[{"href":"https:\/\/www.simepe.com.br\/novo\/wp-json\/wp\/v2\/media?parent=58714"}],"wp:term":[{"taxonomy":"category","embeddable":true,"href":"https:\/\/www.simepe.com.br\/novo\/wp-json\/wp\/v2\/categories?post=58714"},{"taxonomy":"post_tag","embeddable":true,"href":"https:\/\/www.simepe.com.br\/novo\/wp-json\/wp\/v2\/tags?post=58714"}],"curies":[{"name":"wp","href":"https:\/\/api.w.org\/{rel}","templated":true}]}}